{"id":188462,"date":"2025-06-19T13:04:16","date_gmt":"2025-06-19T13:04:16","guid":{"rendered":"https:\/\/www.europesays.com\/fr\/188462\/"},"modified":"2025-06-19T13:04:16","modified_gmt":"2025-06-19T13:04:16","slug":"meteo-des-temperatures-caniculaires-arrivent-en-isere-lalerte-declenchee-a-quoi-sattendre","status":"publish","type":"post","link":"https:\/\/www.europesays.com\/fr\/188462\/","title":{"rendered":"M\u00e9t\u00e9o. Des temp\u00e9ratures caniculaires arrivent en Is\u00e8re, l&rsquo;alerte d\u00e9clench\u00e9e : \u00e0 quoi s&rsquo;attendre"},"content":{"rendered":"<p>            Par<br \/>\n        <strong><br \/>\n            <a href=\"https:\/\/actu.fr\/auteur\/julien-sournies\" title=\"Consulter tous les articles de Julien Sournies\" rel=\"nofollow noopener\" target=\"_blank\">Julien Sournies<\/a><br \/>\n        <\/strong><\/p>\n<p>        Publi\u00e9 le<\/p>\n<p>            19 juin 2025 \u00e0 11h28        <\/p>\n<p>M\u00eame si elle n\u2019a pas encore officiellement d\u00e9but\u00e9, la saison estivale est d\u00e9sormais lanc\u00e9e. Alors que le thermom\u00e8tre affiche des temp\u00e9ratures bien au-del\u00e0 des normales de saison ces derniers jours, le mercure va <strong>continuer d\u2019augmenter<\/strong> d\u2019ici la fin de la semaine.<\/p>\n<p class=\" wall-content\">\u00c0 ce propos, <a href=\"https:\/\/actu.fr\/tag\/meteo-france\" rel=\"nofollow noopener\" target=\"_blank\">M\u00e9t\u00e9o-France<\/a> a plac\u00e9 une <a href=\"https:\/\/actu.fr\/meteo\/canicule-meteo-france-place-deja-une-grosse-vingtaine-de-departements-en-vigilance-ce-jeudi-les-previsions_62790875.html\" rel=\"nofollow noopener\" target=\"_blank\">vingtaine de d\u00e9partements<\/a>, dont figure celui de l\u2019<a href=\"https:\/\/actu.fr\/auvergne-rhone-alpes\/isere_38\" rel=\"nofollow noopener\" target=\"_blank\">Is\u00e8re<\/a>, en vigilance jaune canicule \u00e0 compter de midi ce jeudi 19\u00a0juin 2025.<\/p>\n<p class=\" wall-content\">Voici \u00e0 quoi s\u2019attendre et les endroits o\u00f9 \u00e7a va le plus chauffer.<\/p>\n<p>Une chaleur \u00e9crasante dans les prochains jours en Is\u00e8re<\/p>\n<p class=\" wall-content\">Alors que des <strong>risques d\u2019orages<\/strong> planent sur Le Bourg-d\u2019Oisans et Valjouffrey, le reste du d\u00e9partement is\u00e9rois sera surplomb\u00e9 par un grand soleil ce jeudi apr\u00e8s-midi. C\u00f4t\u00e9 temp\u00e9ratures, il fera tr\u00e8s chaud\u2009: <strong>35\u00b0C<\/strong> sont attendus \u00e0 <a href=\"https:\/\/actu.fr\/grenoble\/\" rel=\"nofollow noopener\" target=\"_blank\">Grenoble<\/a>, Voiron ou encore plus au nord, \u00e0 Vienne, \u00e0 la fronti\u00e8re du Rh\u00f4ne.<\/p>\n<p class=\" wall-content\">Pour la journ\u00e9e de ce vendredi 20\u00a0juin, la chaleur va encore l\u00e9g\u00e8rement monter d\u2019un cran. Comptez en effet jusqu\u2019\u00e0 <strong>36\u00b0C<\/strong> \u00e0 Vienne et 35\u00b0C \u00e0 Roussillon et Grenoble.<\/p>\n<p class=\" wall-content\">Mais le pire est \u00e0 venir en Is\u00e8re. \u00ab\u2009Il va faire de plus en plus chaud. Elles montent plus progressivement car la chaleur arrive vers l\u2019ouest donc c\u2019est samedi et dimanche qu\u2019il fera le plus chaud, des journ\u00e9es tr\u00e8s chaudes\u2009\u00bb, analyse Fran\u00e7ois Gourand, pr\u00e9visionniste chez M\u00e9t\u00e9o-France.<\/p>\n<p>Vid\u00e9os : en ce moment sur Actu37\u00b0C dans le Nord-Is\u00e8re ce week-end avant les orages<\/p>\n<p class=\" wall-content\">D\u2019apr\u00e8s M\u00e9t\u00e9o-France, le mercure va en effet rester tr\u00e8s \u00e9lev\u00e9 ce week-end dans le d\u00e9partement is\u00e9rois, avec notamment un pic \u00e0 <strong>37\u00b0C<\/strong> du c\u00f4t\u00e9 de Roussillon dimanche 22\u00a0juin apr\u00e8s-midi.<\/p>\n<p class=\" wall-content\">Mais forc\u00e9ment qui dit chaleur, dit risques de d\u00e9gradations orageuses. Toujours selon M\u00e9t\u00e9o-France, la m\u00e9t\u00e9o va drastiquement basculer en d\u00e9but de semaine prochaine, o\u00f9 la totalit\u00e9 du d\u00e9partement devrait faire l\u2019objet de violents orages.<\/p>\n<p class=\" wall-content\">Suivez toute l\u2019actualit\u00e9 de vos villes et m\u00e9dias favoris en vous inscrivant \u00e0 <a href=\"https:\/\/moncompte.actu.fr\" title=\"D\u00e9couvez Mon Actu\" rel=\"nofollow noopener\" data-trk=\"{&quot;cta&quot;:{&quot;action&quot;:&quot;https:\\\/\\\/moncompte.actu.fr&quot;,&quot;category&quot;:&quot;mon compte&quot;,&quot;from&quot;:&quot;article footer&quot;,&quot;name&quot;:&quot;Mon actu&quot;,&quot;type&quot;:&quot;cta&quot;}}\" target=\"_blank\">Mon Actu<\/a>.<\/p>\n","protected":false},"excerpt":{"rendered":"Par Julien Sournies Publi\u00e9 le 19 juin 2025 \u00e0 11h28 M\u00eame si elle n\u2019a pas encore officiellement d\u00e9but\u00e9,&hellip;\n","protected":false},"author":2,"featured_media":136048,"comment_status":"","ping_status":"","sticky":false,"template":"","format":"standard","meta":{"footnotes":""},"categories":[9566],"tags":[1111,11,2430,6698,1777,674,1011,27,2731,2487,2357,12,25],"class_list":{"0":"post-188462","1":"post","2":"type-post","3":"status-publish","4":"format-standard","5":"has-post-thumbnail","7":"category-grenoble","8":"tag-actu","9":"tag-actualites","10":"tag-auvergne-rhone-alpes","11":"tag-canicule","12":"tag-eu","13":"tag-europe","14":"tag-fr","15":"tag-france","16":"tag-grenoble","17":"tag-meteo","18":"tag-meteo-france","19":"tag-news","20":"tag-republique-francaise"},"share_on_mastodon":{"url":"https:\/\/pubeurope.com\/@fr\/114710175208566783","error":""},"_links":{"self":[{"href":"https:\/\/www.europesays.com\/fr\/wp-json\/wp\/v2\/posts\/188462","targetHints":{"allow":["GET"]}}],"collection":[{"href":"https:\/\/www.europesays.com\/fr\/wp-json\/wp\/v2\/posts"}],"about":[{"href":"https:\/\/www.europesays.com\/fr\/wp-json\/wp\/v2\/types\/post"}],"author":[{"embeddable":true,"href":"https:\/\/www.europesays.com\/fr\/wp-json\/wp\/v2\/users\/2"}],"replies":[{"embeddable":true,"href":"https:\/\/www.europesays.com\/fr\/wp-json\/wp\/v2\/comments?post=188462"}],"version-history":[{"count":0,"href":"https:\/\/www.europesays.com\/fr\/wp-json\/wp\/v2\/posts\/188462\/revisions"}],"wp:featuredmedia":[{"embeddable":true,"href":"https:\/\/www.europesays.com\/fr\/wp-json\/wp\/v2\/media\/136048"}],"wp:attachment":[{"href":"https:\/\/www.europesays.com\/fr\/wp-json\/wp\/v2\/media?parent=188462"}],"wp:term":[{"taxonomy":"category","embeddable":true,"href":"https:\/\/www.europesays.com\/fr\/wp-json\/wp\/v2\/categories?post=188462"},{"taxonomy":"post_tag","embeddable":true,"href":"https:\/\/www.europesays.com\/fr\/wp-json\/wp\/v2\/tags?post=188462"}],"curies":[{"name":"wp","href":"https:\/\/api.w.org\/{rel}","templated":true}]}}