{"id":188465,"date":"2025-06-19T13:06:13","date_gmt":"2025-06-19T13:06:13","guid":{"rendered":"https:\/\/www.europesays.com\/fr\/188465\/"},"modified":"2025-06-19T13:06:13","modified_gmt":"2025-06-19T13:06:13","slug":"le-jarl-linfluenceur-dextreme-droite-place-en-garde-a-vue-apres-les-violences-a-proximite-du-1988-live-club-de-rennes","status":"publish","type":"post","link":"https:\/\/www.europesays.com\/fr\/188465\/","title":{"rendered":"\u00ab\u00a0Le Jarl\u00a0\u00bb\u00a0: l\u2019influenceur d\u2019extr\u00eame droite plac\u00e9 en garde \u00e0 vue apr\u00e8s les violences \u00e0 proximit\u00e9 du 1988 Live Club de Rennes"},"content":{"rendered":"<p class=\"paragraph text_align_left\">L\u2019influenceur d\u2019extr\u00eame droite \u00ab Le Jarl \u00bb, connu pour avoir longtemps \u00e9t\u00e9 le videur de la discoth\u00e8que 1988 Live Club, a \u00e9t\u00e9 plac\u00e9 en garde \u00e0 vue, mercredi, puis remis en libert\u00e9 en vue d\u2019une nouvelle convocation, a fait savoir le procureur de la R\u00e9publique de Rennes, Fr\u00e9d\u00e9ric Teillet, dans un communiqu\u00e9.<\/p>\n<p class=\"paragraph text_align_left\">Il a \u00e9t\u00e9 entendu dans le cadre d\u2019une enqu\u00eate sur <a href=\"https:\/\/www.leparisien.fr\/faits-divers\/le-jarl-et-ses-videurs-accuses-de-violences-auraient-voulu-empecher-une-free-party-a-rennes-ce-que-lon-sait-10-03-2025-ZDAQ3QEPW5AL3P7PGQMKD4F7NM.php\" target=\"_blank\" rel=\"noreferrer nofollow noopener\">la violente intervention de la part de ses \u00e9quipes lors d\u2019une rave-party<\/a> qui se d\u00e9roulait \u00e0 proximit\u00e9 de la bo\u00eete de nuit, a appris Le Parisien aupr\u00e8s du parquet de Rennes, confirmant une information du <a href=\"https:\/\/www.letelegramme.fr\/ille-et-vilaine\/rennes-35000\/le-jarl-ancien-videur-du-1988-a-rennes-place-en-garde-a-vue-6838459.php\" target=\"_blank\" rel=\"noreferrer nofollow noopener\">T\u00e9l\u00e9gramme<\/a>.<\/p>\n<p class=\"paragraph text_align_left\">Le 8 mars dernier, une \u00ab f\u00eate populaire, antifasciste, ouverte et gratuite \u00bb devait se tenir dans un cin\u00e9ma d\u00e9saffect\u00e9 sur la place du Colombier, dans le centre de Rennes (Ille-et-Vilaine), \u00e0 proximit\u00e9 du 1988 Live Club. Cette rave-party n\u2019\u00e9tait pas autoris\u00e9e par la pr\u00e9fecture.<\/p>\n<p>Des coups et du gaz lacrymog\u00e8ne<\/p>\n<p class=\"paragraph text_align_left\">Tandis que des dizaines de personnes tentaient d\u2019entrer \u00e0 cette f\u00eate tenue par des organisations d\u2019extr\u00eame gauche, \u00ab Le Jarl \u00bb et ses \u00e9quipes ont choisi d\u2019intervenir avant m\u00eame l\u2019arriv\u00e9e des forces de l\u2019ordre. De son vrai nom Yovan Delourme, il \u00e9tait suppl\u00e9ant sur une liste <a href=\"https:\/\/www.leparisien.fr\/elections\/legislatives\/je-nai-plus-rien-a-faire-ici-cest-fini-comment-reconquete-le-parti-deric-zemmour-a-explose-12-06-2024-QRVQZVNHGVGVTNIEPDQM3HGH7A.php?ts=1741610151370\" rel=\"nofollow noopener\" target=\"_blank\">Reconqu\u00eate<\/a> lors des \u00e9lections l\u00e9gislatives de 2022.<\/p>\n<p class=\"paragraph text_align_left\">Des vid\u00e9os les montrant en train de frapper de jeunes individus et d\u2019utiliser du gaz lacrymog\u00e8ne ont largement circul\u00e9 sur les r\u00e9seaux sociaux. \u00ab On voulait emp\u00eacher de nouveaux jeunes d\u2019entrer, sinon ce serait devenu totalement ing\u00e9rable \u00bb, se d\u00e9fendait \u00ab Le Jarl \u00bb aupr\u00e8s de nos confr\u00e8res de <a href=\"https:\/\/www.ouest-france.fr\/bretagne\/rennes-35000\/le-jarl-et-son-equipe-se-melent-dune-free-party-a-rennes-les-fetards-les-accusent-de-violences-a4d40c24-fcef-11ef-84e6-97a4d0833d6d\" rel=\"nofollow noopener\" target=\"_blank\">Ouest-France<\/a>.<\/p>\n<p class=\"title-embed-dailymotion lp-color-text lp-f-subtitle-04\">Vid\u00e9oRennes : \u00ab Le Jarl \u00bb et ses videurs accus\u00e9s de violences lors d&rsquo;une soir\u00e9e<\/p>\n<p class=\"paragraph text_align_left\">De son c\u00f4t\u00e9, le syndicat \u00e9tudiant rennais Union Pirate, qui co-organisait l\u2019\u00e9v\u00e9nement, d\u00e9non\u00e7ait une attitude \u00ab agressive et mena\u00e7ante \u00bb des agents de s\u00e9curit\u00e9 du 1988 Live Club qui agissaient \u00ab en toute ill\u00e9galit\u00e9 \u00bb.<\/p>\n<p class=\"lp-card-podcast-highlighting__title  lp-f-subtitle-05\">La tuerie du Sofitel d\u2019Avignon (2\/2)<\/p>\n<p class=\"lp-card-podcast-highlighting__description lp-f-ui-05\">Crime story raconte chaque semaine les grandes affaires criminelles.<\/p>\n<p><a class=\"lp-card-podcast-highlighting__call-to-action\" data-page-type=\"HP\" data-block-name=\"podcast-highlight\">\u00c9couter<\/a><\/p>\n<p class=\"paragraph text_align_left\">Une enqu\u00eate pr\u00e9liminaire avait alors \u00e9t\u00e9 ouverte pour faire la lumi\u00e8re sur cette affaire.<\/p>\n<p>Pas d\u2019agr\u00e9ment, ni de carte professionnelle<\/p>\n<p class=\"paragraph text_align_left\">C\u2019est donc dans le cadre de cette enqu\u00eate que \u00ab Le Jarl \u00bb a \u00e9t\u00e9 plac\u00e9 en garde \u00e0 vue, ce mercredi, en raison de sa qualit\u00e9 de responsable de la s\u00e9curit\u00e9 du 1988 Live Club, mais \u00e9galement \u00ab d\u2019ancien cadre salari\u00e9 \u00bb et \u00ab d\u2019adjoint de direction \u00bb de l\u2019\u00e9tablissement, selon Fr\u00e9d\u00e9ric Teillet.<\/p>\n<p class=\"paragraph text_align_left\">Selon le magistrat, il a \u00e9t\u00e9 entendu pour \u00ab exercice d\u2019activit\u00e9 priv\u00e9e de s\u00e9curit\u00e9 sans autorisation \u00bb, \u00ab conclusion d\u2019un contrat de travail salari\u00e9 pour exercer une activit\u00e9 de surveillance ou protection des personnes sans \u00eatre titulaire d\u2019une carte professionnelle \u00bb, \u00ab exercice sans autorisation sur la voie publique d\u2019activit\u00e9 de surveillance par des agents d\u2019un service interne de s\u00e9curit\u00e9 d\u2019une entreprise \u00bb et \u00ab acquisition et d\u00e9tention non autoris\u00e9es d\u2019arme, munition de cat\u00e9gorie B \u00bb.<\/p>\n<p class=\"paragraph text_align_left\">Devant les enqu\u00eateurs, \u00ab Le Jarl \u00bb a admis \u00ab n\u2019avoir jamais \u00e9t\u00e9 titulaire d\u2019une carte professionnelle \u00bb, expliquant qu\u2019il consid\u00e9rait n\u2019avoir \u00ab jamais, de son point de vue, exerc\u00e9 d\u2019activit\u00e9 d\u2019agent de s\u00e9curit\u00e9 \u00bb, poursuit le magistrat. Il a \u00e9galement reconnu \u00ab avoir exerc\u00e9, partiellement, l\u2019encadrement, sans agr\u00e9ment, du service interne de s\u00e9curit\u00e9 \u00bb du 1988 Live Club. Mais, selon lui, il avait \u00ab pr\u00e9vu de suivre une formation pour obtenir un titre de dirigeant qui aurait d\u00fb d\u00e9marrer apr\u00e8s les \u00e9v\u00e8nements du 9 mars 2025 \u00bb, ajoute-t-il.<\/p>\n<p class=\"paragraph text_align_left\">\u00ab Le Jarl \u00bb a aussi avou\u00e9 avoir achet\u00e9 \u00ab aupr\u00e8s d\u2019un site internet allemand de la totalit\u00e9 des bombes a\u00e9rosols, class\u00e9es en cat\u00e9gorie B \u00bb, retrouv\u00e9es lors de la perquisition de la discoth\u00e8que, le 12 mars dernier.<\/p>\n<p>D\u00e9j\u00e0 plac\u00e9 en garde \u00e0 vue il y a plusieurs semaines<\/p>\n<p class=\"paragraph text_align_left\">\u00c0 l\u2019issue de son audition, \u00ab Le Jarl \u00bb a \u00e9t\u00e9 rel\u00e2ch\u00e9, dans l\u2019attente d\u2019une nouvelle convocation. En effet, son avocat \u00ab a remis aux enqu\u00eateurs des pi\u00e8ces et documents restant \u00e0 exploiter avant toute r\u00e9ponse p\u00e9nale \u00bb, a pr\u00e9cis\u00e9 le procureur de la R\u00e9publique de Rennes, qui pr\u00e9cise que l\u2019enqu\u00eate se poursuit.<\/p>\n<p class=\"paragraph text_align_left\">Quant aux enqu\u00eates ouvertes pour l\u2019intrusion dans les locaux du cin\u00e9ma et pour le comportement des agents de s\u00e9curit\u00e9, elles \u00ab se poursuivent \u00e9galement \u00bb, ajoute Fr\u00e9d\u00e9ric Teillet.<\/p>\n<p class=\"paragraph text_align_left\">Il avait d\u00e9j\u00e0 plac\u00e9 en garde \u00e0 vue il y a plusieurs semaines, pr\u00e9cise au Parisien le parquet de Rennes. Suite \u00e0 ces d\u00e9bordements, la pr\u00e9fecture d\u2019Ille-et-Vilaine avait d\u00e9cid\u00e9, fin mars, <a href=\"https:\/\/www.leparisien.fr\/faits-divers\/rennes-la-boite-de-nuit-de-linfluenceur-dextreme-droite-le-jarl-fermee-un-mois-par-la-prefecture-22-03-2025-GIKWK6Z4XNBUDNWJJ6FLZZALDI.php\" target=\"_blank\" rel=\"noreferrer nofollow noopener\">de fermer le 1988 Live Club<\/a> pour une dur\u00e9e d\u2019un mois. Quelques jours plus tard, le patron de la discoth\u00e8que avait choisi de <a href=\"https:\/\/www.leparisien.fr\/faits-divers\/rennes-linfluenceur-dextreme-droite-le-jarl-licencie-par-le-1988-live-club-28-03-2025-SFVEUOKHIFH4FJ3WH7WHWTTJ3A.php\" target=\"_blank\" rel=\"noreferrer nofollow noopener\">licencier \u00ab Le Jarl \u00bb<\/a>.<\/p>\n","protected":false},"excerpt":{"rendered":"L\u2019influenceur d\u2019extr\u00eame droite \u00ab Le Jarl \u00bb, connu pour avoir longtemps \u00e9t\u00e9 le videur de la discoth\u00e8que 1988&hellip;\n","protected":false},"author":2,"featured_media":188466,"comment_status":"","ping_status":"","sticky":false,"template":"","format":"standard","meta":{"footnotes":""},"categories":[2821],"tags":[1111,11,829,459,1777,674,118,1011,27,12,584,25],"class_list":{"0":"post-188465","1":"post","2":"type-post","3":"status-publish","4":"format-standard","5":"has-post-thumbnail","7":"category-rennes","8":"tag-actu","9":"tag-actualites","10":"tag-bretagne","11":"tag-departements-horsidfo","12":"tag-eu","13":"tag-europe","14":"tag-faits-divers","15":"tag-fr","16":"tag-france","17":"tag-news","18":"tag-rennes","19":"tag-republique-francaise"},"share_on_mastodon":{"url":"https:\/\/pubeurope.com\/@fr\/114710182949686580","error":""},"_links":{"self":[{"href":"https:\/\/www.europesays.com\/fr\/wp-json\/wp\/v2\/posts\/188465","targetHints":{"allow":["GET"]}}],"collection":[{"href":"https:\/\/www.europesays.com\/fr\/wp-json\/wp\/v2\/posts"}],"about":[{"href":"https:\/\/www.europesays.com\/fr\/wp-json\/wp\/v2\/types\/post"}],"author":[{"embeddable":true,"href":"https:\/\/www.europesays.com\/fr\/wp-json\/wp\/v2\/users\/2"}],"replies":[{"embeddable":true,"href":"https:\/\/www.europesays.com\/fr\/wp-json\/wp\/v2\/comments?post=188465"}],"version-history":[{"count":0,"href":"https:\/\/www.europesays.com\/fr\/wp-json\/wp\/v2\/posts\/188465\/revisions"}],"wp:featuredmedia":[{"embeddable":true,"href":"https:\/\/www.europesays.com\/fr\/wp-json\/wp\/v2\/media\/188466"}],"wp:attachment":[{"href":"https:\/\/www.europesays.com\/fr\/wp-json\/wp\/v2\/media?parent=188465"}],"wp:term":[{"taxonomy":"category","embeddable":true,"href":"https:\/\/www.europesays.com\/fr\/wp-json\/wp\/v2\/categories?post=188465"},{"taxonomy":"post_tag","embeddable":true,"href":"https:\/\/www.europesays.com\/fr\/wp-json\/wp\/v2\/tags?post=188465"}],"curies":[{"name":"wp","href":"https:\/\/api.w.org\/{rel}","templated":true}]}}