{"id":188467,"date":"2025-06-19T13:07:14","date_gmt":"2025-06-19T13:07:14","guid":{"rendered":"https:\/\/www.europesays.com\/fr\/188467\/"},"modified":"2025-06-19T13:07:14","modified_gmt":"2025-06-19T13:07:14","slug":"carte-professionnelle-bombes-aerosols-qua-declare-le-jarl-lors-de-sa-garde-a-vue","status":"publish","type":"post","link":"https:\/\/www.europesays.com\/fr\/188467\/","title":{"rendered":"Carte professionnelle, bombes a\u00e9rosols\u2026 Qu\u2019a d\u00e9clar\u00e9 Le Jarl lors de sa garde \u00e0 vue ?"},"content":{"rendered":"<p><strong>ENQU\u00caTE en cours &#8211; Influenceur proche de l\u2019extr\u00eame droite et ancien chef de la s\u00e9curit\u00e9 du 1988 Live Club \u00e0 Rennes, Yovan Delourme, alias Le Jarl, a \u00e9t\u00e9 plac\u00e9 en garde \u00e0 vue mercredi avant d\u2019\u00eatre remis en libert\u00e9<\/strong><\/p>\n<p>\u00ab J\u2019ai dit ce que j\u2019avais \u00e0 dire\u2026 \u00bb Apr\u00e8s plusieurs heures de garde \u00e0 vue, il n\u2019a pas manqu\u00e9 de donner de ses nouvelles \u00e0 sa centaine de milliers d\u2019abonn\u00e9s qui le suivent sur X, postant une photo de lui \u00e0 l\u2019ap\u00e9ro. Influenceur proche de l\u2019extr\u00eame droite, Yovan Delourme, alias Le Jarl, a \u00e9t\u00e9 entendu mercredi au commissariat central de Rennes <a href=\"https:\/\/www.20minutes.fr\/societe\/4142773-20250310-rennes-jarl-contre-union-pirate-sait-violences-commises-marge-free-party?at_medium=RSS%20feed&amp;at_campaign=ynews&amp;utm_source=yahoo&amp;utm_medium=rss&amp;utm_campaign=news_feed&amp;utm_content=in_article_link\" rel=\"nofollow noopener\" target=\"_blank\" data-ylk=\"slk:apr\u00e8s les violences survenues dans la nuit du 8 au 9 mars;elm:context_link;itc:0;sec:content-canvas\" class=\"link \">apr\u00e8s les violences survenues dans la nuit du 8 au 9 mars<\/a> aux abords du 1988 Live Club dont il assurait la s\u00e9curit\u00e9, a-t-on appris aupr\u00e8s du parquet de Rennes.<\/p>\n<p>Ce soir-l\u00e0, sous les ordres du Jarl, des agents de s\u00e9curit\u00e9 de la discoth\u00e8que avaient tent\u00e9 de mettre fin \u00e0 une teuf ill\u00e9gale qui se tenait dans l\u2019ancien cin\u00e9ma voisin. Des heurts avaient alors \u00e9clat\u00e9, les agents ayant \u00e9t\u00e9 film\u00e9s en train de gazer et de frapper des participants. Apr\u00e8s ces d\u00e9bordements, <a href=\"https:\/\/www.20minutes.fr\/societe\/4144759-20250321-rennes-prefet-fait-fermer-discotheque-1988-live-club?at_medium=RSS%20feed&amp;at_campaign=ynews&amp;utm_source=yahoo&amp;utm_medium=rss&amp;utm_campaign=news_feed&amp;utm_content=in_article_link\" rel=\"nofollow noopener\" target=\"_blank\" data-ylk=\"slk:la discoth\u00e8que avait \u00e9t\u00e9 ferm\u00e9e pendant un mois;elm:context_link;itc:0;sec:content-canvas\" class=\"link \">la discoth\u00e8que avait \u00e9t\u00e9 ferm\u00e9e pendant un mois<\/a> par la pr\u00e9fecture et trois enqu\u00eates pr\u00e9liminaires avaient \u00e9t\u00e9 ouvertes par le procureur de la R\u00e9publique.<\/p>\n<p>\u00ab Jamais \u00e9t\u00e9 titulaire d\u2019une carte professionnelle \u00bb<\/p>\n<p>L\u2019une d\u2019entre elles porte \u00ab sur des infractions pr\u00e9sum\u00e9es au code de la s\u00e9curit\u00e9 int\u00e9rieure \u00bb, <a href=\"https:\/\/www.20minutes.fr\/societe\/4146189-20250331-rennes-liberte-va-permettre-parler-jarl-revient-eviction?at_medium=RSS%20feed&amp;at_campaign=ynews&amp;utm_source=yahoo&amp;utm_medium=rss&amp;utm_campaign=news_feed&amp;utm_content=in_article_link\" rel=\"nofollow noopener\" target=\"_blank\" data-ylk=\"slk:Le Jarl;elm:context_link;itc:0;sec:content-canvas\" class=\"link \">Le Jarl<\/a> \u00e9tant notamment accus\u00e9 \u00ab d\u2019exercice d\u2019activit\u00e9 priv\u00e9e de s\u00e9curit\u00e9 sans autorisation. \u00bb Ce que ce dernier n\u2019a pas ni\u00e9 devant les enqu\u00eateurs. \u00ab Il a admis n\u2019avoir jamais \u00e9t\u00e9 titulaire d\u2019une carte professionnelle, consid\u00e9rant qu\u2019il n\u2019a jamais, de son point de vue, exerc\u00e9 d\u2019activit\u00e9 d\u2019agent de s\u00e9curit\u00e9 \u00bb, indique Fr\u00e9d\u00e9ric Teillet, procureur de la R\u00e9publique de Rennes.<\/p>\n<p>Selon sa version,(&#8230;)<\/p>\n<p><a href=\"https:\/\/www.20minutes.fr\/justice\/4159338-20250619-rennes-carte-professionnelle-bombes-aerosols-declare-jarl-lors-garde-vue?at_medium=RSS%20feed&amp;at_campaign=ynews&amp;utm_source=yahoo&amp;utm_medium=rss&amp;utm_campaign=news_feed&amp;utm_content=read_more_link\" rel=\"nofollow noopener\" target=\"_blank\" data-ylk=\"slk:Lire la suite sur 20minutes;elm:context_link;itc:0;sec:content-canvas\" class=\"link \">Lire la suite sur 20minutes<\/a><\/p>\n<p>\u00c0 lire aussi :<br \/><a href=\"https:\/\/www.20minutes.fr\/societe\/4146189-20250331-rennes-liberte-va-permettre-parler-jarl-revient-eviction?at_medium=RSS%20feed&amp;at_campaign=ynews&amp;utm_source=yahoo&amp;utm_medium=rss&amp;utm_campaign=news_feed&amp;utm_content=related_content_link\" rel=\"nofollow noopener\" target=\"_blank\" data-ylk=\"slk:Rennes : \u00ab Ma libert\u00e9 va me permettre de parler \u00bb\u2026 Le Jarl revient sur son \u00e9viction;elm:context_link;itc:0;sec:content-canvas\" class=\"link \">Rennes : \u00ab Ma libert\u00e9 va me permettre de parler \u00bb\u2026 Le Jarl revient sur son \u00e9viction<\/a><br \/><a href=\"https:\/\/www.20minutes.fr\/societe\/4145397-20250326-rennes-revendique-permis-agresser-deputee-lfi-saisit-justice-apres-sortie-livre-jarl?at_medium=RSS%20feed&amp;at_campaign=ynews&amp;utm_source=yahoo&amp;utm_medium=rss&amp;utm_campaign=news_feed&amp;utm_content=related_content_link\" rel=\"nofollow noopener\" target=\"_blank\" data-ylk=\"slk:Rennes : \u00ab Il revendique un permis d\u2019agresser \u00bb\u2026 Une d\u00e9put\u00e9e LFI saisit la justice apr\u00e8s la sortie du livre du Jarl;elm:context_link;itc:0;sec:content-canvas\" class=\"link \">Rennes : \u00ab Il revendique un permis d\u2019agresser \u00bb\u2026 Une d\u00e9put\u00e9e LFI saisit la justice apr\u00e8s la sortie du livre du Jarl<\/a><\/p>\n","protected":false},"excerpt":{"rendered":"ENQU\u00caTE en cours &#8211; Influenceur proche de l\u2019extr\u00eame droite et ancien chef de la s\u00e9curit\u00e9 du 1988 Live&hellip;\n","protected":false},"author":2,"featured_media":188468,"comment_status":"","ping_status":"","sticky":false,"template":"","format":"standard","meta":{"footnotes":""},"categories":[2821],"tags":[1111,11,829,1777,674,1011,27,2438,13625,32631,12,3764,584,25],"class_list":{"0":"post-188467","1":"post","2":"type-post","3":"status-publish","4":"format-standard","5":"has-post-thumbnail","7":"category-rennes","8":"tag-actu","9":"tag-actualites","10":"tag-bretagne","11":"tag-eu","12":"tag-europe","13":"tag-fr","14":"tag-france","15":"tag-influenceur","16":"tag-jarl","17":"tag-live-club","18":"tag-news","19":"tag-procureur-de-la-republique","20":"tag-rennes","21":"tag-republique-francaise"},"share_on_mastodon":{"url":"https:\/\/pubeurope.com\/@fr\/114710186753399428","error":""},"_links":{"self":[{"href":"https:\/\/www.europesays.com\/fr\/wp-json\/wp\/v2\/posts\/188467","targetHints":{"allow":["GET"]}}],"collection":[{"href":"https:\/\/www.europesays.com\/fr\/wp-json\/wp\/v2\/posts"}],"about":[{"href":"https:\/\/www.europesays.com\/fr\/wp-json\/wp\/v2\/types\/post"}],"author":[{"embeddable":true,"href":"https:\/\/www.europesays.com\/fr\/wp-json\/wp\/v2\/users\/2"}],"replies":[{"embeddable":true,"href":"https:\/\/www.europesays.com\/fr\/wp-json\/wp\/v2\/comments?post=188467"}],"version-history":[{"count":0,"href":"https:\/\/www.europesays.com\/fr\/wp-json\/wp\/v2\/posts\/188467\/revisions"}],"wp:featuredmedia":[{"embeddable":true,"href":"https:\/\/www.europesays.com\/fr\/wp-json\/wp\/v2\/media\/188468"}],"wp:attachment":[{"href":"https:\/\/www.europesays.com\/fr\/wp-json\/wp\/v2\/media?parent=188467"}],"wp:term":[{"taxonomy":"category","embeddable":true,"href":"https:\/\/www.europesays.com\/fr\/wp-json\/wp\/v2\/categories?post=188467"},{"taxonomy":"post_tag","embeddable":true,"href":"https:\/\/www.europesays.com\/fr\/wp-json\/wp\/v2\/tags?post=188467"}],"curies":[{"name":"wp","href":"https:\/\/api.w.org\/{rel}","templated":true}]}}