{"id":188469,"date":"2025-06-19T13:08:17","date_gmt":"2025-06-19T13:08:17","guid":{"rendered":"https:\/\/www.europesays.com\/fr\/188469\/"},"modified":"2025-06-19T13:08:17","modified_gmt":"2025-06-19T13:08:17","slug":"video-cest-quoi-ces-droles-de-bateaux-apercus-dernierement-a-strasbourg","status":"publish","type":"post","link":"https:\/\/www.europesays.com\/fr\/188469\/","title":{"rendered":"VIDEO. C&rsquo;est quoi ces dr\u00f4les de bateaux aper\u00e7us derni\u00e8rement \u00e0 Strasbourg\u00a0?"},"content":{"rendered":"<p>            Par<br \/>\n        <strong><br \/>\n            <a href=\"https:\/\/actu.fr\/auteur\/ivan-capecchi\" title=\"Consulter tous les articles de Ivan CAPECCHI\" rel=\"nofollow noopener\" target=\"_blank\">Ivan CAPECCHI<\/a><br \/>\n        <\/strong><\/p>\n<p>        Publi\u00e9 le<\/p>\n<p>            19 juin 2025 \u00e0 10h32        <\/p>\n<p>Lundi, alors que je roulais \u00e0 v\u00e9lo pr\u00e8s de la <a href=\"https:\/\/actu.fr\/grand-est\/strasbourg_67482\/louer-des-livres-et-des-films-dans-les-mediatheques-de-strasbourg-sera-bientot-gratuit-pour-tous_62442601.html\" rel=\"nofollow noopener\" target=\"_blank\">m\u00e9diath\u00e8que Andr\u00e9 Malraux<\/a> \u00e0 <strong>Strasbourg<\/strong>, j\u2019ai aper\u00e7u de <strong>dr\u00f4les de bateaux<\/strong> sur le <strong>canal du Rh\u00f4ne au Rhin<\/strong>.<\/p>\n<p class=\" wall-content\">Interloqu\u00e9, j\u2019ai \u00e9crit au <strong>Port de Strasbourg<\/strong> pour en apprendre plus.<\/p>\n<p>Des \u00ab\u00a0faucardeuses\u00a0\u00bb pour \u00ab\u00a0couper les algues et les retirer de l\u2019eau\u00a0\u00bb<\/p>\n<p class=\" wall-content\">J\u2019ai alors appris qu\u2019il s\u2019agissait de \u00ab\u00a0<strong>faucardeuses<\/strong>\u00ab\u00a0, des v\u00e9hicules aquatiques qui \u00ab\u00a0servent \u00e0 <strong>couper les algues et les retirer de l\u2019eau<\/strong> pour ne pas que celles-ci se prennent dans les h\u00e9lices des bateaux\u00a0\u00bb.<\/p>\n<p class=\" wall-content\">\u00ab\u00a0L\u2019op\u00e9ration a lieu <strong>deux fois par an<\/strong> (juin\/juillet et septembre\/octobre) selon le d\u00e9veloppement des herbes\u00a0\u00bb, indique le Port de Strasbourg.<\/p>\n<p class=\" wall-content\">\n<p class=\" wall-content\">Ce dernier pr\u00e9cise que le p\u00e9rim\u00e8tre d\u2019intervention se limite aux <strong>bassins int\u00e9rieurs du port de Strasbourg<\/strong>.<\/p>\n<p>Vid\u00e9os : en ce moment sur Actu<\/p>\n<p class=\" wall-content\">Suivez toute l\u2019actualit\u00e9 de vos villes et m\u00e9dias favoris en vous inscrivant \u00e0 <a href=\"https:\/\/moncompte.actu.fr\" title=\"D\u00e9couvez Mon Actu\" rel=\"nofollow noopener\" data-trk=\"{&quot;cta&quot;:{&quot;action&quot;:&quot;https:\\\/\\\/moncompte.actu.fr&quot;,&quot;category&quot;:&quot;mon compte&quot;,&quot;from&quot;:&quot;article footer&quot;,&quot;name&quot;:&quot;Mon actu&quot;,&quot;type&quot;:&quot;cta&quot;}}\" target=\"_blank\">Mon Actu<\/a>.<\/p>\n","protected":false},"excerpt":{"rendered":"Par Ivan CAPECCHI Publi\u00e9 le 19 juin 2025 \u00e0 10h32 Lundi, alors que je roulais \u00e0 v\u00e9lo pr\u00e8s&hellip;\n","protected":false},"author":2,"featured_media":188470,"comment_status":"","ping_status":"","sticky":false,"template":"","format":"standard","meta":{"footnotes":""},"categories":[2820],"tags":[1111,11,1777,674,1011,27,775,1757,12,25,640],"class_list":{"0":"post-188469","1":"post","2":"type-post","3":"status-publish","4":"format-standard","5":"has-post-thumbnail","7":"category-strasbourg","8":"tag-actu","9":"tag-actualites","10":"tag-eu","11":"tag-europe","12":"tag-fr","13":"tag-france","14":"tag-grand-est","15":"tag-insolite","16":"tag-news","17":"tag-republique-francaise","18":"tag-strasbourg"},"share_on_mastodon":{"url":"https:\/\/pubeurope.com\/@fr\/114710190693666707","error":""},"_links":{"self":[{"href":"https:\/\/www.europesays.com\/fr\/wp-json\/wp\/v2\/posts\/188469","targetHints":{"allow":["GET"]}}],"collection":[{"href":"https:\/\/www.europesays.com\/fr\/wp-json\/wp\/v2\/posts"}],"about":[{"href":"https:\/\/www.europesays.com\/fr\/wp-json\/wp\/v2\/types\/post"}],"author":[{"embeddable":true,"href":"https:\/\/www.europesays.com\/fr\/wp-json\/wp\/v2\/users\/2"}],"replies":[{"embeddable":true,"href":"https:\/\/www.europesays.com\/fr\/wp-json\/wp\/v2\/comments?post=188469"}],"version-history":[{"count":0,"href":"https:\/\/www.europesays.com\/fr\/wp-json\/wp\/v2\/posts\/188469\/revisions"}],"wp:featuredmedia":[{"embeddable":true,"href":"https:\/\/www.europesays.com\/fr\/wp-json\/wp\/v2\/media\/188470"}],"wp:attachment":[{"href":"https:\/\/www.europesays.com\/fr\/wp-json\/wp\/v2\/media?parent=188469"}],"wp:term":[{"taxonomy":"category","embeddable":true,"href":"https:\/\/www.europesays.com\/fr\/wp-json\/wp\/v2\/categories?post=188469"},{"taxonomy":"post_tag","embeddable":true,"href":"https:\/\/www.europesays.com\/fr\/wp-json\/wp\/v2\/tags?post=188469"}],"curies":[{"name":"wp","href":"https:\/\/api.w.org\/{rel}","templated":true}]}}