{"id":188485,"date":"2025-06-19T13:17:08","date_gmt":"2025-06-19T13:17:08","guid":{"rendered":"https:\/\/www.europesays.com\/fr\/188485\/"},"modified":"2025-06-19T13:17:08","modified_gmt":"2025-06-19T13:17:08","slug":"ces-travaux-ont-commence-sur-la68-entre-toulouse-et-albi-ils-vont-perturber-la-circulation-en-journee","status":"publish","type":"post","link":"https:\/\/www.europesays.com\/fr\/188485\/","title":{"rendered":"Ces travaux ont commenc\u00e9 sur l&rsquo;A68 entre Toulouse et Albi, ils vont perturber la circulation en journ\u00e9e"},"content":{"rendered":"<p>            Par<br \/>\n        <strong><br \/>\n            <a href=\"https:\/\/actu.fr\/auteur\/fabien-hisbacq-actu-fr\" title=\"Consulter tous les articles de Fabien Hisbacq\" target=\"_blank\" rel=\"noopener\">Fabien Hisbacq<\/a><br \/>\n        <\/strong><\/p>\n<p>        Publi\u00e9 le<\/p>\n<p>            19 juin 2025 \u00e0 15h02        <\/p>\n<p>Alors que <a href=\"https:\/\/actu.fr\/societe\/travaux-la-rn88-sera-fermee-durant-plusieurs-nuits-aux-portes-d-albi-voici-lesquelles_62757385.html\" target=\"_blank\" rel=\"noopener\">des travaux ont \u00e9t\u00e9 lanc\u00e9s sur la RN88 aux portes d\u2019Albi<\/a>. Un autre <strong>chantier<\/strong> concerne le prolongement de cette route dans le <strong><a href=\"https:\/\/actu.fr\/occitanie\/tarn_81\" target=\"_blank\" rel=\"noopener\">Tarn<\/a><\/strong>, \u00e0 savoir <strong>l\u2019autoroute A68<\/strong>. Sauf que cette fois, c\u2019est <strong>en journ\u00e9e<\/strong> que l\u2019impact sur la <strong>circulation<\/strong> se fera ressentir.<\/p>\n<p class=\" wall-content\">En effet, la Direction interd\u00e9partementale des routes Sud-Ouest m\u00e8ne des <a href=\"https:\/\/www.tarn.gouv.fr\/contenu\/telechargement\/24725\/236408\/file\/recueil-81-2025-163-recueil-des-actes-administratifs-special.pdf\" target=\"_blank\" rel=\"noopener\">travaux de reprise de la signalisation horizontale<\/a> sur cet axe strat\u00e9gique entre Toulouse et la pr\u00e9fecture tarnaise. Et pour \u00e7a, elle a besoin de modifier les conditions de circulation. Il n\u2019y aura <strong>pas de fermeture de l\u2019autoroute,<\/strong> mais le trafic sera quand m\u00eame perturb\u00e9.<\/p>\n<p>Entre 9 et 17\u00a0heures<\/p>\n<p class=\" wall-content\">Parce que la voie de gauche, dans le sens Toulouse\/Albi, sera neutralis\u00e9e et ce en journ\u00e9e, depuis ce jeudi 19\u00a0juin jusqu\u2019au jeudi 26\u00a0juin 2025, entre 9 et 17\u00a0heures.<\/p>\n<p class=\" wall-content\">Surtout, c\u2019est une portion important de l\u2019A68 qui est concern\u00e9e. 15 kilom\u00e8tres environ, entre le PR47 +\u00a0300 et le PR62. Soit entre Montans et Marssac-sur-Tarn environ.<\/p>\n<p>Vid\u00e9os : en ce moment sur ActuLa vitesse r\u00e9duite<\/p>\n<p class=\" wall-content\">Le chantier sera r\u00e9alis\u00e9 en <strong>trois tranches d\u2019environ 5\u00a0km.<\/strong> D\u2019abord du PR47 +\u00a0300 au PR52 +\u00a0600 (vers Brens), puis du PR52 +\u00a0500 au PR56 +\u00a0500 (vers Lagrave) et enfin du PR56 au PR62.<\/p>\n<p class=\" wall-content\">La vitesse sera r\u00e9duite \u00e0 <strong>90\u00a0km\/h<\/strong> sur toutes ces zones au fur et \u00e0 mesure de l\u2019avancement des travaux.<\/p>\n<p class=\" wall-content\">Suivez toute l\u2019actualit\u00e9 de vos villes et m\u00e9dias favoris en vous inscrivant \u00e0 <a href=\"https:\/\/moncompte.actu.fr\" title=\"D\u00e9couvez Mon Actu\" rel=\"nofollow noopener\" data-trk=\"{&quot;cta&quot;:{&quot;action&quot;:&quot;https:\\\/\\\/moncompte.actu.fr&quot;,&quot;category&quot;:&quot;mon compte&quot;,&quot;from&quot;:&quot;article footer&quot;,&quot;name&quot;:&quot;Mon actu&quot;,&quot;type&quot;:&quot;cta&quot;}}\" target=\"_blank\">Mon Actu<\/a>.<\/p>\n","protected":false},"excerpt":{"rendered":"Par Fabien Hisbacq Publi\u00e9 le 19 juin 2025 \u00e0 15h02 Alors que des travaux ont \u00e9t\u00e9 lanc\u00e9s sur&hellip;\n","protected":false},"author":2,"featured_media":188486,"comment_status":"","ping_status":"","sticky":false,"template":"","format":"standard","meta":{"footnotes":""},"categories":[2816],"tags":[1111,11,5727,3542,1777,674,1011,27,12,2680,25,104,2312,2086],"class_list":{"0":"post-188485","1":"post","2":"type-post","3":"status-publish","4":"format-standard","5":"has-post-thumbnail","7":"category-toulouse","8":"tag-actu","9":"tag-actualites","10":"tag-autoroute-68-a68","11":"tag-circulation","12":"tag-eu","13":"tag-europe","14":"tag-fr","15":"tag-france","16":"tag-news","17":"tag-occitanie","18":"tag-republique-francaise","19":"tag-societe","20":"tag-toulouse","21":"tag-travaux"},"share_on_mastodon":{"url":"https:\/\/pubeurope.com\/@fr\/114710226094119377","error":""},"_links":{"self":[{"href":"https:\/\/www.europesays.com\/fr\/wp-json\/wp\/v2\/posts\/188485","targetHints":{"allow":["GET"]}}],"collection":[{"href":"https:\/\/www.europesays.com\/fr\/wp-json\/wp\/v2\/posts"}],"about":[{"href":"https:\/\/www.europesays.com\/fr\/wp-json\/wp\/v2\/types\/post"}],"author":[{"embeddable":true,"href":"https:\/\/www.europesays.com\/fr\/wp-json\/wp\/v2\/users\/2"}],"replies":[{"embeddable":true,"href":"https:\/\/www.europesays.com\/fr\/wp-json\/wp\/v2\/comments?post=188485"}],"version-history":[{"count":0,"href":"https:\/\/www.europesays.com\/fr\/wp-json\/wp\/v2\/posts\/188485\/revisions"}],"wp:featuredmedia":[{"embeddable":true,"href":"https:\/\/www.europesays.com\/fr\/wp-json\/wp\/v2\/media\/188486"}],"wp:attachment":[{"href":"https:\/\/www.europesays.com\/fr\/wp-json\/wp\/v2\/media?parent=188485"}],"wp:term":[{"taxonomy":"category","embeddable":true,"href":"https:\/\/www.europesays.com\/fr\/wp-json\/wp\/v2\/categories?post=188485"},{"taxonomy":"post_tag","embeddable":true,"href":"https:\/\/www.europesays.com\/fr\/wp-json\/wp\/v2\/tags?post=188485"}],"curies":[{"name":"wp","href":"https:\/\/api.w.org\/{rel}","templated":true}]}}