{"id":188491,"date":"2025-06-19T13:25:09","date_gmt":"2025-06-19T13:25:09","guid":{"rendered":"https:\/\/www.europesays.com\/fr\/188491\/"},"modified":"2025-06-19T13:25:09","modified_gmt":"2025-06-19T13:25:09","slug":"le-festival-marseille-jazz-des-cinq-continents-fete-ses-25-ans-en-juillet","status":"publish","type":"post","link":"https:\/\/www.europesays.com\/fr\/188491\/","title":{"rendered":"Le festival Marseille Jazz des cinq continents f\u00eate ses 25 ans en juillet !"},"content":{"rendered":"<p>25 ans de c\u00e9l\u00e9brations, de d\u00e9couvertes et de valorisation culturelle. L\u2019incontournable Marseille Jazz des cinq continents est de retour du 1er au 13 juillet 2025 pour une programmation toujours plus festive dans des lieux embl\u00e9matiques de la ville. Cette \u00e9dition anniversaire sera \u00e9galement plac\u00e9e sous le signe de la rencontre et de la joie, avec des cr\u00e9ations artistiques sp\u00e9cialement con\u00e7ues. <\/p>\n<p>\u00ab Nous sommes n\u00e9.es pour offrir un panorama contemporain sur le Jazz et aujourd\u2019hui, nous affirmons encore plus fort la n\u00e9cessit\u00e9 de maintenir cette fen\u00eatre ouverte, affirme Hugues Kieffer, directeur du festival. Cette exposition du Jazz actuel est visible chez nous, et nos artistes ont quelque chose \u00e0 dire ! Ces artistes nous parlent du jazz d\u2019aujourd\u2019hui. Elles et ils nous offrent de faire ensemble un pas plus loin. 25 ans c\u2019est juste un rep\u00e8re, un moyen de se dire : rien ne sert de regarder en arri\u00e8re, on tient bon le fil qui nous relie \u00e0 nos origines, on garde les sens bien ouverts et on avance, pas apr\u00e8s pas. \u00bb<\/p>\n<p><strong>Au programme de la 25e \u00e9dition du Marseille Jazz des cinq continents<\/strong><\/p>\n<p>Le festival d\u00e9butera le 1er juillet au centre de la Vieille Charit\u00e9 avec le projet exceptionnel Poetic Ways, port\u00e9 par le saxophoniste Rapha\u00ebl Imbert et sublim\u00e9 par Divertimento, Orchestre symphonique dirig\u00e9 par Zahia Ziouani. Le 8 juillet, Jeff Mills, superstar de l\u2019\u00e9lectro US &amp; Emile Parisien 4tet illumineront la Friche la Belle de Mai avec d\u00e8s 20h, Angles morts la jeune garde marseillaise. Le 9, c\u2019est le retour de l\u2019electroswing de Caravan Palace dans le magnifique Th\u00e9\u00e2tre Silvain \u00e0 20h30, L\u2019espace accueillera les concerts de cl\u00f4ture du festival le 13 juillet Alune Wade et sa basse magique et la cr\u00e9ation mondiale Jazz cr\u00e9ole avec Jocelyne Beroard, l\u2019\u00eecone de Kassav &amp; Tony Chasseur, une c\u00e9l\u00e9bration du Jazz et de la f\u00eate. <\/p>\n<p>Les festivaliers se retrouveront \u00e9galement pour des spectacles in\u00e9dits au Th\u00e9\u00e2tre de la Sucri\u00e8re, \u00e0 la Citadelle ainsi qu\u2019au Conservatoire Pierre Barbizet. Une itin\u00e9rance musicale qui saura cette ann\u00e9e encore emporter les fid\u00e8les et conqu\u00e9rir le c\u0153ur des amateurs.<\/p>\n<p>Acc\u00e8s \u00e0 la <a href=\"https:\/\/www.marseillejazz.com\/\" rel=\"noopener noreferrer\" target=\"_blank\">billetterie et \u00e0 la programmation compl\u00e8te sur le site officiel www.marseillejazz.com<\/a><\/p>\n","protected":false},"excerpt":{"rendered":"25 ans de c\u00e9l\u00e9brations, de d\u00e9couvertes et de valorisation culturelle. L\u2019incontournable Marseille Jazz des cinq continents est de&hellip;\n","protected":false},"author":2,"featured_media":188492,"comment_status":"","ping_status":"","sticky":false,"template":"","format":"standard","meta":{"footnotes":""},"categories":[2814],"tags":[17,1111,11,3216,32635,251,154,1777,674,849,4768,1011,27,6910,884,12,882,25],"class_list":{"0":"post-188491","1":"post","2":"type-post","3":"status-publish","4":"format-standard","5":"has-post-thumbnail","7":"category-marseille","8":"tag-17","9":"tag-actu","10":"tag-actualites","11":"tag-cinq","12":"tag-continents","13":"tag-culture","14":"tag-des","15":"tag-eu","16":"tag-europe","17":"tag-festival","18":"tag-fete","19":"tag-fr","20":"tag-france","21":"tag-jazz","22":"tag-marseille","23":"tag-news","24":"tag-provence-alpes-cote-dazur","25":"tag-republique-francaise"},"share_on_mastodon":{"url":"https:\/\/pubeurope.com\/@fr\/114710257660129058","error":""},"_links":{"self":[{"href":"https:\/\/www.europesays.com\/fr\/wp-json\/wp\/v2\/posts\/188491","targetHints":{"allow":["GET"]}}],"collection":[{"href":"https:\/\/www.europesays.com\/fr\/wp-json\/wp\/v2\/posts"}],"about":[{"href":"https:\/\/www.europesays.com\/fr\/wp-json\/wp\/v2\/types\/post"}],"author":[{"embeddable":true,"href":"https:\/\/www.europesays.com\/fr\/wp-json\/wp\/v2\/users\/2"}],"replies":[{"embeddable":true,"href":"https:\/\/www.europesays.com\/fr\/wp-json\/wp\/v2\/comments?post=188491"}],"version-history":[{"count":0,"href":"https:\/\/www.europesays.com\/fr\/wp-json\/wp\/v2\/posts\/188491\/revisions"}],"wp:featuredmedia":[{"embeddable":true,"href":"https:\/\/www.europesays.com\/fr\/wp-json\/wp\/v2\/media\/188492"}],"wp:attachment":[{"href":"https:\/\/www.europesays.com\/fr\/wp-json\/wp\/v2\/media?parent=188491"}],"wp:term":[{"taxonomy":"category","embeddable":true,"href":"https:\/\/www.europesays.com\/fr\/wp-json\/wp\/v2\/categories?post=188491"},{"taxonomy":"post_tag","embeddable":true,"href":"https:\/\/www.europesays.com\/fr\/wp-json\/wp\/v2\/tags?post=188491"}],"curies":[{"name":"wp","href":"https:\/\/api.w.org\/{rel}","templated":true}]}}