{"id":188493,"date":"2025-06-19T13:26:18","date_gmt":"2025-06-19T13:26:18","guid":{"rendered":"https:\/\/www.europesays.com\/fr\/188493\/"},"modified":"2025-06-19T13:26:18","modified_gmt":"2025-06-19T13:26:18","slug":"marseille-attaquee-par-des-puces-cette-employee-de-la-ville-demande-reparation-benoit-payan-refuse","status":"publish","type":"post","link":"https:\/\/www.europesays.com\/fr\/188493\/","title":{"rendered":"Marseille. Attaqu\u00e9e par des puces, cette employ\u00e9e de la Ville demande r\u00e9paration, Beno\u00eet Payan refuse"},"content":{"rendered":"<p>            Par<br \/>\n        <strong><br \/>\n            <a href=\"https:\/\/actu.fr\/auteur\/redaction-marseille\" title=\"Consulter tous les articles de R\u00e9daction Marseille\" rel=\"nofollow noopener\" target=\"_blank\">R\u00e9daction Marseille<\/a><br \/>\n        <\/strong><\/p>\n<p>        Publi\u00e9 le<\/p>\n<p>            19 juin 2025 \u00e0 15h20        <\/p>\n<p>Le tribunal administratif de <a href=\"https:\/\/actu.fr\/marseille\/\" rel=\"nofollow noopener\" target=\"_blank\">Marseille<\/a> a d\u00e9bout\u00e9 une employ\u00e9e municipale de la ville de Marseille (<a href=\"https:\/\/actu.fr\/provence-alpes-cote-d-azur\/bouches-du-rhone_13\" rel=\"nofollow noopener\" target=\"_blank\">Bouches-du-Rh\u00f4ne<\/a>) qui se plaignait que son \u00ab\u2009accident\u2009\u00bb survenu sur son lieu de travail <strong>n\u2019ait pas \u00e9t\u00e9 reconnu d\u2019origine professionnelle.<\/strong> Le maire (ex-PS) de Marseille <a href=\"https:\/\/actu.fr\/tag\/benoit-payan\" rel=\"nofollow noopener\" target=\"_blank\">Beno\u00eet Payan<\/a> a en effet \u00ab\u2009refus\u00e9\u2009\u00bb le 7\u00a0f\u00e9vrier 2025 de \u00ab\u2009reconna\u00eetre l\u2019imputabilit\u00e9\u2009\u00bb des piq\u00fbres apparues le 10\u00a0juillet 2024 sur le corps de la requ\u00e9rante aux <strong>\u00ab\u2009puces\u2009\u00bb qui auraient infest\u00e9 son bureau,<\/strong> d\u2019apr\u00e8s l\u2019int\u00e9ress\u00e9e. Elle avait donc introduit une requ\u00eate devant la justice administrative le 24\u00a0mars 2025.<\/p>\n<p>Plusieurs traces sur sa peau<\/p>\n<p class=\" wall-content\">\u00ab\u2009Mme XXX [\u2026], affect\u00e9e en qualit\u00e9 de <strong>secr\u00e9taire de la mission presse \u00e9dition de l\u2019Op\u00e9ra Od\u00e9on de la ville de Marseille,<\/strong> a d\u00e9clar\u00e9 un accident survenu le 10\u00a0juillet 2024 [\u2026] qu\u2019elle impute \u00e0 la pr\u00e9sence de nuisibles sur son lieu de travail\u2009\u00bb, r\u00e9sume donc le tribunal administratif de Marseille dans un jugement en date du 4\u00a0juin 2025 qui vient d\u2019\u00eatre rendu public.<\/p>\n<p class=\" wall-content\">Cet \u00ab\u2009accident\u2009\u00bb se manifestait par <strong>\u00ab\u2009l\u2019apparition d\u2019\u00e9ruptions cutan\u00e9es diffuses bilat\u00e9rales\u2009\u00bb<\/strong> sous forme de \u00ab\u2009l\u00e9sions arrondies \u00e9ryth\u00e9mato-papuleuses\u2009\u00bb et \u00ab\u2009prurigineuses\u2009\u00bb.<\/p>\n<p>Une requ\u00eate qui \u00ab\u2009ne comporte aucune critique juridique\u2009\u00bb<\/p>\n<p class=\" wall-content\">Reste que sa requ\u00eate \u00ab\u2009ne comporte aucune critique juridique au regard de quelconques dispositions l\u00e9gislatives ou r\u00e9glementaires\u2009\u00bb, constate la juge marseillaise. \u00ab\u2009En se bornant \u00e0 soutenir que <strong>les piq\u00fbres ont beaucoup diminu\u00e9 apr\u00e8s la d\u00e9sinfection<\/strong> de son bureau, la requ\u00e9rante ne conteste pas utilement le motif retenu dans la d\u00e9cision [\u2026] tir\u00e9 de ce qu\u2019aucun \u00e9l\u00e9ment fourni ne confirme les faits all\u00e9gu\u00e9s.\u2009\u00bb<\/p>\n<p class=\" wall-content\">Dans la mesure o\u00f9 cette requ\u00eate \u00ab\u2009ne comporte qu\u2019un moyen inop\u00e9rant\u2009\u00bb, elle a donc \u00e9t\u00e9 rejet\u00e9e d\u2019office par la magistrate. \u00ab\u2009Les pr\u00e9sidents de formation de jugement peuvent, par ordonnance, rejeter [\u2026] les requ\u00eates ne comportant que des [\u2026] moyens inop\u00e9rants\u2009\u00bb, pr\u00e9voit en effet le code de justice administrative (CJA).<\/p>\n<p class=\" wall-content\"><strong>GF \/ PressPepper<\/strong><\/p>\n<p class=\" wall-content\">Suivez toute l\u2019actualit\u00e9 de vos villes et m\u00e9dias favoris en vous inscrivant \u00e0 <a href=\"https:\/\/moncompte.actu.fr\" title=\"D\u00e9couvez Mon Actu\" rel=\"nofollow noopener\" data-trk=\"{&quot;cta&quot;:{&quot;action&quot;:&quot;https:\\\/\\\/moncompte.actu.fr&quot;,&quot;category&quot;:&quot;mon compte&quot;,&quot;from&quot;:&quot;article footer&quot;,&quot;name&quot;:&quot;Mon actu&quot;,&quot;type&quot;:&quot;cta&quot;}}\" target=\"_blank\">Mon Actu<\/a>.<\/p>\n","protected":false},"excerpt":{"rendered":"Par R\u00e9daction Marseille Publi\u00e9 le 19 juin 2025 \u00e0 15h20 Le tribunal administratif de Marseille a d\u00e9bout\u00e9 une&hellip;\n","protected":false},"author":2,"featured_media":151887,"comment_status":"","ping_status":"","sticky":false,"template":"","format":"standard","meta":{"footnotes":""},"categories":[2814],"tags":[1111,11,6469,1777,674,1011,27,303,884,12,882,25,104],"class_list":{"0":"post-188493","1":"post","2":"type-post","3":"status-publish","4":"format-standard","5":"has-post-thumbnail","7":"category-marseille","8":"tag-actu","9":"tag-actualites","10":"tag-benoit-payan","11":"tag-eu","12":"tag-europe","13":"tag-fr","14":"tag-france","15":"tag-justice","16":"tag-marseille","17":"tag-news","18":"tag-provence-alpes-cote-dazur","19":"tag-republique-francaise","20":"tag-societe"},"share_on_mastodon":{"url":"https:\/\/pubeurope.com\/@fr\/114710261524110684","error":""},"_links":{"self":[{"href":"https:\/\/www.europesays.com\/fr\/wp-json\/wp\/v2\/posts\/188493","targetHints":{"allow":["GET"]}}],"collection":[{"href":"https:\/\/www.europesays.com\/fr\/wp-json\/wp\/v2\/posts"}],"about":[{"href":"https:\/\/www.europesays.com\/fr\/wp-json\/wp\/v2\/types\/post"}],"author":[{"embeddable":true,"href":"https:\/\/www.europesays.com\/fr\/wp-json\/wp\/v2\/users\/2"}],"replies":[{"embeddable":true,"href":"https:\/\/www.europesays.com\/fr\/wp-json\/wp\/v2\/comments?post=188493"}],"version-history":[{"count":0,"href":"https:\/\/www.europesays.com\/fr\/wp-json\/wp\/v2\/posts\/188493\/revisions"}],"wp:featuredmedia":[{"embeddable":true,"href":"https:\/\/www.europesays.com\/fr\/wp-json\/wp\/v2\/media\/151887"}],"wp:attachment":[{"href":"https:\/\/www.europesays.com\/fr\/wp-json\/wp\/v2\/media?parent=188493"}],"wp:term":[{"taxonomy":"category","embeddable":true,"href":"https:\/\/www.europesays.com\/fr\/wp-json\/wp\/v2\/categories?post=188493"},{"taxonomy":"post_tag","embeddable":true,"href":"https:\/\/www.europesays.com\/fr\/wp-json\/wp\/v2\/tags?post=188493"}],"curies":[{"name":"wp","href":"https:\/\/api.w.org\/{rel}","templated":true}]}}