{"id":188494,"date":"2025-06-19T13:27:18","date_gmt":"2025-06-19T13:27:18","guid":{"rendered":"https:\/\/www.europesays.com\/fr\/188494\/"},"modified":"2025-06-19T13:27:18","modified_gmt":"2025-06-19T13:27:18","slug":"lyon-le-jacquard-francais-succede-a-the-kooples-2","status":"publish","type":"post","link":"https:\/\/www.europesays.com\/fr\/188494\/","title":{"rendered":"Lyon. Le Jacquard Fran\u00e7ais succ\u00e8de \u00e0 The Kooples &#8211;"},"content":{"rendered":"<p>\t\t\t\t<img loading=\"lazy\" decoding=\"async\" width=\"900\" height=\"600\" src=\"data:image\/svg+xml,%3Csvg%20xmlns=\" http:=\"\" alt=\"\" title=\"03 \u2013 Devanture Le Jacquard Fran\u00e7ais \u00a9 Margaux Nourry \u2013 Lyon People-2-1\" class=\"wp-image-160927\" data-lazy- data-lazy- data-lazy-src=\"https:\/\/www.europesays.com\/fr\/wp-content\/uploads\/2025\/06\/03-Devanture-Le-Jacquard-Francais-\u00a9-Margaux-Nourry-Lyon-People-2-1.jpg\"\/><\/p>\n<p>La transaction a \u00e9t\u00e9 assur\u00e9e par Valoris Commercial Real Estate et Adok &#8211; Photos Lyon People <\/p>\n<p><strong>Texte\u00a0: Margaux Nourry \u2013<\/strong> L\u2019enseigne sp\u00e9cialiste du linge de maison, Le Jacquard Fran\u00e7ais ouvre sa premi\u00e8re boutique en propre \u00e0 la place d\u2019un magasin The Kooples.<\/p>\n<p>Le 41, rue de Brest, dans le 2\u00e8me arrondissement, change de locataire. Le local de 50m2\u00a0qui fut la premi\u00e8re boutique lyonnaise The Kooples accueillera le premier magasin Le Jacquard Fran\u00e7ais.<\/p>\n<p>R\u00e9cemment rachet\u00e9e par le groupe Verdoso, sp\u00e9cialiste de la restructuration d\u2019entreprise, la marque The Kooples a choisi de s\u2019all\u00e9ger au niveau de sa pr\u00e9sence lyonnaise. Se d\u00e9lester du 41 rue de Brest para\u00eet logique quand l\u2019on sait que ses autres boutiques lyonnaises s\u2019\u00e9tendent sur des centaines de m\u00e8tres carr\u00e9.<\/p>\n<p><img loading=\"lazy\" decoding=\"async\" class=\"alignnone size-full wp-image-160928\" src=\"data:image\/svg+xml,%3Csvg%20xmlns=\" http:=\"\" alt=\"\" width=\"900\" height=\"544\" data-lazy- data-lazy- data-lazy-src=\"https:\/\/www.europesays.com\/fr\/wp-content\/uploads\/2025\/06\/05-The-Kooples-1.jpg\"\/><\/p>\n<p>\u00ab\u00a0C\u2019est une question de rationalisation dans les points de vente, souligne <strong>Anne-Marie Badol<\/strong> d\u2019Adok Immobilier Commercial, en charge, avec l\u2019agence immobili\u00e8re Valoris Real Estate, de la vente du fonds de commerce. Mais le bien n\u2019a pas \u00e9t\u00e9 brad\u00e9, la valeur locative de la rue a \u00e9t\u00e9 respect\u00e9e.\u00a0\u00bb<\/p>\n<p><strong>Cette localisation est un atout. Le sera-t-elle toujours apr\u00e8s la fermeture de la Presqu\u2019\u00eele ?<\/strong><\/p>\n<p>La vente a \u00e9t\u00e9 sign\u00e9e en f\u00e9vrier 2025, mais il faudra encore attendre quelques mois pour une ouverture officielle, apr\u00e8s des travaux, notamment sur la devanture, visant \u00e0 cr\u00e9er une exp\u00e9rience lifestyle. Encore faut-il qu\u2019ils soient accept\u00e9s par les services d\u2019urbanisme de la ville au vu de sa localisation proche de la place des Jacobins.<\/p>\n<p>Rien n\u2019\u00e9tait laiss\u00e9 au hasard pour jeter son d\u00e9volu sur un local visant \u00e0 accueillir la toute premi\u00e8re, et l\u2019unique boutique lyonnaise Le Jacquard Fran\u00e7ais. Plus question de se cantonner \u00e0 un simple corner au Printemps ou aux Galeries Lafayette, il faut viser grand maintenant. Et \u00eatre \u00e0 la hauteur du prestige de cette maison embl\u00e9matique, fond\u00e9e \u00e0 la fin du XIXe si\u00e8cle.<\/p>\n<p><img loading=\"lazy\" decoding=\"async\" class=\"alignnone size-full wp-image-160929\" src=\"data:image\/svg+xml,%3Csvg%20xmlns=\" http:=\"\" alt=\"\" width=\"900\" height=\"600\" data-lazy- data-lazy- data-lazy-src=\"https:\/\/www.europesays.com\/fr\/wp-content\/uploads\/2025\/06\/01-Devanture-Le-Jacquard-Francais-\u00a9-Margaux-Nourry-Lyon-People-1.jpg\"\/><\/p>\n<p><strong>\u00ab\u00a0Disposer de notre propre \u00e9crin nous permet de proposer une exp\u00e9rience plus immersive, coh\u00e9rente avec notre mont\u00e9e en gamme et fid\u00e8le \u00e0 l\u2019univers de la marque \u00bb, souligne Le Jacquard Fran\u00e7ais<\/strong><\/p>\n<p>Le tout avec \u00ab avec un accent renforc\u00e9 sur la qualit\u00e9, l\u2019esth\u00e9tisme et l\u2019exp\u00e9rience client \u00bb. Et d\u2019ajouter \u00ab Cette \u00e9volution est aussi nourrie par les retours de notre communaut\u00e9, de plus en plus en demande de lieux physiques pour d\u00e9couvrir nos collections. \u00bb\u00a0Alors quoi de mieux qu\u2019un emplacement au c\u0153ur historique de la Presqu\u2019\u00eele lyonnaise, non loin de la place des Jacobins. Il faudra n\u00e9anmoins attendre une bonne ann\u00e9e pour conna\u00eetre l\u2019impact de la ZTL.<\/p>\n<p>A proximit\u00e9 du triangle d\u2019or, ces lieux attiraient jusqu\u2019\u00e0 pr\u00e9sent des touristes \u00e0 la recherche du savoir-faire fran\u00e7ais, \u00e0 la fois dans l\u2019architecture, la gastronomie\u2026 et l\u2019art de vivre \u00e0 la fran\u00e7aise. \u00ab \u00catre au c\u0153ur de la Presqu\u2019\u00eele, c\u2019est aussi s\u2019aligner avec d\u2019autres marques premium, ce qui correspond parfaitement \u00e0 notre nouveau positionnement \u00bb, poursuit Le Jacquard Fran\u00e7ais.<\/p>\n<p><strong>Et l\u2019art de vivre \u00e0 la fran\u00e7aise, il y en a dans leur linge de maison\u00a0<\/strong><\/p>\n<p>La marque dont le nom fait r\u00e9f\u00e9rence au m\u00e9tier \u00e0 tisser automatis\u00e9, une innovation historique, se veut m\u00eame \u00e9tendard du savoir-faire fran\u00e7ais. Pour comprendre, il faut remonter son histoire. 1861, Gerardmer, dans l\u2019est de la France, connu comme le berceau de l\u2019industrie textile. <strong>Benjamin Baer<\/strong> installe une manufacture.<\/p>\n<p><img loading=\"lazy\" decoding=\"async\" class=\"alignnone wp-image-160930\" src=\"data:image\/svg+xml,%3Csvg%20xmlns=\" http:=\"\" alt=\"\" width=\"925\" height=\"601\" data-lazy- data-lazy- data-lazy-src=\"https:\/\/www.europesays.com\/fr\/wp-content\/uploads\/2025\/06\/07-Jacquard-devanture-Lyon.png\"\/><\/p>\n<p>Une affaire reprise en 1888 par son associ\u00e9 <strong>Nathan L\u00e9vy<\/strong> avant d\u2019int\u00e9grer le groupe ELIS en 1968. Et de conna\u00eetre un v\u00e9ritable succ\u00e8s sous l\u2019impulsion de la styliste <strong>Primrose Bordier<\/strong>, passionn\u00e9e des couleurs dans un univers monochrome. Aujourd\u2019hui, Le Jacquard Fran\u00e7ais signe \u00e9galement des accessoires de d\u00e9coration, des collections outdoor, des sacs, etc.<\/p>\n<p>Sa r\u00e9putation n\u2019est plus \u00e0 faire. La maison est mondialement connue pour ses mat\u00e9riaux naturels, la finesse de ses tissus ainsi que la richesse de ses motifs. Des pi\u00e8ces \u00e0 transmettre de g\u00e9n\u00e9ration en g\u00e9n\u00e9ration et donc bient\u00f4t disponible rue de Brest\u2026<\/p>\n","protected":false},"excerpt":{"rendered":"La transaction a \u00e9t\u00e9 assur\u00e9e par Valoris Commercial Real Estate et Adok &#8211; Photos Lyon People Texte\u00a0: Margaux&hellip;\n","protected":false},"author":2,"featured_media":185372,"comment_status":"","ping_status":"","sticky":false,"template":"","format":"standard","meta":{"footnotes":""},"categories":[1889],"tags":[4257,1111,11,2430,1777,674,1011,27,32349,2428,12,25],"class_list":{"0":"post-188494","1":"post","2":"type-post","3":"status-publish","4":"format-standard","5":"has-post-thumbnail","7":"category-lyon","8":"tag-0top","9":"tag-actu","10":"tag-actualites","11":"tag-auvergne-rhone-alpes","12":"tag-eu","13":"tag-europe","14":"tag-fr","15":"tag-france","16":"tag-le-jacquard-francais","17":"tag-lyon","18":"tag-news","19":"tag-republique-francaise"},"share_on_mastodon":{"url":"https:\/\/pubeurope.com\/@fr\/114710265587674876","error":""},"_links":{"self":[{"href":"https:\/\/www.europesays.com\/fr\/wp-json\/wp\/v2\/posts\/188494","targetHints":{"allow":["GET"]}}],"collection":[{"href":"https:\/\/www.europesays.com\/fr\/wp-json\/wp\/v2\/posts"}],"about":[{"href":"https:\/\/www.europesays.com\/fr\/wp-json\/wp\/v2\/types\/post"}],"author":[{"embeddable":true,"href":"https:\/\/www.europesays.com\/fr\/wp-json\/wp\/v2\/users\/2"}],"replies":[{"embeddable":true,"href":"https:\/\/www.europesays.com\/fr\/wp-json\/wp\/v2\/comments?post=188494"}],"version-history":[{"count":0,"href":"https:\/\/www.europesays.com\/fr\/wp-json\/wp\/v2\/posts\/188494\/revisions"}],"wp:featuredmedia":[{"embeddable":true,"href":"https:\/\/www.europesays.com\/fr\/wp-json\/wp\/v2\/media\/185372"}],"wp:attachment":[{"href":"https:\/\/www.europesays.com\/fr\/wp-json\/wp\/v2\/media?parent=188494"}],"wp:term":[{"taxonomy":"category","embeddable":true,"href":"https:\/\/www.europesays.com\/fr\/wp-json\/wp\/v2\/categories?post=188494"},{"taxonomy":"post_tag","embeddable":true,"href":"https:\/\/www.europesays.com\/fr\/wp-json\/wp\/v2\/tags?post=188494"}],"curies":[{"name":"wp","href":"https:\/\/api.w.org\/{rel}","templated":true}]}}