{"id":188501,"date":"2025-06-19T13:31:09","date_gmt":"2025-06-19T13:31:09","guid":{"rendered":"https:\/\/www.europesays.com\/fr\/188501\/"},"modified":"2025-06-19T13:31:09","modified_gmt":"2025-06-19T13:31:09","slug":"un-homme-interpelle-gare-montparnasse","status":"publish","type":"post","link":"https:\/\/www.europesays.com\/fr\/188501\/","title":{"rendered":"un homme interpell\u00e9 gare Montparnasse"},"content":{"rendered":"<p>            Par<br \/>\n        <strong><br \/>\n            <a href=\"https:\/\/actu.fr\/auteur\/redaction-paris\" title=\"Consulter tous les articles de R\u00e9daction Paris\" target=\"_blank\" rel=\"noopener\">R\u00e9daction Paris<\/a><br \/>\n        <\/strong><\/p>\n<p>        Publi\u00e9 le<\/p>\n<p>            19 juin 2025 \u00e0 15h19        <\/p>\n<p>Avait-il peur de manquer\u2009? Ou son stock \u00e9tait il destin\u00e9 \u00e0 finir ailleurs que dans sa pharmacie personnelle\u2009? Toujours est-il que mardi 17 juin 2025, <a href=\"https:\/\/actu.fr\/tag\/gare-montparnasse\" target=\"_blank\" rel=\"noopener\">gare Montparnasse<\/a> dans le 15e arrondissement de Paris, un homme a \u00e9t\u00e9 interpell\u00e9 par la police r\u00e9gionale des transports (BRF) avec en sa possession un sac qui contenait <strong>240 bo\u00eetes de m\u00e9dicaments<\/strong>.<\/p>\n<p>Une situation fr\u00e9quente<\/p>\n<p class=\" wall-content\">Questionn\u00e9 sur la raison d\u2019un tel chargement, il n\u2019a pas \u00e9t\u00e9 capable de r\u00e9pondre aux forces de l\u2019ordre. Il a donc \u00e9t\u00e9 <strong>interpell\u00e9<\/strong>.\u00a0Ce n\u2019est pas la premi\u00e8re fois que les policiers font ce genre d\u2019arrestations dans la gare parisienne qui dessert l\u2019ouest de la France.<\/p>\n<p class=\" wall-content\">\n<p class=\" wall-content\">Quelques jours plus t\u00f4t, le vendredi 13\u00a0juin 2025, un homme a \u00e9t\u00e9 <a href=\"https:\/\/actu.fr\/ile-de-france\/paris_75056\/gare-montparnasse-a-paris-son-attitude-fuyante-le-trahit-le-controle-de-la-police-s-avere-tres-fructueux_62774130.html\" target=\"_blank\" rel=\"noopener\">trouv\u00e9 en possession de 35\u2009000\u00a0euros<\/a> en esp\u00e8ces mais il ne pouvait pas en <strong>justifier la provenance<\/strong>. M\u00eame situation fin mai.<\/p>\n<p class=\" wall-content\">En f\u00e9vrier dernier, ce sont <strong>123 capsules de coca\u00efne<\/strong> qui ont \u00e9t\u00e9 trouv\u00e9es dans le sec d\u2019un homme au comportement suspect.<\/p>\n<p class=\" wall-content\">Suivez toute l\u2019actualit\u00e9 de vos villes et m\u00e9dias favoris en vous inscrivant \u00e0 <a href=\"https:\/\/moncompte.actu.fr\" title=\"D\u00e9couvez Mon Actu\" rel=\"nofollow noopener\" data-trk=\"{&quot;cta&quot;:{&quot;action&quot;:&quot;https:\\\/\\\/moncompte.actu.fr&quot;,&quot;category&quot;:&quot;mon compte&quot;,&quot;from&quot;:&quot;article footer&quot;,&quot;name&quot;:&quot;Mon actu&quot;,&quot;type&quot;:&quot;cta&quot;}}\" target=\"_blank\">Mon Actu<\/a>.<\/p>\n","protected":false},"excerpt":{"rendered":"Par R\u00e9daction Paris Publi\u00e9 le 19 juin 2025 \u00e0 15h19 Avait-il peur de manquer\u2009? Ou son stock \u00e9tait&hellip;\n","protected":false},"author":2,"featured_media":123832,"comment_status":"","ping_status":"","sticky":false,"template":"","format":"standard","meta":{"footnotes":""},"categories":[1888],"tags":[1111,1928,11,1927,1777,674,118,1011,27,8037,12,1926,626,1925,1072,1931,25],"class_list":{"0":"post-188501","1":"post","2":"type-post","3":"status-publish","4":"format-standard","5":"has-post-thumbnail","7":"category-paris","8":"tag-actu","9":"tag-actu-paris","10":"tag-actualites","11":"tag-actualites-paris","12":"tag-eu","13":"tag-europe","14":"tag-faits-divers","15":"tag-fr","16":"tag-france","17":"tag-gare-montparnasse","18":"tag-news","19":"tag-news-paris","20":"tag-paris","21":"tag-paris-news","22":"tag-police","23":"tag-prefecture-de-police-de-paris","24":"tag-republique-francaise"},"share_on_mastodon":{"url":"https:\/\/pubeurope.com\/@fr\/114710281184234930","error":""},"_links":{"self":[{"href":"https:\/\/www.europesays.com\/fr\/wp-json\/wp\/v2\/posts\/188501","targetHints":{"allow":["GET"]}}],"collection":[{"href":"https:\/\/www.europesays.com\/fr\/wp-json\/wp\/v2\/posts"}],"about":[{"href":"https:\/\/www.europesays.com\/fr\/wp-json\/wp\/v2\/types\/post"}],"author":[{"embeddable":true,"href":"https:\/\/www.europesays.com\/fr\/wp-json\/wp\/v2\/users\/2"}],"replies":[{"embeddable":true,"href":"https:\/\/www.europesays.com\/fr\/wp-json\/wp\/v2\/comments?post=188501"}],"version-history":[{"count":0,"href":"https:\/\/www.europesays.com\/fr\/wp-json\/wp\/v2\/posts\/188501\/revisions"}],"wp:featuredmedia":[{"embeddable":true,"href":"https:\/\/www.europesays.com\/fr\/wp-json\/wp\/v2\/media\/123832"}],"wp:attachment":[{"href":"https:\/\/www.europesays.com\/fr\/wp-json\/wp\/v2\/media?parent=188501"}],"wp:term":[{"taxonomy":"category","embeddable":true,"href":"https:\/\/www.europesays.com\/fr\/wp-json\/wp\/v2\/categories?post=188501"},{"taxonomy":"post_tag","embeddable":true,"href":"https:\/\/www.europesays.com\/fr\/wp-json\/wp\/v2\/tags?post=188501"}],"curies":[{"name":"wp","href":"https:\/\/api.w.org\/{rel}","templated":true}]}}