{"id":188506,"date":"2025-06-19T13:34:23","date_gmt":"2025-06-19T13:34:23","guid":{"rendered":"https:\/\/www.europesays.com\/fr\/188506\/"},"modified":"2025-06-19T13:34:23","modified_gmt":"2025-06-19T13:34:23","slug":"la-vegetalisation-massive-de-la-ville-est-la-solution-dadaptation","status":"publish","type":"post","link":"https:\/\/www.europesays.com\/fr\/188506\/","title":{"rendered":"\u201cLa v\u00e9g\u00e9talisation massive de la ville est LA solution d\u2019adaptation\u201d"},"content":{"rendered":"<p class=\"latino-300b text-grey-800\">\n<p>  Propos recueillis par<br \/>\n<a href=\"https:\/\/www.nouvelobs.com\/journalistes\/224\/richard-godin.html\" class=\"text-decoration-none link--box d-inline\" target=\"_blank\" rel=\"noopener\">Richard Godin<\/a>                <\/p>\n<p class=\"latino-300r text-grey-600\">\n      Publi\u00e9 le<\/p>\n<p>    19 juin 2025 \u00e0 15h00<\/p>\n<p>      <img fetchpriority=\"high\" decoding=\"async\" class=\"mx-auto\" src=\"data:image\/svg+xml,%3Csvg%20xmlns%3D%27http%3A%2F%2Fwww.w3.org%2F2000%2Fsvg%27%20fill%3D%22%23e4e4e4%22%20viewBox%3D%270%200%20510%20340%27%20width%3D%22510%22%20height%3D%22340%22%3E%3Cpath%20d%3D%27M0%200h510v340H0z%27%2F%3E%3C%2Fsvg%3E\"  loading=\"eager\" width=\"510\" height=\"340\" data-oncrawl-image-size=\"510x340\" alt=\"\u00ab\u00a0Deux tiers des toits de Paris sont en zinc, un mat\u00e9riau qui surchauffe jusqu\u2019\u00e0 80\u00a0degr\u00e9s en p\u00e9riode caniculaire\u00a0\u00bb, alerte l\u2019adjoint Dan Lert.\"\/>      <\/p>\n<p class=\"latino-100m text-grey-600\">\n            \u00ab\u00a0Deux tiers des toits de Paris sont en zinc, un mat\u00e9riau qui surchauffe jusqu\u2019\u00e0 80\u00a0degr\u00e9s en p\u00e9riode caniculaire\u00a0\u00bb, alerte l\u2019adjoint Dan Lert.\u00a0GEOFFROY VAN DER HASSELT\/AFP        <\/p>\n<p><a aria-label=\"Nous suivre sur Google News\" href=\"https:\/\/news.google.com\/publications\/CAAqBwgKMJe4nQkw3dFs?hl=fr&amp;gl=FR&amp;ceid=FR%3Afr\" target=\"_blank\" data-piano=\"Page_Article,Sous_date_publi,Nous_suivre_sur_google_news,1er_clic,action\" class=\"btn btn--small btn--tertiary btn--icon-only\" rel=\"noopener\"><\/p>\n<p>      Google Actualit\u00e9s<br \/>\n  <\/a><\/p>\n<p>  Partager<\/p>\n<p>        Facebook<\/p>\n<p>        Bluesky<\/p>\n<p>        E-mail<\/p>\n<p>        Copier le lien<\/p>\n<p>      Envoyer<\/p>\n<p>  S\u2019abonner pour lire<\/p>\n<p>    Temps de lecture\u00a0:\u00a03\u00a0min.<\/p>\n<p class=\"badge badge--content-premium latino-100b\">Abonn\u00e9<\/p>\n<p class=\"article__description latino-600m mb-8 mb-lg-30 \" data-oncrawl-chapo-length=\"303\">\n  \t  Entretien\u00a0<br \/>\n    Alors que des chaleurs intenses s\u2019abattent sur le pays, et notamment sur la capitale, la mairie de Paris a mis en place plusieurs mesures pour adapter l\u2019espace public, les b\u00e2timents et accompagner le quotidien des habitants. Entretien avec Dan Lert, adjoint charg\u00e9 de la transition \u00e9cologique.<\/p>\n<p>De fortes chaleurs touchent actuellement la France et notamment Paris, une m\u00e9tropole dense et largement min\u00e9rale. Comment peut-on adapter l\u2019espace public dans la capitale aux nouvelles conditions climatiques\u00a0?<\/p>\n<p class=\"node__paragraphe antonia-750r text-grey-800 pb-24 pb-md-30\">\n<strong>Dan Lert <\/strong>Paris est une des villes d\u2019Europe les plus vuln\u00e9rables aux fortes chaleurs en raison de la configuration urbaine. Adapter la ville est un vrai enjeu de sant\u00e9 publique et de protection de la population, notamment des plus vuln\u00e9rables (enfants, personnes \u00e2g\u00e9es, femmes enceintes\u2026). En\u00a02023, il y a eu 1\u00a0000\u00a0morts durant la canicule \u00e0 Paris, essentiellement dans les logements sous les toits.<\/p>\n<p class=\"node__paragraphe antonia-750r text-grey-800 pb-8\">\nDans l\u2019espace public et dans les b\u00e2timents parisien\u2026<\/p>\n<p class=\"latino-100m text-blue-400\">Article r\u00e9serv\u00e9 aux abonn\u00e9s.<\/p>\n<p>          Se connecter<\/p>\n<p class=\"text-center antonia-1850c\" style=\"margin-bottom:4px;\">Envie de lire la suite ?<\/p>\n<p class=\"text-center antonia-800c pb-15\">Tous nos articles en int\u00e9gralit\u00e9 d\u00e8s\u00a01\u20ac<\/p>\n<p>        S&rsquo;abonner<\/p>\n<p class=\"text-grey-700 or\">ou<\/p>\n<p>            <img width=\"164\" height=\"20\" src=\"data:image\/svg+xml,%3Csvg%20xmlns%3D%27http%3A%2F%2Fwww.w3.org%2F2000%2Fsvg%27%20fill%3D%22%23e4e4e4%22%20viewBox%3D%270%200%20282%2054%27%20width%3D%22282%22%20height%3D%2254%22%3E%3Cpath%20d%3D%27M0%200h282v54H0z%27%2F%3E%3C%2Fsvg%3E\"  class=\"js-swg-placeholder\" alt=\"Subscribe with Google\" loading=\"lazy\" decoding=\"async\"\/><\/p>\n<p>          D\u00e9couvrir toutes nos offres<\/p>\n","protected":false},"excerpt":{"rendered":"Propos recueillis par Richard Godin Publi\u00e9 le 19 juin 2025 \u00e0 15h00 \u00ab\u00a0Deux tiers des toits de Paris&hellip;\n","protected":false},"author":2,"featured_media":188507,"comment_status":"","ping_status":"","sticky":false,"template":"","format":"standard","meta":{"footnotes":""},"categories":[1888],"tags":[17,11,32639,32637,32636,1777,674,2823,32638,1011,27,17350,12,626,25,10792,4824],"class_list":{"0":"post-188506","1":"post","2":"type-post","3":"status-publish","4":"format-standard","5":"has-post-thumbnail","7":"category-paris","8":"tag-17","9":"tag-actualites","10":"tag-chaleurs","11":"tag-ecologie-politique","12":"tag-ecoloobs","13":"tag-eu","14":"tag-europe","15":"tag-face","16":"tag-fortes","17":"tag-fr","18":"tag-france","19":"tag-massive","20":"tag-news","21":"tag-paris","22":"tag-republique-francaise","23":"tag-vegetalisation","24":"tag-ville"},"share_on_mastodon":{"url":"https:\/\/pubeurope.com\/@fr\/114710293221105858","error":""},"_links":{"self":[{"href":"https:\/\/www.europesays.com\/fr\/wp-json\/wp\/v2\/posts\/188506","targetHints":{"allow":["GET"]}}],"collection":[{"href":"https:\/\/www.europesays.com\/fr\/wp-json\/wp\/v2\/posts"}],"about":[{"href":"https:\/\/www.europesays.com\/fr\/wp-json\/wp\/v2\/types\/post"}],"author":[{"embeddable":true,"href":"https:\/\/www.europesays.com\/fr\/wp-json\/wp\/v2\/users\/2"}],"replies":[{"embeddable":true,"href":"https:\/\/www.europesays.com\/fr\/wp-json\/wp\/v2\/comments?post=188506"}],"version-history":[{"count":0,"href":"https:\/\/www.europesays.com\/fr\/wp-json\/wp\/v2\/posts\/188506\/revisions"}],"wp:featuredmedia":[{"embeddable":true,"href":"https:\/\/www.europesays.com\/fr\/wp-json\/wp\/v2\/media\/188507"}],"wp:attachment":[{"href":"https:\/\/www.europesays.com\/fr\/wp-json\/wp\/v2\/media?parent=188506"}],"wp:term":[{"taxonomy":"category","embeddable":true,"href":"https:\/\/www.europesays.com\/fr\/wp-json\/wp\/v2\/categories?post=188506"},{"taxonomy":"post_tag","embeddable":true,"href":"https:\/\/www.europesays.com\/fr\/wp-json\/wp\/v2\/tags?post=188506"}],"curies":[{"name":"wp","href":"https:\/\/api.w.org\/{rel}","templated":true}]}}