{"id":188515,"date":"2025-06-19T13:39:10","date_gmt":"2025-06-19T13:39:10","guid":{"rendered":"https:\/\/www.europesays.com\/fr\/188515\/"},"modified":"2025-06-19T13:39:10","modified_gmt":"2025-06-19T13:39:10","slug":"4padel-sattaque-a-linternational-avec-une-premiere-implantation-en-allemagne","status":"publish","type":"post","link":"https:\/\/www.europesays.com\/fr\/188515\/","title":{"rendered":"4PADEL s\u2019attaque \u00e0 l\u2019international avec une premi\u00e8re implantation en Allemagne"},"content":{"rendered":"<p><strong>4PADEL<\/strong>, poursuit son d\u00e9veloppement \u00e0 grande vitesse. Marque phare du <strong>groupe PLAYERS<\/strong>, 4PADEL annonce l\u2019acquisition de <strong>5 clubs indoor en Allemagne<\/strong>, repr\u00e9sentant un total de <strong>40 pistes suppl\u00e9mentaires<\/strong>, soit une <strong>hausse de 30 %<\/strong> de son r\u00e9seau.<\/p>\n<p>Une implantation strat\u00e9gique dans un march\u00e9 en plein essor<\/p>\n<p>L\u2019Allemagne, \u00e0 l\u2019instar de nombreux pays europ\u00e9ens, conna\u00eet actuellement une forte croissance de la pratique du padel. En s\u2019implantant \u00e0 <strong>D\u00fcsseldorf, Berlin, M\u00fcnster, Essen et M\u00fclheim<\/strong>, 4PADEL r\u00e9alise <strong>un premier pas concret \u00e0 l\u2019international<\/strong>, avec l\u2019ambition de devenir un acteur incontournable du d\u00e9veloppement du padel en Europe.<\/p>\n<p>Cette acquisition refl\u00e8te la volont\u00e9 du <strong>groupe PLAYERS<\/strong> \u2013 \u00e9galement propri\u00e9taire des marques <strong>LE FIVE, ZIDANE FIVE CLUB<\/strong> et <strong>PLAYERS EVENTS<\/strong> \u2013 <strong>d\u2019exporter son savoir-faire<\/strong> dans le domaine du sport loisir indoor. D\u00e8s l\u2019\u00e9t\u00e9 2025, les clubs allemands concern\u00e9s seront <strong>int\u00e9gr\u00e9s sans interruption<\/strong> sous l\u2019enseigne 4PADEL.<\/p>\n<p>Un mod\u00e8le \u00e9prouv\u00e9 : sport, convivialit\u00e9 et digital<\/p>\n<p>Le groupe pr\u00e9voit de <strong>d\u00e9ployer en Allemagne l\u2019exp\u00e9rience 4PADEL<\/strong> d\u00e9j\u00e0 bien connue des joueurs fran\u00e7ais : une <strong>ambiance \u201cclub\u201d chaleureuse<\/strong>, une <strong>offre digitale compl\u00e8te<\/strong>, et le d\u00e9veloppement de <strong>sports bars<\/strong> dans ses infrastructures, pour faire des clubs de v\u00e9ritables <strong>lieux de vie conviviaux et connect\u00e9s<\/strong>.<\/p>\n<p>Les cofondateurs de PLAYERS, <strong>Joseph Vieville, Tony Jalinier et Guillaume Debelmas<\/strong>, pr\u00e9cisent :<\/p>\n<blockquote class=\"wp-block-quote is-layout-flow wp-block-quote-is-layout-flow\">\n<p>\u00ab Dans le cadre d\u2019une expansion europ\u00e9enne tr\u00e8s cibl\u00e9e, dans des pays o\u00f9 la pratique du padel n\u2019est pas encore compl\u00e8tement structur\u00e9e, cette acquisition fait partie des leviers de d\u00e9veloppement identifi\u00e9s avec <strong>Vendis Capital<\/strong>, le fonds d\u2019investissement entr\u00e9 au capital de PLAYERS l\u2019\u00e9t\u00e9 dernier. Tout en respectant la culture locale, l\u2019ambition de PLAYERS est de d\u00e9velopper ce qui fait le succ\u00e8s de l\u2019exp\u00e9rience joueur 4PADEL en France, \u00e0 savoir l\u2019atmosph\u00e8re \u201cclub\u201d convivial et l\u2019exp\u00e9rience digitale \u00e0 360\u00b0. \u00bb<\/p>\n<\/blockquote>\n<p>Une ambition affirm\u00e9e pour 2026 et au-del\u00e0<\/p>\n<p>Le groupe PLAYERS ne compte pas s\u2019arr\u00eater l\u00e0. \u00c0 <strong>moyen terme (2026)<\/strong>, 4PADEL annonce l\u2019ouverture de <strong>125 nouvelles pistes en France<\/strong>. Et \u00e0 <strong>l\u2019horizon 2030<\/strong>, le groupe pr\u00e9voit l\u2019ouverture de <strong>10 clubs par an<\/strong> dans l\u2019Hexagone, tout en <strong>int\u00e9grant de nouvelles disciplines sportives en vogue<\/strong> dans ses structures.<\/p>\n<p>Avec cette offensive allemande, <strong>4PADEL se positionne comme l\u2019un des fers de lance du d\u00e9veloppement du padel en Europe<\/strong>.<\/p>\n<p><img loading=\"lazy\" decoding=\"async\" data-del=\"avatar\" alt=\"Communiqu\u00e9 de presse\" src=\"https:\/\/www.europesays.com\/fr\/wp-content\/uploads\/2025\/04\/Green-and-Gold-Simple-Charity-Event-Press-Release-Document-1-150x150.png\" class=\"avatar pp-user-avatar avatar-100 photo \" height=\"100\" width=\"100\"\/><\/p>\n<p class=\"related-title\">Sur le m\u00eame sujet<\/p>\n","protected":false},"excerpt":{"rendered":"4PADEL, poursuit son d\u00e9veloppement \u00e0 grande vitesse. Marque phare du groupe PLAYERS, 4PADEL annonce l\u2019acquisition de 5 clubs&hellip;\n","protected":false},"author":2,"featured_media":188516,"comment_status":"","ping_status":"","sticky":false,"template":"","format":"standard","meta":{"footnotes":""},"categories":[1587],"tags":[11,672,1804,1805,1803,1777,674,1801,12,32640,1802],"class_list":{"0":"post-188515","1":"post","2":"type-post","3":"status-publish","4":"format-standard","5":"has-post-thumbnail","7":"category-allemagne","8":"tag-actualites","9":"tag-allemagne","10":"tag-bundesrepublik-deutschland","11":"tag-de","12":"tag-deutschland","13":"tag-eu","14":"tag-europe","15":"tag-germany","16":"tag-news","17":"tag-padel-allemagne","18":"tag-republique-federale-dallemagne"},"share_on_mastodon":{"url":"https:\/\/pubeurope.com\/@fr\/114710312810759346","error":""},"_links":{"self":[{"href":"https:\/\/www.europesays.com\/fr\/wp-json\/wp\/v2\/posts\/188515","targetHints":{"allow":["GET"]}}],"collection":[{"href":"https:\/\/www.europesays.com\/fr\/wp-json\/wp\/v2\/posts"}],"about":[{"href":"https:\/\/www.europesays.com\/fr\/wp-json\/wp\/v2\/types\/post"}],"author":[{"embeddable":true,"href":"https:\/\/www.europesays.com\/fr\/wp-json\/wp\/v2\/users\/2"}],"replies":[{"embeddable":true,"href":"https:\/\/www.europesays.com\/fr\/wp-json\/wp\/v2\/comments?post=188515"}],"version-history":[{"count":0,"href":"https:\/\/www.europesays.com\/fr\/wp-json\/wp\/v2\/posts\/188515\/revisions"}],"wp:featuredmedia":[{"embeddable":true,"href":"https:\/\/www.europesays.com\/fr\/wp-json\/wp\/v2\/media\/188516"}],"wp:attachment":[{"href":"https:\/\/www.europesays.com\/fr\/wp-json\/wp\/v2\/media?parent=188515"}],"wp:term":[{"taxonomy":"category","embeddable":true,"href":"https:\/\/www.europesays.com\/fr\/wp-json\/wp\/v2\/categories?post=188515"},{"taxonomy":"post_tag","embeddable":true,"href":"https:\/\/www.europesays.com\/fr\/wp-json\/wp\/v2\/tags?post=188515"}],"curies":[{"name":"wp","href":"https:\/\/api.w.org\/{rel}","templated":true}]}}