{"id":188519,"date":"2025-06-19T13:41:09","date_gmt":"2025-06-19T13:41:09","guid":{"rendered":"https:\/\/www.europesays.com\/fr\/188519\/"},"modified":"2025-06-19T13:41:09","modified_gmt":"2025-06-19T13:41:09","slug":"ces-3-questions-qui-ont-eu-la-peau-demili","status":"publish","type":"post","link":"https:\/\/www.europesays.com\/fr\/188519\/","title":{"rendered":"ces 3 questions qui ont eu la peau d&rsquo;Emili &#8230;"},"content":{"rendered":"<p class=\"tls__ed-content__exc\">Le parcours d\u2019\u00c9milien dans Les 12<br \/>\ncoups de midi a impressionn\u00e9 les t\u00e9l\u00e9spectateurs pendant des mois.<br \/>\nMais ce 19 juin, il a eu du mal avec trois questions pr\u00e9cises.<\/p>\n<p>EN BREF<\/p>\n<ul class=\"bloc_resume_post_list\">\n<li>Le 19 juin 2023, lors de l\u00a0\u00bb\u00e9mission &lsquo;Les 12 coups de<br \/>\nmidi&rsquo; sur TF1, Emilien, un jeune champion de 20 ans, a rencontr\u00e9<br \/>\ndes difficult\u00e9s face \u00e0 certaines questions pos\u00e9es par Jean-Luc<br \/>\nReichmann.<\/li>\n<li>Malgr\u00e9 quelques erreurs, notamment en attribuant \u00e0 tort<br \/>\ndes \u0153uvres \u00e0 Victor Hugo et en se trompant sur des questions de<br \/>\nculture g\u00e9n\u00e9rale.<\/li>\n<li>D\u00e9couvrez comment Emilien, malgr\u00e9 ses erreurs, a su<br \/>\nmaintenir une cagnotte impressionnante et marquer l&rsquo;histoire du jeu<br \/>\nt\u00e9l\u00e9vis\u00e9 avec plus de 2,5 millions d&rsquo;euros accumul\u00e9s.<\/li>\n<\/ul>\n<p>Lors de l\u2019\u00e9mission des <a href=\"https:\/\/www.telestar.fr\/actu_tv\/les-12-coups-de-midi-a-combien-seleve-la-cagnotte-demilien-ce-19-juin-1699777\" target=\"_blank\" rel=\"noopener\"><br \/>\n12 coups de midi<\/a> diffus\u00e9e ce jeudi 19 juin sur TF1,<br \/>\n<a href=\"https:\/\/www.telestar.fr\/actu_tv\/les-12-coups-de-midi-ces-trois-questions-qui-ont-terrasse-emilien-ce-18-juin-1727574\" target=\"_blank\" rel=\"noopener\"><br \/>\nEmilien<\/a> a eu un peu de mal \u00e0 r\u00e9pondre \u00e0 certaines questions.<br \/>\nTout d\u2019abord, lors d\u2019un segment de l\u2019\u00e9mission, o\u00f9 il fallait<br \/>\nassocier des cat\u00e9gorie avec le pr\u00e9nom \u201cBruno\u201d, le candidat a<br \/>\npropos\u00e9 la cat\u00e9gorie \u201cnavigateur\u201d, proposant \u201cBruno<br \/>\nPeyron\u201d en h\u00e9sitant. <a href=\"https:\/\/www.telestar.fr\/actu_tv\/les-12-coups-de-midi-combien-a-obtenu-emilien-au-bac-de-philo-sa-note-ferait-palir-nimporte-qui-1727373\" target=\"_blank\" rel=\"noopener\"><br \/>\nJean-Luc Reichmann<\/a> a tout de suite confirm\u00e9 : \u201cBah oui<br \/>\nBruno Peyron.\u201d Un d\u00e9but qui laissait esp\u00e9rer une suite plus<br \/>\nsereine.<\/p>\n<p>Mais la deuxi\u00e8me question a tout chang\u00e9. Il a d\u00fb deviner<br \/>\nl\u2019auteur \u00e0 l\u2019origine du manga Les Chats d\u2019Ulthar. Emilien<br \/>\na propos\u00e9 \u201cVictor Hugo\u201d, visiblement au hasard.<br \/>\n\u201cC\u2019\u00e9tait pour dire quelque chose, je ne savais pas\u201d,<br \/>\na-t-il reconnu en direct. Clara, de son c\u00f4t\u00e9, a re\u00e7u les<br \/>\nencouragements de l\u2019animateur lorsqu\u2019elle r\u00e9ussissait \u00e0 bien<br \/>\nr\u00e9pondre aux questions. Plus tard dans l\u2019\u00e9mission, c\u2019est une<br \/>\nquestion du public en vid\u00e9o qui l\u2019a d\u00e9stabilis\u00e9. Une jeune<br \/>\nt\u00e9l\u00e9spectatrice lui a demand\u00e9 : \u201cDans le dessin anim\u00e9 Bienvenue<br \/>\nchez les Loud, quelle s\u0153ur de Lincoln est amoureuse de Bobby<br \/>\n?\u201d Emilien a simplement r\u00e9pondu : \u201cJe ne sais pas du<br \/>\ntout.\u201d puis a donn\u00e9 une proposition au hasard.\u00a0<\/p>\n<p>Le champion Emilien ne sait pas tout<\/p>\n<p>Ce jour-l\u00e0, Emilien a sembl\u00e9 moins \u00e0 l\u2019aise que d\u2019habitude. Le<br \/>\nstress de l\u2019\u00e9mission, ajout\u00e9 \u00e0 des questions plus \u00e9loign\u00e9es de ses<br \/>\npoints forts, a eu raison de lui. Le programme \u00e9tait d\u00e9di\u00e9 \u00e0<br \/>\nl\u2019association Mobilisation Cancer. \u00c0 la fin de ce num\u00e9ro, la<br \/>\ncagnotte de donation s\u2019\u00e9levait \u00e0 80 000 euros. Une somme tr\u00e8s<br \/>\nhonorable, qui permet \u00e0 l\u2019\u00e9quipe des 12 coups de midi de<br \/>\nfaire une tr\u00e8s bonne action.\u00a0<\/p>\n<p>Depuis son arriv\u00e9e le 25 septembre 2023, Emilien a marqu\u00e9<br \/>\nl\u2019histoire du jeu. \u00c0 seulement 20 ans, il a accumul\u00e9 plus de 2,5<br \/>\nmillions d\u2019euros et remport\u00e9 de nombreux cadeaux, dont plusieurs<br \/>\nvoitures.\u00a0<\/p>\n<p>D\u00e9j\u00e0 des difficult\u00e9s dans<br \/>\nl\u2019\u00e9mission<\/p>\n<p>Le 18 juin, Emilien avait d\u00e9j\u00e0 connu quelques difficult\u00e9s. Face<br \/>\n\u00e0 Michelle, lors du Coup Fatal, deux mauvaises r\u00e9ponses ont failli<br \/>\nlui co\u00fbter cher. \u00c0 la question \u201cQuel roi de la mythologie<br \/>\ngrecque a pour filles Antigone et Ism\u00e8ne ?\u201d, il a r\u00e9pondu<br \/>\n\u201cCr\u00e9on\u201d au lieu d\u2019\u0152dipe. \u201cVous m\u2019avez d\u00e9\u00e7u. J\u2019avais tout mis\u00e9<br \/>\nl\u00e0-dessus\u201d, a lanc\u00e9 Jean-Luc Reichmann.<\/p>\n<p>Un peu plus tard, il a \u00e9chou\u00e9 sur une autre question : \u201cDans<br \/>\nquelle ville italienne peut-on visiter la Mole Antonelliana ?\u201d<br \/>\nIl a propos\u00e9 \u201cVenise\u201d, mais la bonne r\u00e9ponse \u00e9tait Turin. Malgr\u00e9<br \/>\ncela, Emilien a remport\u00e9 le duel et acc\u00e9d\u00e9 au Coup du Ma\u00eetre.<\/p>\n<p>Au Coup du Ma\u00eetre, Emilien a encore tr\u00e9buch\u00e9. \u00c0 la question<br \/>\n\u201cO\u00f9 est-il possible de visionner l\u00e9galement un film, moins de<br \/>\nquatre mois apr\u00e8s sa sortie en salle ?\u201d, il a choisi \u201cDans les<br \/>\nm\u00e9diath\u00e8ques\u201d, alors que la bonne r\u00e9ponse \u00e9tait \u201cDans un avion\u201d. Il<br \/>\nn\u2019a donc pas pu tenter sa chance \u00e0 l\u2019\u00c9toile myst\u00e9rieuse. Sa<br \/>\ncagnotte reste impressionnante : 2 507 493 euros.<\/p>\n","protected":false},"excerpt":{"rendered":"Le parcours d\u2019\u00c9milien dans Les 12 coups de midi a impressionn\u00e9 les t\u00e9l\u00e9spectateurs pendant des mois. Mais ce&hellip;\n","protected":false},"author":2,"featured_media":188520,"comment_status":"","ping_status":"","sticky":false,"template":"","format":"standard","meta":{"footnotes":""},"categories":[1586],"tags":[11,548,8555,1777,674,1779,1011,27,465,466,12,25,1778,364],"class_list":{"0":"post-188519","1":"post","2":"type-post","3":"status-publish","4":"format-standard","5":"has-post-thumbnail","7":"category-europe","8":"tag-actualites","9":"tag-article-simple","10":"tag-emilien","11":"tag-eu","12":"tag-europe","13":"tag-european-union","14":"tag-fr","15":"tag-france","16":"tag-jean-luc-reichmann","17":"tag-les-12-coups-de-midi","18":"tag-news","19":"tag-republique-francaise","20":"tag-ue","21":"tag-union-europeenne"},"share_on_mastodon":{"url":"https:\/\/pubeurope.com\/@fr\/114710320473212885","error":""},"_links":{"self":[{"href":"https:\/\/www.europesays.com\/fr\/wp-json\/wp\/v2\/posts\/188519","targetHints":{"allow":["GET"]}}],"collection":[{"href":"https:\/\/www.europesays.com\/fr\/wp-json\/wp\/v2\/posts"}],"about":[{"href":"https:\/\/www.europesays.com\/fr\/wp-json\/wp\/v2\/types\/post"}],"author":[{"embeddable":true,"href":"https:\/\/www.europesays.com\/fr\/wp-json\/wp\/v2\/users\/2"}],"replies":[{"embeddable":true,"href":"https:\/\/www.europesays.com\/fr\/wp-json\/wp\/v2\/comments?post=188519"}],"version-history":[{"count":0,"href":"https:\/\/www.europesays.com\/fr\/wp-json\/wp\/v2\/posts\/188519\/revisions"}],"wp:featuredmedia":[{"embeddable":true,"href":"https:\/\/www.europesays.com\/fr\/wp-json\/wp\/v2\/media\/188520"}],"wp:attachment":[{"href":"https:\/\/www.europesays.com\/fr\/wp-json\/wp\/v2\/media?parent=188519"}],"wp:term":[{"taxonomy":"category","embeddable":true,"href":"https:\/\/www.europesays.com\/fr\/wp-json\/wp\/v2\/categories?post=188519"},{"taxonomy":"post_tag","embeddable":true,"href":"https:\/\/www.europesays.com\/fr\/wp-json\/wp\/v2\/tags?post=188519"}],"curies":[{"name":"wp","href":"https:\/\/api.w.org\/{rel}","templated":true}]}}