{"id":188523,"date":"2025-06-19T13:43:09","date_gmt":"2025-06-19T13:43:09","guid":{"rendered":"https:\/\/www.europesays.com\/fr\/188523\/"},"modified":"2025-06-19T13:43:09","modified_gmt":"2025-06-19T13:43:09","slug":"apres-les-attaques-de-rachida-dati-contre-patrick-cohen-sur-france-5-laudiovisuel-public-se-dresse-contre-sa-ministre-liberation","status":"publish","type":"post","link":"https:\/\/www.europesays.com\/fr\/188523\/","title":{"rendered":"Apr\u00e8s les attaques de Rachida Dati contre Patrick Cohen sur France 5, l\u2019audiovisuel public se dresse contre sa ministre \u2013 Lib\u00e9ration"},"content":{"rendered":"<p class=\"sc-ksZaOG ehjQrN text-element\">Jusqu\u2019ici, cela avait ressembl\u00e9 \u00e0 un bras de fer de coulisses, les dirigeantes de l\u2019audiovisuel public essayant de maintenir une certaine forme de biens\u00e9ance face aux scuds r\u00e9guli\u00e8rement balanc\u00e9s par Rachida Dati. Mais la guerre entre France T\u00e9l\u00e9visions, Radio France et leur ministre de tutelle semble d\u00e9sormais d\u00e9clar\u00e9e, <a href=\"https:\/\/www.liberation.fr\/economie\/medias\/dati-a-cohen-dans-c-a-vous-est-ce-que-vous-harcelez-vos-collaborateurs-cohen-a-dati-ce-que-vous-faites-cest-deshonorant-20250618_IIS2JVIWUBGKJCYTIQOEKAJKB4\/\" target=\"_blank\" rel=\"noreferrer noopener\" title=\"https:\/\/www.liberation.fr\/economie\/medias\/dati-a-cohen-dans-c-a-vous-est-ce-que-vous-harcelez-vos-collaborateurs-cohen-a-dati-ce-que-vous-faites-cest-deshonorant-20250618_IIS2JVIWUBGKJCYTIQOEKAJKB4\/\">le violent accrochage sur le plateau de C \u00e0 vous mercredi 18 juin<\/a> ayant fini de rendre publiques les hostilit\u00e9s.<\/p>\n<p class=\"sc-ksZaOG ehjQrN text-element\">Dans la foul\u00e9e, les deux entreprises publiques ont publi\u00e9 un message de soutien aux \u00e9quipes de l\u2019\u00e9mission et \u00e0 Patrick Cohen en particulier. \u00abLes mises en cause personnelles \u00e0 l\u2019encontre des journalistes ne sont pas acceptables\u00bb, \u00e9crit ainsi France T\u00e9l\u00e9visions sur X, sans citer nomm\u00e9ment Rachida Dati. \u00abMener des interviews contradictoires fait pleinement partie du m\u00e9tier de journaliste en d\u00e9mocratie et ne saurait justifier en aucun cas des attaques personnelles\u00bb, a rebondi Radio France, sur le m\u00eame mode.<\/p>\n<p class=\"sc-ksZaOG ehjQrN text-element\">Petit rappel des faits : la r\u00e9forme de l\u2019audiovisuel public, voulue de longue dat<\/p>\n","protected":false},"excerpt":{"rendered":"Jusqu\u2019ici, cela avait ressembl\u00e9 \u00e0 un bras de fer de coulisses, les dirigeantes de l\u2019audiovisuel public essayant de&hellip;\n","protected":false},"author":2,"featured_media":188524,"comment_status":"","ping_status":"","sticky":false,"template":"","format":"standard","meta":{"footnotes":""},"categories":[2],"tags":[11,1011,27,2400,12,417,10316,25],"class_list":{"0":"post-188523","1":"post","2":"type-post","3":"status-publish","4":"format-standard","5":"has-post-thumbnail","7":"category-actualites","8":"tag-actualites","9":"tag-fr","10":"tag-france","11":"tag-france-televisions","12":"tag-news","13":"tag-rachida-dati","14":"tag-radio-france","15":"tag-republique-francaise"},"share_on_mastodon":{"url":"https:\/\/pubeurope.com\/@fr\/114710328445450731","error":""},"_links":{"self":[{"href":"https:\/\/www.europesays.com\/fr\/wp-json\/wp\/v2\/posts\/188523","targetHints":{"allow":["GET"]}}],"collection":[{"href":"https:\/\/www.europesays.com\/fr\/wp-json\/wp\/v2\/posts"}],"about":[{"href":"https:\/\/www.europesays.com\/fr\/wp-json\/wp\/v2\/types\/post"}],"author":[{"embeddable":true,"href":"https:\/\/www.europesays.com\/fr\/wp-json\/wp\/v2\/users\/2"}],"replies":[{"embeddable":true,"href":"https:\/\/www.europesays.com\/fr\/wp-json\/wp\/v2\/comments?post=188523"}],"version-history":[{"count":0,"href":"https:\/\/www.europesays.com\/fr\/wp-json\/wp\/v2\/posts\/188523\/revisions"}],"wp:featuredmedia":[{"embeddable":true,"href":"https:\/\/www.europesays.com\/fr\/wp-json\/wp\/v2\/media\/188524"}],"wp:attachment":[{"href":"https:\/\/www.europesays.com\/fr\/wp-json\/wp\/v2\/media?parent=188523"}],"wp:term":[{"taxonomy":"category","embeddable":true,"href":"https:\/\/www.europesays.com\/fr\/wp-json\/wp\/v2\/categories?post=188523"},{"taxonomy":"post_tag","embeddable":true,"href":"https:\/\/www.europesays.com\/fr\/wp-json\/wp\/v2\/tags?post=188523"}],"curies":[{"name":"wp","href":"https:\/\/api.w.org\/{rel}","templated":true}]}}