{"id":188532,"date":"2025-06-19T13:49:22","date_gmt":"2025-06-19T13:49:22","guid":{"rendered":"https:\/\/www.europesays.com\/fr\/188532\/"},"modified":"2025-06-19T13:49:22","modified_gmt":"2025-06-19T13:49:22","slug":"le-mans-en-finale-de-la-coupe-de-france","status":"publish","type":"post","link":"https:\/\/www.europesays.com\/fr\/188532\/","title":{"rendered":"Le Mans en finale de la Coupe de France"},"content":{"rendered":"<p>                            <img decoding=\"async\" class=\"img-fluid thumbnail__news\" src=\"https:\/\/www.europesays.com\/fr\/wp-content\/uploads\/2025\/06\/2eaf5922-a8f7-47c8-af18-91fd6b50eea5.jpg\" alt=\"Le Mans en finale de la Coupe de France\"\/><br \/>\n                                                        Le MSB a r\u00e9alis\u00e9 un nouvel exploit ! Apr\u00e8s avoir battu Monaco en finale de la Leaders Cup, les Manceaux sont all\u00e9s s&rsquo;imposer en Principaut\u00e9 pour s&rsquo;offrir un duel avec le Paris Basket en finale de la Coupe, le 26 avril prochain (102-99).<\/p>\n<p>Quelques semaines apr\u00e8s la finale de la Leaders Cup et l&rsquo;immense surprise caus\u00e9e par Le Mans, \u00e0 Caen, les deux \u00e9quipes avaient rendez-vous sur la C\u00f4te d&rsquo;Azur pour une place \u00e0 l&rsquo;Accor Arena.<\/p>\n<p>Et encore une fois les Manceaux ont d\u00e9montr\u00e9 qu&rsquo;ils ne nourrissaient aucun complexe face \u00e0 un gros bras de l&rsquo;EuroLeague en r\u00e9alisant en d\u00e9but de rencontre spectaculaire, marqu\u00e9 par une remarquable adresse \u00e0 trois-points. Les Mon\u00e9gasques encaissaient 30 points lors du premier quart-temps, confirmant leur tendance \u00e0 \u00e9voluer sur courant alternatif au niveau de leur intensit\u00e9.<\/p>\n<p>Mais Vassilis Spanoulis a le luxe de poss\u00e9der un effectif \u00e0 rallonge et trouvait rapidement la solution pour ralentir le duo Leopold Delaunay-Tray Buchanan. Rel\u00e9gu\u00e9 \u00e0 -14, le champion de France changeait de braquet dans le sillage de Terry Tarpey et de l&rsquo;intensit\u00e9 de Matthew Strazel. Ce dernier servait intelligemment ses int\u00e9rieurs pour exploiter un avantage de taille \u00e9vident. Entre Cornelie et Jaiteh les centim\u00e8tres finissaient par peser et les d\u00e9bats s&rsquo;\u00e9quilibraient totalement.<\/p>\n<p>Loin de craquer, le MSB reprenait son bombardement ext\u00e9rieur apr\u00e8s la pause, David Dileo encha\u00eenant les tirs difficiles pour contrer l&rsquo;efficacit\u00e9 de Jaiteh pr\u00e8s du cercle (71-71). Le duel prenait une autre dimension \u00e0 l&rsquo;approche du money-time. Sur deux actions collectives sublimes conclues par Will Yeguete puis un tir venu d&rsquo;ailleurs de Trevor Hudgins, MVP de la Leaders Cup handicap\u00e9 par le fautes en premi\u00e8re mi-temps, Le Mans faisait le break \u00e0 cinq minutes du buzzer (85-92).<\/p>\n<p>Dans les cordes face \u00e0 une \u00e9quipe euphorique offensivement (16\/26 \u00e0 trois-points !), l&rsquo;ASM revenait avec l&rsquo;\u00e9nergie du d\u00e9sespoir de -11 \u00e0 -3 \u00e0 28 secondes du buzzer. Mais les visiteurs ne tremblaient pas sur la ligne des lancers-francs et signaient un succ\u00e8s qui lui permet de croire \u00e0 un deuxi\u00e8me troph\u00e9e cette saison !<\/p>\n","protected":false},"excerpt":{"rendered":"Le MSB a r\u00e9alis\u00e9 un nouvel exploit ! Apr\u00e8s avoir battu Monaco en finale de la Leaders Cup,&hellip;\n","protected":false},"author":2,"featured_media":188533,"comment_status":"","ping_status":"","sticky":false,"template":"","format":"standard","meta":{"footnotes":""},"categories":[1414],"tags":[1465,1464,1011,27,60],"class_list":{"0":"post-188532","1":"post","2":"type-post","3":"status-publish","4":"format-standard","5":"has-post-thumbnail","7":"category-basket","8":"tag-basket","9":"tag-basketball","10":"tag-fr","11":"tag-france","12":"tag-sports"},"share_on_mastodon":{"url":"https:\/\/pubeurope.com\/@fr\/114710352111797670","error":""},"_links":{"self":[{"href":"https:\/\/www.europesays.com\/fr\/wp-json\/wp\/v2\/posts\/188532","targetHints":{"allow":["GET"]}}],"collection":[{"href":"https:\/\/www.europesays.com\/fr\/wp-json\/wp\/v2\/posts"}],"about":[{"href":"https:\/\/www.europesays.com\/fr\/wp-json\/wp\/v2\/types\/post"}],"author":[{"embeddable":true,"href":"https:\/\/www.europesays.com\/fr\/wp-json\/wp\/v2\/users\/2"}],"replies":[{"embeddable":true,"href":"https:\/\/www.europesays.com\/fr\/wp-json\/wp\/v2\/comments?post=188532"}],"version-history":[{"count":0,"href":"https:\/\/www.europesays.com\/fr\/wp-json\/wp\/v2\/posts\/188532\/revisions"}],"wp:featuredmedia":[{"embeddable":true,"href":"https:\/\/www.europesays.com\/fr\/wp-json\/wp\/v2\/media\/188533"}],"wp:attachment":[{"href":"https:\/\/www.europesays.com\/fr\/wp-json\/wp\/v2\/media?parent=188532"}],"wp:term":[{"taxonomy":"category","embeddable":true,"href":"https:\/\/www.europesays.com\/fr\/wp-json\/wp\/v2\/categories?post=188532"},{"taxonomy":"post_tag","embeddable":true,"href":"https:\/\/www.europesays.com\/fr\/wp-json\/wp\/v2\/tags?post=188532"}],"curies":[{"name":"wp","href":"https:\/\/api.w.org\/{rel}","templated":true}]}}