{"id":188548,"date":"2025-06-19T13:57:10","date_gmt":"2025-06-19T13:57:10","guid":{"rendered":"https:\/\/www.europesays.com\/fr\/188548\/"},"modified":"2025-06-19T13:57:10","modified_gmt":"2025-06-19T13:57:10","slug":"du-depart-de-lapix-a-larrivee-de-salame-retour-sur-le-feuilleton-du-mercato-tele","status":"publish","type":"post","link":"https:\/\/www.europesays.com\/fr\/188548\/","title":{"rendered":"Du d\u00e9part de Lapix \u00e0 l\u2019arriv\u00e9e de Salam\u00e9\u2026 Retour sur le feuilleton du mercato t\u00e9l\u00e9"},"content":{"rendered":"<p>Cela faisait longtemps que le <a href=\"https:\/\/www.20minutes.fr\/dossier\/mercato_tele\" class=\"color-ultramarine c-link\" rel=\"nofollow noopener\" target=\"_blank\">mercato t\u00e9l\u00e9<\/a> n\u2019avait pas offert un sc\u00e9nario avec des protagonistes stars, son lot de rebondissements et sa r\u00e9solution donnant envie de voir le prochain \u00e9pisode. Ou plut\u00f4t de suivre le premier \u00ab\u00a020 Heures\u00a0\u00bb que <a href=\"https:\/\/www.20minutes.fr\/dossier\/lea_salame\" class=\"color-ultramarine c-link\" rel=\"nofollow noopener\" target=\"_blank\">L\u00e9a Salam\u00e9<\/a> pr\u00e9sentera prochainement sur <a href=\"https:\/\/www.20minutes.fr\/television\/france_2\/\" class=\"color-ultramarine c-link\" rel=\"nofollow noopener\" target=\"_blank\">France 2<\/a>. Ce jeudi, la journaliste qui anime d\u00e9j\u00e0 \u00ab\u00a0<a href=\"https:\/\/www.20minutes.fr\/arts-stars\/television\/epoque-emission-tele\/\" class=\"color-ultramarine c-link\" rel=\"nofollow noopener\" target=\"_blank\">Quelle \u00e9poque\u00a0!<\/a>\u00a0\u00bb tous les samedis sur la cha\u00eene, a \u00e9t\u00e9 annonc\u00e9e \u00e0 la succession d\u2019<a href=\"https:\/\/www.20minutes.fr\/dossier\/anne-sophie-lapix\" class=\"color-ultramarine c-link\" rel=\"nofollow noopener\" target=\"_blank\">Anne-Sophie Lapix<\/a>.<\/p>\n<p>Cette derni\u00e8re s\u2019appr\u00eate \u00e0 faire ses cartons pour voir si l\u2019herbe est plus verte (et l\u2019amour dans le pr\u00e9) sur M6, tandis que Caroline Roux a jou\u00e9 les r\u00f4les secondaires de taille dans cette histoire m\u00e9diatique. Au cas o\u00f9 vous auriez loup\u00e9 un \u00e9pisode, 20 Minutes vous fait le r\u00e9sum\u00e9\u2026<\/p>\n<p>Le 27 mai, face aux rumeurs grandissantes, France T\u00e9l\u00e9vision <a href=\"https:\/\/www.20minutes.fr\/arts-stars\/television\/4155662-20250527-anne-sophie-lapix-va-quitter-presentation-20-heures-france-2-mi-juillet-2025-annonce-france-televisions\" class=\"color-ultramarine c-link\" rel=\"nofollow noopener\" target=\"_blank\">officialise le d\u00e9part<\/a> d\u2019Anne-Sophie Lapix du \u00ab\u00a020 Heures\u00a0\u00bb de France 2 qu\u2019elle pr\u00e9sente depuis\u00a02017. Dans les couloirs, il se murmure que la journaliste paye ainsi ses audiences en d\u00e9clin et l\u2019\u00e9cart grandissant avec le JT de Gilles Bouleau sur <a href=\"https:\/\/www.20minutes.fr\/dossier\/tf1\" class=\"color-ultramarine c-link\" rel=\"nofollow noopener\" target=\"_blank\">TF1<\/a> suivi par 5\u00a0millions de fid\u00e8les.<\/p>\n<p>Un pied de nez en chanson\u00a0?<\/p>\n<p>Le fait qu\u2019elle peine \u00e0 attirer des figures politiques sur son plateau, \u00e9chaud\u00e9es par son ton et sa tendance \u00e0 ne pas \u00e9viter les questions qui f\u00e2chent aurait aussi pes\u00e9 dans la balance. Mais Anne-Sophie Lapix garde, du moins en apparence, la confiance du service public qui \u00ab\u00a0souhaite pouvoir compter \u00e0 la rentr\u00e9e sur [son] talent\u00a0\u00bb et dit \u00ab\u00a0travailler avec elle sur de nouveaux projets\u00a0\u00bb.<\/p>\n<p>Le 29 mai, la journaliste surprend et amuse en poussant la chansonnette lors des lancements et retours plateaux de son \u00ab\u00a020 Heures\u00a0\u00bb. Il en faut peu pour \u00eatre heureux, La Grenade, Voil\u00e0 c\u2019est fini, cette soir\u00e9e karaok\u00e9 n\u2019est peut-\u00eatre pas si anodine que cela. Anne-Sophie Lapix a-t-elle donn\u00e9 de la voix pour faire un pied de nez \u00e0 celles et ceux qui l\u2019ont d\u00e9barqu\u00e9e\u00a0? Elle semble a minima montrer qu\u2019elle garde de la l\u00e9g\u00e8ret\u00e9 malgr\u00e9 son d\u00e9part programm\u00e9.<\/p>\n<\/p>\n<p>A la recherche de sa nouvelle star, le groupe <a href=\"https:\/\/www.20minutes.fr\/dossier\/m6\" class=\"color-ultramarine c-link\" rel=\"nofollow noopener\" target=\"_blank\">M6<\/a> annonce le 26\u00a0juin son d\u00e9bauchage. Anne-Sophie Lapix est attendue sur l\u2019antenne de <a href=\"https:\/\/www.20minutes.fr\/medias\/rtl\/\" class=\"color-ultramarine c-link\" rel=\"nofollow noopener\" target=\"_blank\">RTL<\/a> d\u00e8s la fin ao\u00fbt, pour animer la tranche de 18 \u00e0 20 heures, comprenant l\u2019\u00e9mission \u00ab\u00a0On refait le monde\u00a0\u00bb. Elle pr\u00e9sentera \u00e9galement chaque dimanche sur M6, \u00ab\u00a0un grand entretien\u00a0\u00bb avec une personnalit\u00e9 cens\u00e9e offrir \u00ab\u00a0un regard \u00e9clair\u00e9 et exigeant sur les grands enjeux de notre \u00e9poque\u00a0\u00bb, dixit la cha\u00eene. Des primes \u00e9v\u00e9nementiels lui seront \u00e9galement confi\u00e9s, notamment \u00ab\u00a0dans le cadre des \u00e9ch\u00e9ances \u00e9lectorales \u00e0 venir\u00a0\u00bb.<\/p>\n<p>M6 veut \u00ab\u00a0se muscler\u00a0\u00bb sur les sujets politiques<\/p>\n<p>Au sein de la r\u00e9daction de M6 ce recrutement est accueilli positivement. \u00ab\u00a0M6 a toujours tenu \u00e0 faire tr\u00e8s peu de politique, si ce n\u2019est avec <a href=\"https:\/\/www.20minutes.fr\/arts-stars\/medias\/4155736-20250601-politiques-emissions-divertissement-outil-connaissance-vitrine-communication\" target=\"_blank\" class=\"color-ultramarine c-link\" rel=\"nofollow noopener\">Une ambition intime<\/a> qui est une proposition d\u00e9cal\u00e9e [et dont l\u2019\u00e9chec du dernier num\u00e9ro s\u2019est sold\u00e9 par sa disparition de l\u2019antenne]. L\u2019id\u00e9e semble d\u00e9sormais de se muscler sur ces sujets-l\u00e0, reste \u00e0 voir quelle forme cela prendra, mais quitte \u00e0 faire de la politique, autant que ce soit avec une personnalit\u00e9 connue pour sa pugnacit\u00e9 et ses comp\u00e9tences en la mati\u00e8re\u00a0\u00bb, confie \u00e0 20 Minutes un journaliste de la sixi\u00e8me cha\u00eene.<\/p>\n<p>Pour M6, cette embauche permet de contrebalancer l\u2019arriv\u00e9e de <a href=\"https:\/\/www.20minutes.fr\/arts-stars\/television\/cyril_hanouna\/\" class=\"color-ultramarine c-link\" rel=\"nofollow noopener\" target=\"_blank\">Cyril Hanouna<\/a> dans le groupe, qui <a href=\"https:\/\/www.20minutes.fr\/arts-stars\/television\/4136078-20250129-m6-consternation-inquietude-face-potentielle-arrivee-cyril-hanouna\" class=\"color-ultramarine c-link\" rel=\"nofollow noopener\" target=\"_blank\">a suscit\u00e9 et continue de susciter des crispations<\/a> en interne. Du c\u00f4t\u00e9 de <a href=\"https:\/\/www.20minutes.fr\/television\/france_televisions\/\" class=\"color-ultramarine c-link\" rel=\"nofollow noopener\" target=\"_blank\">France T\u00e9l\u00e9visions<\/a>, le d\u00e9part d\u2019Anne-Sophie Lapix passe moyen. Son dernier \u00ab\u00a020 Heures\u00a0\u00bb, pr\u00e9vu pour la mi-juillet, est finalement fix\u00e9 au 26\u00a0juin. Mais qui la remplacera\u00a0?<\/p>\n<p>Une r\u00e9daction \u00ab\u00a0rassur\u00e9e\u00a0\u00bb apr\u00e8s le \u00ab\u00a0cafouillage Caroline Roux\u00a0\u00bb<\/p>\n<p>Parmi les premiers choix\u00a0: Caroline Roux, profil exp\u00e9riment\u00e9 du groupe, rod\u00e9 aux interviews de politiques. Comme elle l\u2019a assur\u00e9 au <a href=\"https:\/\/www.lefigaro.fr\/medias\/caroline-roux-dit-non-au-20-heures-de-france-2-20250618\" rel=\"nofollow noopener\" target=\"_blank\" class=\"color-ultramarine c-link\">Figaro<\/a>, cette proposition l\u2019a \u00ab\u00a0honor\u00e9e\u00a0\u00bb, <a href=\"https:\/\/www.20minutes.fr\/arts-stars\/television\/4159316-20250619-france-2-caroline-roux-refuse-remplacer-anne-sophie-lapix-tete-jt-20-heures\" class=\"color-ultramarine c-link\" rel=\"nofollow noopener\" target=\"_blank\">mais elle a d\u00e9clin\u00e9<\/a> apr\u00e8s avoir longuement r\u00e9fl\u00e9chi. Elle a dit, r\u00e9v\u00e8le <a href=\"https:\/\/www.leparisien.fr\/culture-loisirs\/tv\/france-2-caroline-roux-a-refuse-le-journal-de-20-heures-18-06-2025-2KONFV7XBNBNXCV7CCXZYMRJQY.php\" rel=\"nofollow noopener\" target=\"_blank\" class=\"color-ultramarine c-link\">Le Parisien<\/a>, pr\u00e9f\u00e9rer rester aux commandes de \u00ab\u00a0C dans l\u2019air\u00a0\u00bb sur <a href=\"https:\/\/www.20minutes.fr\/television\/france_5\/\" class=\"color-ultramarine c-link\" rel=\"nofollow noopener\" target=\"_blank\">France 5<\/a>, \u00e9mission \u00e0 laquelle elle est \u00ab\u00a0tr\u00e8s attach\u00e9e\u00a0\u00bb et qui la rend \u00ab\u00a0profond\u00e9ment heureuse\u00a0\u00bb. Mais, selon nos confr\u00e8res, le refus de pouvoir rejoindre le \u00ab\u00a020 Heures\u00a0\u00bb avec Sylvain Thierry, le producteur \u00e9ditorial de \u00ab\u00a0C dans l\u2019air\u00a0\u00bb, a motiv\u00e9 son \u00ab\u00a0non\u00a0\u00bb.<\/p>\n<p>Pas le temps de laisser la moindre pol\u00e9mique poindre, ce jeudi, petite surprise, c\u2019est finalement <a href=\"https:\/\/www.20minutes.fr\/arts-stars\/television\/4159328-20250619-lea-salame-reprend-20-heures-france-2-annonce-depart-france-inter\" class=\"color-ultramarine c-link\" rel=\"nofollow noopener\" target=\"_blank\">L\u00e9a Salam\u00e9 qui est annonc\u00e9e pour succ\u00e9der \u00e0 Anne-Sophie Lapix<\/a> au \u00ab\u00a020 Heures\u00a0\u00bb. \u00ab\u00a0De ce que j\u2019entends et de ce que je pense, \u00e7a rassure beaucoup en interne. Apr\u00e8s le cafouillage Caroline Roux, \u00e7a donnait vraiment l\u2019impression que le JT de France 2 ne faisait clairement plus r\u00eaver. L\u00e0, c\u2019est un gros nom, tr\u00e8s pro de ce qu\u2019on en sait, \u00e7a rassure sur ce que repr\u00e9sente encore le journal\u00a0\u00bb, nous glisse un reporter de la cha\u00eene.<\/p>\n<p>L\u00e9a Salam\u00e9 conserve \u00ab\u00a0Quelle \u00e9poque\u00a0!\u00a0\u00bb et quitte France Inter<\/p>\n<p>France T\u00e9l\u00e9visions peut donc souffler. D\u2019autant qu\u2019elle garde en son sein <a href=\"https:\/\/www.20minutes.fr\/arts-stars\/television\/4158585-20250615-france-2-lea-salame-bientot-commandes-jt-20-heures\" class=\"color-ultramarine c-link\" rel=\"nofollow noopener\" target=\"_blank\">l\u2019une de ses t\u00eates de gondole<\/a> alors qu\u2019elle \u00e9tait convoit\u00e9e avec insistance par <a href=\"https:\/\/www.20minutes.fr\/dossier\/bfm_tv\" class=\"color-ultramarine c-link\" rel=\"nofollow noopener\" target=\"_blank\">BFMTV<\/a>. Dans le flash de midi de France Inter la journaliste confirme qu\u2019elle pr\u00e9sentera le JT du soir de la deuxi\u00e8me cha\u00eene et qu\u2019elle reste \u00e0 la pr\u00e9sentation de \u00ab\u00a0Quelle \u00e9poque\u00a0!\u00a0\u00bb, son talk-show du samedi en deuxi\u00e8me partie de soir\u00e9e.<\/p>\n<p><a href=\"https:\/\/www.20minutes.fr\/television\/france_2\/\" class=\"c-link c-btn c-btn--primary\" rel=\"nofollow noopener\" target=\"_blank\">Nos articles sur France 2<\/a><\/p>\n<p>Un peu plus t\u00f4t dans la matin\u00e9e, <a href=\"https:\/\/www.20minutes.fr\/medias\/france_inter\/\" class=\"color-ultramarine c-link\" rel=\"nofollow noopener\" target=\"_blank\">France Inter<\/a> a r\u00e9v\u00e9l\u00e9 que L\u00e9a Salam\u00e9 est sur le point de quitter la matinale qu\u2019elle copr\u00e9sente, avec succ\u00e8s, avec <a href=\"https:\/\/www.20minutes.fr\/dossier\/nicolas_demorand\" class=\"color-ultramarine c-link\" rel=\"nofollow noopener\" target=\"_blank\">Nicolas Demorand<\/a>. \u00ab\u00a0Nous sommes tr\u00e8s \u00e9mus de la voir partir mais sinc\u00e8rement heureux pour elle\u00a0\u00bb, d\u00e9clare Ad\u00e8le Van\u00a0Reeth, la directrice de la radio, dans un communiqu\u00e9. Et d\u2019ajouter\u00a0: \u00ab\u00a0Son histoire avec France Inter n\u2019est pas termin\u00e9e\u00a0: nous discutons d\u00e9j\u00e0 ensemble de nouveaux projets pour l\u2019avenir.\u00a0\u00bb Cela nous rappelle quelque chose. Mais quoi\u00a0? Ah oui\u00a0: on conna\u00eet la chanson\u2026<\/p>\n<p><\/p>\n","protected":false},"excerpt":{"rendered":"Cela faisait longtemps que le mercato t\u00e9l\u00e9 n\u2019avait pas offert un sc\u00e9nario avec des protagonistes stars, son lot&hellip;\n","protected":false},"author":2,"featured_media":188549,"comment_status":"","ping_status":"","sticky":false,"template":"","format":"standard","meta":{"footnotes":""},"categories":[1356],"tags":[32367,21313,58,59,1011,27,9102,2400,594,2957,3806,494,500,32644,252,1364],"class_list":{"0":"post-188548","1":"post","2":"type-post","3":"status-publish","4":"format-standard","5":"has-post-thumbnail","7":"category-television","8":"tag-20-heures","9":"tag-anne-sophie-lapix","10":"tag-divertissement","11":"tag-entertainment","12":"tag-fr","13":"tag-france","14":"tag-france-inter","15":"tag-france-televisions","16":"tag-france-2","17":"tag-journaliste","18":"tag-lea-salame","19":"tag-m6","20":"tag-medias","21":"tag-mercato-tele","22":"tag-television","23":"tag-tv"},"share_on_mastodon":{"url":"https:\/\/pubeurope.com\/@fr\/114710383456816768","error":""},"_links":{"self":[{"href":"https:\/\/www.europesays.com\/fr\/wp-json\/wp\/v2\/posts\/188548","targetHints":{"allow":["GET"]}}],"collection":[{"href":"https:\/\/www.europesays.com\/fr\/wp-json\/wp\/v2\/posts"}],"about":[{"href":"https:\/\/www.europesays.com\/fr\/wp-json\/wp\/v2\/types\/post"}],"author":[{"embeddable":true,"href":"https:\/\/www.europesays.com\/fr\/wp-json\/wp\/v2\/users\/2"}],"replies":[{"embeddable":true,"href":"https:\/\/www.europesays.com\/fr\/wp-json\/wp\/v2\/comments?post=188548"}],"version-history":[{"count":0,"href":"https:\/\/www.europesays.com\/fr\/wp-json\/wp\/v2\/posts\/188548\/revisions"}],"wp:featuredmedia":[{"embeddable":true,"href":"https:\/\/www.europesays.com\/fr\/wp-json\/wp\/v2\/media\/188549"}],"wp:attachment":[{"href":"https:\/\/www.europesays.com\/fr\/wp-json\/wp\/v2\/media?parent=188548"}],"wp:term":[{"taxonomy":"category","embeddable":true,"href":"https:\/\/www.europesays.com\/fr\/wp-json\/wp\/v2\/categories?post=188548"},{"taxonomy":"post_tag","embeddable":true,"href":"https:\/\/www.europesays.com\/fr\/wp-json\/wp\/v2\/tags?post=188548"}],"curies":[{"name":"wp","href":"https:\/\/api.w.org\/{rel}","templated":true}]}}