{"id":188559,"date":"2025-06-19T14:03:10","date_gmt":"2025-06-19T14:03:10","guid":{"rendered":"https:\/\/www.europesays.com\/fr\/188559\/"},"modified":"2025-06-19T14:03:10","modified_gmt":"2025-06-19T14:03:10","slug":"lg-lance-enfin-sa-1ere-tv-oled-transparente-sans-fil-revolutionnaire-en-france","status":"publish","type":"post","link":"https:\/\/www.europesays.com\/fr\/188559\/","title":{"rendered":"LG lance (enfin) sa 1\u00e8re TV OLED transparente sans-fil r\u00e9volutionnaire en France"},"content":{"rendered":"<p><strong>Apr\u00e8s plusieurs ann\u00e9es de sp\u00e9culations autour de son t\u00e9l\u00e9viseur OLED transparent sans-fil, LG vient d\u2019annoncer son lancement officiel en France.<\/strong><\/p>\n<p>En octobre 2023, nous nous demandions encore si <a href=\"https:\/\/www.ecranlarge.com\/high-tech\/actu\/1491948-les-tv-transparentes-vont-devenir-populaires\" rel=\"nofollow noopener\" target=\"_blank\">les TV transparentes pourraient avoir un r\u00e9el int\u00e9r\u00eat<\/a> au quotidien ou s\u2019il ne s\u2019agissait que de <strong>simples prototypes pour \u00e9pater la galerie<\/strong>. Mais nous voici d\u00e9sormais en 2025, avec le tout premier mod\u00e8le de <a href=\"https:\/\/www.lg.com\/us\/press-release\/lgs-world-first-transparent-oled-tv-true-wireless-video-audio-transfer-makes-world-debut-in-us\" target=\"_blank\" rel=\"noreferrer noopener nofollow\">LG (OLED77T)<\/a> qui d\u00e9barque en grande pompe dans les rayons des magasins fran\u00e7ais.<\/p>\n<p>Comme pr\u00e9vu, son prix de lancement exclut d\u00e9j\u00e0 une bonne partie de la client\u00e8le et sa capacit\u00e9 \u00e0 <strong>s\u2019imposer comme la nouvelle norme<\/strong> sur le march\u00e9 des t\u00e9l\u00e9viseurs reste \u00e0 prouver au fil des ann\u00e9es. Toujours est-il que LG a d\u00e9j\u00e0 parcouru la moiti\u00e9 du chemin <strong>en concr\u00e9tisant ce projet qui semblait fou<\/strong> il y a quelques ann\u00e9es, et qui risque de mettre une sacr\u00e9e pression sur les \u00e9paules de ses concurrents gr\u00e2ce \u00e0 cette innovation de rupture. On fait le point complet.<\/p>\n<\/p>\n<p>Une technologie bluffante pour cette TV LG OLED transparente<\/p>\n<p>Les derniers doutes ont \u00e9t\u00e9 lev\u00e9s concernant <strong>l\u2019utilisation de ce t\u00e9l\u00e9viseur<\/strong> qui a de quoi d\u00e9boussoler plus d\u2019un spectateur. Il faut dire qu\u2019une dalle transparente pr\u00e9sente en th\u00e9orie bon nombre de limites, notamment en ce qui concerne <strong>l\u2019affichage des contrastes<\/strong> dans une pi\u00e8ce \u00e9clair\u00e9e. Mais LG a pens\u00e9 \u00e0 tout, puisque le fabricant cor\u00e9en a inclus <strong>un \u00ab\u00a0filtre de contraste\u00a0\u00bb<\/strong> qui permet \u00e0 l\u2019\u00e9cran de se transformer en une TV opaque gr\u00e2ce \u00e0 un panneau contrastant \u00e9lectro-opacifiant.<\/p>\n<p>Gr\u00e2ce \u00e0 cette petite sp\u00e9cificit\u00e9, les utilisateurs peuvent ainsi profiter d\u2019une image parfaitement perceptible en plein jour, tout en ayant <strong>un appareil design une fois \u00e9teint<\/strong>. La strat\u00e9gie de la marque asiatique est assez claire : se positionner de mani\u00e8re agressive sur le march\u00e9 des <a href=\"https:\/\/www.ecranlarge.com\/high-tech\/conseils\/top-ecrans-design-home-cinema\" rel=\"nofollow noopener\" target=\"_blank\">\u00e9crans qui se fondent dans le d\u00e9cor<\/a>, gr\u00e2ce \u00e0 un concept qui <strong>le fait litt\u00e9ralement dispara\u00eetre<\/strong> lorsqu\u2019il n\u2019est plus utilis\u00e9.<\/p>\n<p>Sinon, il est aussi possible d\u2019y afficher <strong>des \u0153uvres num\u00e9riques<\/strong> \u00e0 l\u2019instar d\u2019une TV Samsung The Frame ou des actualit\u00e9s via la zone T-Bar. Bref, LG r\u00e9unit \u00e0 peu pr\u00e8s <strong>tout ce qui se fait de mieux<\/strong> dans le secteur des \u00e9crans lifestyle (design insolite, nombreuses fonctionnalit\u00e9s embarqu\u00e9es), et cela a forc\u00e9ment un co\u00fbt qui va frustrer bon nombre de clients\u2026<\/p>\n<p><img loading=\"lazy\" decoding=\"async\" width=\"1200\" height=\"670\" alt=\"TV LG OLED77T dans un salon\" src=\"https:\/\/www.europesays.com\/fr\/wp-content\/uploads\/2025\/06\/tv-lg-oled77t-dans-un-salon.jpg\"  \/><\/p>\n<p>\u00c0 mi-chemin entre une TV, une \u00e9tag\u00e8re et un aquarium.Cette TV futuriste vaut-elle vraiment ses 49 999 \u20ac ?<\/p>\n<p>Sur le papier, un tel tarif peut sembler compl\u00e8tement hors-sol et l\u2019on peut facilement comprendre ceux qui sont de cet avis (m\u00eame si LG l\u2019a d\u00e9j\u00e0 fait baisser de 20 000 \u20ac depuis <a href=\"https:\/\/www.ecranlarge.com\/high-tech\/actu\/lancement-tv-oled-transparente-lg\" rel=\"nofollow noopener\" target=\"_blank\">l\u2019annonce de sa commercialisation hors-Europe en mars dernier<\/a>). Il faut dire que tout le monde r\u00eave que les technologies futuristes soient <strong>tout de suite accessibles au plus grand nombre<\/strong>, mais la r\u00e9alit\u00e9 est tout autre\u2026<\/p>\n<p>En effet, avant de pouvoir <strong>d\u00e9mocratiser ses TV transparentes<\/strong> et les faire certainement passer \u2013 \u00e0 terme \u2013 sous la barre des 10 000 \u20ac, le chemin est long et le succ\u00e8s de cette LG OLED77T sera sans doute d\u00e9terminant pour la suite. Bien que r\u00e9serv\u00e9e aux plus fortun\u00e9s et aux entreprises, elle permet surtout \u00e0 la marque cor\u00e9enne <strong>d\u2019envoyer un message \u00e0 tous ses concurrents<\/strong> et de s\u2019installer comme une pionni\u00e8re sur cette branche.<\/p>\n<p>Pourtant, les sp\u00e9cifications techniques de ce t\u00e9l\u00e9viseur OLED de 77 pouces auraient facilement pu <strong>faire grimper la facture<\/strong>. Et pour cause : LG pourrait tr\u00e8s bien faire le pari de la dalle 8K plut\u00f4t qu\u2019un \u00ab\u00a0simple\u00a0\u00bb \u00e9cran 4K UHD, tandis que sa box Zero Connect sans-fil limite pour l\u2019heure le <strong>taux de rafra\u00eechissement \u00e0 120 Hz<\/strong> (ce qui reste une belle prouesse pour une TV sans-fil). En d\u2019autres termes, ces petits d\u00e9tails montrent que LG pourrait probablement faire encore mieux, mais que le co\u00fbt de la recherche et du d\u00e9veloppement de cet \u00e9cran transparent a sans doute monopolis\u00e9 une grande partie du budget.<\/p>\n<p><img loading=\"lazy\" decoding=\"async\" width=\"1200\" height=\"670\" alt=\"TV LG OLED77T dans un ho\u0302tel face a\u0300 la mer\" src=\"https:\/\/www.europesays.com\/fr\/wp-content\/uploads\/2025\/06\/tv-lg-oled77t-dans-un-hotel-face-a-la-mer.jpg\"  \/><\/p>\n<p>Histoire de ne pas trop cacher la vue sur la mer\u2026<\/p>\n<p>Dans tous les cas, nous saurons bien assez vite si cette TV OLED transparente <strong>rencontre le succ\u00e8s escompt\u00e9 en France<\/strong>, ou s\u2019il ne s\u2019agit que d\u2019un projet farfelu (ou trop en avance sur son temps, diront certains) qui peine \u00e0 trouver sa cible, comme ce fut aussi le cas avec le casque de r\u00e9alit\u00e9 virtuelle Apple Vision Pro. Les d\u00e9s sont jet\u00e9s\u2026<\/p>\n","protected":false},"excerpt":{"rendered":"Apr\u00e8s plusieurs ann\u00e9es de sp\u00e9culations autour de son t\u00e9l\u00e9viseur OLED transparent sans-fil, LG vient d\u2019annoncer son lancement officiel&hellip;\n","protected":false},"author":2,"featured_media":188560,"comment_status":"","ping_status":"","sticky":false,"template":"","format":"standard","meta":{"footnotes":""},"categories":[7],"tags":[1011,27,43,40,41,39,42,44],"class_list":{"0":"post-188559","1":"post","2":"type-post","3":"status-publish","4":"format-standard","5":"has-post-thumbnail","7":"category-sciences-et-technologies","8":"tag-fr","9":"tag-france","10":"tag-science","11":"tag-science-and-technology","12":"tag-sciences","13":"tag-sciences-et-technologies","14":"tag-technologies","15":"tag-technology"},"share_on_mastodon":{"url":"https:\/\/pubeurope.com\/@fr\/114710407026058655","error":""},"_links":{"self":[{"href":"https:\/\/www.europesays.com\/fr\/wp-json\/wp\/v2\/posts\/188559","targetHints":{"allow":["GET"]}}],"collection":[{"href":"https:\/\/www.europesays.com\/fr\/wp-json\/wp\/v2\/posts"}],"about":[{"href":"https:\/\/www.europesays.com\/fr\/wp-json\/wp\/v2\/types\/post"}],"author":[{"embeddable":true,"href":"https:\/\/www.europesays.com\/fr\/wp-json\/wp\/v2\/users\/2"}],"replies":[{"embeddable":true,"href":"https:\/\/www.europesays.com\/fr\/wp-json\/wp\/v2\/comments?post=188559"}],"version-history":[{"count":0,"href":"https:\/\/www.europesays.com\/fr\/wp-json\/wp\/v2\/posts\/188559\/revisions"}],"wp:featuredmedia":[{"embeddable":true,"href":"https:\/\/www.europesays.com\/fr\/wp-json\/wp\/v2\/media\/188560"}],"wp:attachment":[{"href":"https:\/\/www.europesays.com\/fr\/wp-json\/wp\/v2\/media?parent=188559"}],"wp:term":[{"taxonomy":"category","embeddable":true,"href":"https:\/\/www.europesays.com\/fr\/wp-json\/wp\/v2\/categories?post=188559"},{"taxonomy":"post_tag","embeddable":true,"href":"https:\/\/www.europesays.com\/fr\/wp-json\/wp\/v2\/tags?post=188559"}],"curies":[{"name":"wp","href":"https:\/\/api.w.org\/{rel}","templated":true}]}}