{"id":188561,"date":"2025-06-19T14:04:09","date_gmt":"2025-06-19T14:04:09","guid":{"rendered":"https:\/\/www.europesays.com\/fr\/188561\/"},"modified":"2025-06-19T14:04:09","modified_gmt":"2025-06-19T14:04:09","slug":"russie-le-ministre-de-leconomie-dit-que-le-pays-est-au-bord-de-la-recession-actualites","status":"publish","type":"post","link":"https:\/\/www.europesays.com\/fr\/188561\/","title":{"rendered":"Russie: le ministre de l&rsquo;Economie dit que le pays est \u00ab\u00a0au bord\u00a0\u00bb de la r\u00e9cession : Actualit\u00e9s"},"content":{"rendered":"<p class=\"lead \">Le ministre russe de l&rsquo;Economie, Maxime Rechetnikov, a estim\u00e9 jeudi que le pays \u00e9tait \u00ab\u00a0au bord\u00a0\u00bb de la r\u00e9cession si l&rsquo;Etat ne prenait pas les bonnes \u00ab\u00a0d\u00e9cisions\u00a0\u00bb dans les prochaines semaines, en plein ralentissement de la croissance apr\u00e8s deux ann\u00e9es de surchauffe.<\/p>\n<p class=\"lead \">Si l&rsquo;\u00e9conomie russe avait fait preuve en 2023 et 2024 d&rsquo;une r\u00e9silience inattendue face aux sanctions prises par les Occidentaux depuis 2022 en repr\u00e9sailles \u00e0 l&rsquo;offensive russe en Ukraine, la conjoncture a chang\u00e9 depuis quelques mois.<\/p>\n<p class=\"lead \">Les lourds investissements dans le complexe militaro-industriel pour soutenir l&rsquo;arm\u00e9e russe ne permettent plus de tirer l&rsquo;\u00e9conomie russe, ralentie notamment, selon certains observateurs, par la politique mon\u00e9taire tr\u00e8s stricte men\u00e9e par la Banque centrale (BCR). Celle-ci veut absolument lutter contre l&rsquo;inflation qui tourne \u00e0 10%.<\/p>\n<p class=\"lead \">Dans ce contexte, plusieurs acteurs \u00e9conomiques de poids, dont le ministre Maxime Rechetnikov, poussent en priv\u00e9 ou publiquement pour un abaissement du taux directeur, aujourd&rsquo;hui \u00e0 20%, un moyen d&rsquo;encourager les d\u00e9penses.<\/p>\n<p class=\"lead \">\u00ab\u00a0D&rsquo;apr\u00e8s les chiffres, il y a un ralentissement\u00a0\u00bb, a-t-il reconnu au forum \u00e9conomique de Saint-P\u00e9tersbourg, alertant m\u00eame que \u00ab\u00a0nous sommes d\u00e9j\u00e0 au bord de la r\u00e9cession\u00a0\u00bb avec un nombre \u00ab\u00a0en hausse\u00a0\u00bb d&rsquo;entreprises en difficult\u00e9 financi\u00e8re, notamment \u00e0 cause de pr\u00eats contract\u00e9s \u00e0 des taux tr\u00e8s \u00e9lev\u00e9s.<\/p>\n<p class=\"lead \">C&rsquo;est la premi\u00e8re fois que le ministre russe de l&rsquo;Economie tire autant la sonnette d&rsquo;alarme publiquement, malgr\u00e9 des indicateurs en berne depuis plusieurs mois.<\/p>\n<p class=\"lead \">La croissance a ralenti au premier trimestre \u00e0 1,4%, son niveau le plus faible depuis les trois premiers mois de 2023, selon des chiffres officiels.<\/p>\n<p class=\"lead \">\u00ab\u00a0Je n&rsquo;ai pas pr\u00e9dit (la r\u00e9cession), j&rsquo;ai dit que nous \u00e9tions au bord\u00a0\u00bb, a nuanc\u00e9 Maxime Rechetnikov un peu plus tard, assurant que cela d\u00e9pendrait, selon lui, \u00ab\u00a0des d\u00e9cisions\u00a0\u00bb prises par l&rsquo;Etat russe.<\/p>\n<p class=\"lead \">\u00ab\u00a0Je pense que si tout est fait correctement, nous n&rsquo;y serons pas confront\u00e9s\u00a0\u00bb, a encore dit M. Rechetnikov devant des journalistes et des d\u00e9cideurs \u00e9conomiques, semblant mettre la pression sur la pr\u00e9sidente de la Banque centrale, Elvira Nabioullina, pour une baisse du taux directeur.<\/p>\n<p class=\"lead \">Le ministre russe a pr\u00e9cis\u00e9 qu&rsquo;il ferait \u00ab\u00a0une \u00e9valuation\u00a0\u00bb de la situation \u00e9conomique \u00ab\u00a0en ao\u00fbt, lorsque la plupart des d\u00e9cisions auront \u00e9t\u00e9 prises et que l&rsquo;impact des d\u00e9cisions pr\u00e9c\u00e9dentes sera clair\u00a0\u00bb.<\/p>\n<p class=\"small font-weight-bold text-gray3 \"> publi\u00e9 le 19 juin \u00e0 14h18, AFP<\/p>\n<p>                             Partager<\/p>\n","protected":false},"excerpt":{"rendered":"Le ministre russe de l&rsquo;Economie, Maxime Rechetnikov, a estim\u00e9 jeudi que le pays \u00e9tait \u00ab\u00a0au bord\u00a0\u00bb de la&hellip;\n","protected":false},"author":2,"featured_media":188562,"comment_status":"","ping_status":"","sticky":false,"template":"","format":"standard","meta":{"footnotes":""},"categories":[6],"tags":[13790,35,2120,913,312,33,34,1011,27,20710,316,132,7185,220],"class_list":{"0":"post-188561","1":"post","2":"type-post","3":"status-publish","4":"format-standard","5":"has-post-thumbnail","7":"category-economie","8":"tag-conomie","9":"tag-business","10":"tag-conflit","11":"tag-croissance","12":"tag-diplomatie","13":"tag-economie","14":"tag-economy","15":"tag-fr","16":"tag-france","17":"tag-indicateur","18":"tag-politique","19":"tag-russie","20":"tag-sanctions","21":"tag-ukraine"},"share_on_mastodon":{"url":"https:\/\/pubeurope.com\/@fr\/114710411293912343","error":""},"_links":{"self":[{"href":"https:\/\/www.europesays.com\/fr\/wp-json\/wp\/v2\/posts\/188561","targetHints":{"allow":["GET"]}}],"collection":[{"href":"https:\/\/www.europesays.com\/fr\/wp-json\/wp\/v2\/posts"}],"about":[{"href":"https:\/\/www.europesays.com\/fr\/wp-json\/wp\/v2\/types\/post"}],"author":[{"embeddable":true,"href":"https:\/\/www.europesays.com\/fr\/wp-json\/wp\/v2\/users\/2"}],"replies":[{"embeddable":true,"href":"https:\/\/www.europesays.com\/fr\/wp-json\/wp\/v2\/comments?post=188561"}],"version-history":[{"count":0,"href":"https:\/\/www.europesays.com\/fr\/wp-json\/wp\/v2\/posts\/188561\/revisions"}],"wp:featuredmedia":[{"embeddable":true,"href":"https:\/\/www.europesays.com\/fr\/wp-json\/wp\/v2\/media\/188562"}],"wp:attachment":[{"href":"https:\/\/www.europesays.com\/fr\/wp-json\/wp\/v2\/media?parent=188561"}],"wp:term":[{"taxonomy":"category","embeddable":true,"href":"https:\/\/www.europesays.com\/fr\/wp-json\/wp\/v2\/categories?post=188561"},{"taxonomy":"post_tag","embeddable":true,"href":"https:\/\/www.europesays.com\/fr\/wp-json\/wp\/v2\/tags?post=188561"}],"curies":[{"name":"wp","href":"https:\/\/api.w.org\/{rel}","templated":true}]}}