{"id":188563,"date":"2025-06-19T14:05:10","date_gmt":"2025-06-19T14:05:10","guid":{"rendered":"https:\/\/www.europesays.com\/fr\/188563\/"},"modified":"2025-06-19T14:05:10","modified_gmt":"2025-06-19T14:05:10","slug":"a-budapest-la-marche-des-fiertes-tourne-a-laffrontement-entre-viktor-orban-et-le-maire","status":"publish","type":"post","link":"https:\/\/www.europesays.com\/fr\/188563\/","title":{"rendered":"\u00c0 Budapest, la marche des fiert\u00e9s tourne \u00e0 l\u2019affrontement entre Viktor Orban et le maire"},"content":{"rendered":"<p>        <img decoding=\"async\" loading=\"lazy\" src=\"https:\/\/www.europesays.com\/fr\/wp-content\/uploads\/2025\/06\/333c031_upload-1-cmqzyveno6q2-000-49nz6me.jpg\"  width=\"728\" height=\"409\" alt=\"Viktor Orban, ici lors d\u2019un rassemblement d\u2019extr\u00eame droite europ\u00e9en \u00e0 Mormant-sur-Vernisson, dans le Loiret, le 9\u00a0juin 2025.\"\/>  <\/p>\n<p>JEAN-FRANCOIS MONIER \/ AFP<\/p>\n<p>Viktor Orban, ici lors d\u2019un rassemblement d\u2019extr\u00eame droite europ\u00e9en \u00e0 Mormant-sur-Vernisson, dans le Loiret, le 9\u00a0juin 2025.<\/p>\n<p class=\"asset asset-text\">HONGRIE &#8211; Bras de fer en Hongrie sur la Pride 2025. La police a annonc\u00e9 ce jeudi 19\u00a0juin l\u2019interdiction de la <a href=\"https:\/\/www.huffingtonpost.fr\/life\/article\/a-roubaix-la-premiere-marche-des-fiertes-s-organise-sans-parano-ni-roubaix-phobie_250931.html\" target=\"_blank\" rel=\"noopener\">marche des fiert\u00e9s<\/a> pr\u00e9vue le 28\u00a0juin \u00e0 Budapest, invoquant une r\u00e9cente loi anti-<a href=\"https:\/\/www.huffingtonpost.fr\/culture\/article\/comme-surcompensation-les-films-et-series-a-voir-d-urgence-en-ce-mois-des-fiertes_250939.html\" target=\"_blank\" rel=\"noopener\">LGBT+<\/a> du gouvernement nationaliste de <a href=\"https:\/\/www.huffingtonpost.fr\/politique\/article\/viktor-orban-fait-a-marine-le-pen-la-meme-promesse-qu-a-donald-trump-en-cas-d-election-a-la-presidentielle_251106.html\" target=\"_blank\" rel=\"noopener\">Viktor Orban<\/a>. Mais le maire \u00e9cologiste de la capitale a r\u00e9pliqu\u00e9 en maintenant le rassemblement.<\/p>\n<p class=\"asset asset-text\">\u00ab\u00a0La police, agissant dans le cadre de sa comp\u00e9tence en mati\u00e8re de rassemblements publics, interdit la tenue\u00a0\u00bb de la manifestation, indique-t-elle dans une d\u00e9cision publi\u00e9e sur son site internet, qui peut toutefois \u00eatre contest\u00e9e aupr\u00e8s de la Cour supr\u00eame (Curia).<\/p>\n<p class=\"asset asset-text\">Le document de 16 pages fait r\u00e9f\u00e9rence \u00e0 la loi adopt\u00e9e mi-mars\u00a0visant \u00e0 bannir tout rassemblement qui violerait la l\u00e9gislation de 2021 interdisant d\u2019\u00e9voquer aupr\u00e8s des mineurs \u00ab\u00a0l\u2019homosexualit\u00e9 et le changement de sexe\u00a0\u00bb.<\/p>\n<p class=\"asset asset-text\">Il s\u2019appuie aussi sur un amendement constitutionnel vot\u00e9 peu apr\u00e8s affirmant \u00ab\u00a0la primaut\u00e9 du droit des enfants \u00e0 un d\u00e9veloppement physique, mental et moral correct sur tout autre droit\u00a0\u00bb, y compris celui de se rassembler.<\/p>\n<p class=\"asset asset-text\">\u00ab\u00a0Il ne peut \u00eatre exclu que des personnes de moins de 18\u00a0ans soient expos\u00e9es \u00e0 des comportements interdits par la loi\u00a0\u00bb, en \u00e9tant pr\u00e9sentes \u00e0 la marche ou \u00ab\u00a0de mani\u00e8re passive\u00a0\u00bb du fait de son caract\u00e8re public, argue le chef de la police. Selon les autorit\u00e9s, la marche doit \u00eatre organis\u00e9e dans un lieu pr\u00e9cis hors du regard des enfants.<\/p>\n<p>    \u00ab\u00a0Cette d\u00e9cision d\u2019interdiction n\u2019a aucune valeur\u00a0\u00bb    <\/p>\n<p class=\"asset asset-text\">Pour le maire de Budapest, qui avait annonc\u00e9 lundi prendre en charge l\u2019organisation en esp\u00e9rant ainsi contourner la l\u00e9gislation, \u00ab\u00a0cette d\u00e9cision d\u2019interdiction n\u2019a aucune valeur\u00a0\u00bb. Aucune autorisation officielle n\u2019est n\u00e9cessaire \u00e9tant donn\u00e9 qu\u2019il s\u2019agit d\u2019un \u00ab\u00a0\u00e9v\u00e9nement municipal\u00a0\u00bb, a \u00e9crit sur Facebook Gergely Karacsony. \u00ab\u00a0Le 28\u00a0juin, la municipalit\u00e9 organisera la Budapest Pride. Point final\u00a0\u00bb.<\/p>\n<p class=\"asset asset-text\">\u00ab\u00a0Ensemble avec Budapest, nous allons prot\u00e9ger\u00a0\u00bb la communaut\u00e9 LGBT+ mais aussi \u00ab\u00a0ceux qui ont peur et gardent le silence, la soci\u00e9t\u00e9 civile\u00a0\u00bb dans son ensemble, avait promis en d\u00e9but de semaine Mat\u00e9 Hegedus, porte-parole de la marche des fiert\u00e9s. \u00ab\u00a0C\u2019est notre droit constitutionnel de nous rassembler pacifiquement\u00a0\u00bb.<\/p>\n<p class=\"asset asset-text\">Le Premier ministre Viktor Orban entrave depuis des ann\u00e9es les droits des personnes LGBT+ au nom de \u00ab\u00a0la protection des enfants\u00a0\u00bb et a franchi un cap en faisant voter ces nouvelles mesures, qui suscitent l\u2019inqui\u00e9tude de Bruxelles et de nombreux pays de l\u2019UE. Apr\u00e8s leur adoption, des milliers de personnes avaient manifest\u00e9 dans la capitale pour protester contre ce nouveau durcissement.<\/p>\n<p class=\"asset asset-text\">\u00c0 gauche et au centre, quelques dizaines d\u2019eurod\u00e9put\u00e9s &#8211; dont la pr\u00e9sidente des centristes Val\u00e9rie Hayer, et la cheffe des Verts Terry Reintke &#8211; ont pr\u00e9vu de se joindre au cort\u00e8ge pour d\u00e9noncer la politique de Viktor Orban, accus\u00e9 de d\u00e9rive autoritaire en 15\u00a0ans de pouvoir.<\/p>\n<p class=\"asset asset-text\">La Commissaire europ\u00e9enne charg\u00e9e de l\u2019\u00e9galit\u00e9, Hadja Lahbib, devrait \u00e9galement \u00eatre pr\u00e9sente tout comme des ministres de pays europ\u00e9ens, selon les organisateurs.<\/p>\n<p class=\"asset asset-text\">Les participants s\u2019exposent \u00e0 une amende pouvant aller jusqu\u2019\u00e0 500\u00a0euros, somme \u00ab\u00a0qui sera revers\u00e9e aux fins de protection de l\u2019enfance\u00a0\u00bb. Avec la possibilit\u00e9 pour la police d\u2019identifier les contrevenants via des outils de reconnaissance faciale.<\/p>\n","protected":false},"excerpt":{"rendered":"JEAN-FRANCOIS MONIER \/ AFP Viktor Orban, ici lors d\u2019un rassemblement d\u2019extr\u00eame droite europ\u00e9en \u00e0 Mormant-sur-Vernisson, dans le Loiret,&hellip;\n","protected":false},"author":2,"featured_media":188564,"comment_status":"","ping_status":"","sticky":false,"template":"","format":"standard","meta":{"footnotes":""},"categories":[5],"tags":[11,22519,1011,27,10716,804,14,9087,12,28],"class_list":{"0":"post-188563","1":"post","2":"type-post","3":"status-publish","4":"format-standard","5":"has-post-thumbnail","7":"category-international","8":"tag-actualites","9":"tag-budapest","10":"tag-fr","11":"tag-france","12":"tag-gay-pride","13":"tag-hongrie","14":"tag-international","15":"tag-lgbt","16":"tag-news","17":"tag-world"},"share_on_mastodon":{"url":"https:\/\/pubeurope.com\/@fr\/114710414942260048","error":""},"_links":{"self":[{"href":"https:\/\/www.europesays.com\/fr\/wp-json\/wp\/v2\/posts\/188563","targetHints":{"allow":["GET"]}}],"collection":[{"href":"https:\/\/www.europesays.com\/fr\/wp-json\/wp\/v2\/posts"}],"about":[{"href":"https:\/\/www.europesays.com\/fr\/wp-json\/wp\/v2\/types\/post"}],"author":[{"embeddable":true,"href":"https:\/\/www.europesays.com\/fr\/wp-json\/wp\/v2\/users\/2"}],"replies":[{"embeddable":true,"href":"https:\/\/www.europesays.com\/fr\/wp-json\/wp\/v2\/comments?post=188563"}],"version-history":[{"count":0,"href":"https:\/\/www.europesays.com\/fr\/wp-json\/wp\/v2\/posts\/188563\/revisions"}],"wp:featuredmedia":[{"embeddable":true,"href":"https:\/\/www.europesays.com\/fr\/wp-json\/wp\/v2\/media\/188564"}],"wp:attachment":[{"href":"https:\/\/www.europesays.com\/fr\/wp-json\/wp\/v2\/media?parent=188563"}],"wp:term":[{"taxonomy":"category","embeddable":true,"href":"https:\/\/www.europesays.com\/fr\/wp-json\/wp\/v2\/categories?post=188563"},{"taxonomy":"post_tag","embeddable":true,"href":"https:\/\/www.europesays.com\/fr\/wp-json\/wp\/v2\/tags?post=188563"}],"curies":[{"name":"wp","href":"https:\/\/api.w.org\/{rel}","templated":true}]}}