{"id":18857,"date":"2025-04-12T02:31:45","date_gmt":"2025-04-12T02:31:45","guid":{"rendered":"https:\/\/www.europesays.com\/fr\/18857\/"},"modified":"2025-04-12T02:31:45","modified_gmt":"2025-04-12T02:31:45","slug":"un-agent-du-chu-tue-dans-un-accident-dans-lenceinte-de-lhopital","status":"publish","type":"post","link":"https:\/\/www.europesays.com\/fr\/18857\/","title":{"rendered":"Un agent du CHU tu\u00e9 dans un accident dans l\u2019enceinte de l\u2019h\u00f4pital"},"content":{"rendered":"<p><strong>accident &#8211; L\u2019homme \u00e2g\u00e9 de 51 ans a \u00e9t\u00e9 percut\u00e9 par un camion du CHU ce jeudi matin<\/strong><\/p>\n<p>Un homme \u00e2g\u00e9 de 51 ans a perdu la vie ce jeudi matin dans un accident de la circulation survenu dans l\u2019enceinte du CHU de <a href=\"https:\/\/www.20minutes.fr\/rennes\/\" rel=\"nofollow noopener\" target=\"_blank\" data-ylk=\"slk:Rennes;elm:context_link;itc:0;sec:content-canvas\" class=\"link \">Rennes<\/a>, a appris 20 Minutes, confirmant une information de Ouest-France. D\u2019apr\u00e8s une source polici\u00e8re, l\u2019homme travaillait pour l\u2019h\u00f4pital mais n\u2019\u00e9tait pas soignant. Il aurait \u00e9t\u00e9 renvers\u00e9 par un camion technique du <a href=\"https:\/\/www.20minutes.fr\/dossier\/chu\" rel=\"nofollow noopener\" target=\"_blank\" data-ylk=\"slk:CHU;elm:context_link;itc:0;sec:content-canvas\" class=\"link \">CHU <\/a>qui n\u2019est pas un v\u00e9hicule de secours.<\/p>\n<p>Les faits se sont produits un peu avant 9 heures ce jeudi matin dans l\u2019une des all\u00e9es de l\u2019h\u00f4pital Pontchaillou. Le personnel de l\u2019\u00e9tablissement a rapidement pris en charge son coll\u00e8gue mais n\u2019a rien pu faire pour le sauver.<\/p>\n<p>Une enqu\u00eate a \u00e9t\u00e9 ouverte pour tenter de d\u00e9terminer les circonstances de cet accident. Le chauffeur du camion est actuellement entendu dans les locaux de la police rennaise.<\/p>\n<p><a href=\"https:\/\/www.20minutes.fr\/faits_divers\/faits-divers-rennes\/4148033-20250410-rennes-agent-chu-tue-accident-enceinte-hopital&quot;\" rel=\"nofollow noopener\" target=\"_blank\" data-ylk=\"slk:Lire la suite sur 20minutes;elm:context_link;itc:0;sec:content-canvas\" class=\"link \">Lire la suite sur 20minutes<\/a><\/p>\n<p>\u00c0 lire aussi :<br \/><a href=\"https:\/\/www.20minutes.fr\/faits_divers\/4147749-20250409-fellation-finit-sortie-route-passagere-condamnee-avoir-provoque-accident-suisse\" rel=\"nofollow noopener\" target=\"_blank\" data-ylk=\"slk:Suisse\u00a0: La fellation finit en sortie de route\u2026 Une Fran\u00e7aise condamn\u00e9e pour avoir provoqu\u00e9 un accident;elm:context_link;itc:0;sec:content-canvas\" class=\"link \">Suisse\u00a0: La fellation finit en sortie de route\u2026 Une Fran\u00e7aise condamn\u00e9e pour avoir provoqu\u00e9 un accident<\/a><br \/><a href=\"https:\/\/www.20minutes.fr\/faits_divers\/4147585-20250408-bordeaux-famille-renversee-chemin-ecole-fillette-urgence-absolue\" rel=\"nofollow noopener\" target=\"_blank\" data-ylk=\"slk:Bordeaux\u00a0: Une famille renvers\u00e9e sur le chemin de l\u2019\u00e9cole, la fillette en urgence absolue;elm:context_link;itc:0;sec:content-canvas\" class=\"link \">Bordeaux\u00a0: Une famille renvers\u00e9e sur le chemin de l\u2019\u00e9cole, la fillette en urgence absolue<\/a><\/p>\n","protected":false},"excerpt":{"rendered":"accident &#8211; L\u2019homme \u00e2g\u00e9 de 51 ans a \u00e9t\u00e9 percut\u00e9 par un camion du CHU ce jeudi matin&hellip;\n","protected":false},"author":2,"featured_media":18858,"comment_status":"","ping_status":"","sticky":false,"template":"","format":"standard","meta":{"footnotes":""},"categories":[2821],"tags":[7416,1111,11,829,7417,1777,674,1011,27,5910,7419,12,7418,584,25],"class_list":{"0":"post-18857","1":"post","2":"type-post","3":"status-publish","4":"format-standard","5":"has-post-thumbnail","7":"category-rennes","8":"tag-accident-de-la-circulation","9":"tag-actu","10":"tag-actualites","11":"tag-bretagne","12":"tag-du-chu","13":"tag-eu","14":"tag-europe","15":"tag-fr","16":"tag-france","17":"tag-lhomme","18":"tag-lhopital","19":"tag-news","20":"tag-ouest-france","21":"tag-rennes","22":"tag-republique-francaise"},"share_on_mastodon":{"url":"https:\/\/pubeurope.com\/@fr\/114322648808610723","error":""},"_links":{"self":[{"href":"https:\/\/www.europesays.com\/fr\/wp-json\/wp\/v2\/posts\/18857","targetHints":{"allow":["GET"]}}],"collection":[{"href":"https:\/\/www.europesays.com\/fr\/wp-json\/wp\/v2\/posts"}],"about":[{"href":"https:\/\/www.europesays.com\/fr\/wp-json\/wp\/v2\/types\/post"}],"author":[{"embeddable":true,"href":"https:\/\/www.europesays.com\/fr\/wp-json\/wp\/v2\/users\/2"}],"replies":[{"embeddable":true,"href":"https:\/\/www.europesays.com\/fr\/wp-json\/wp\/v2\/comments?post=18857"}],"version-history":[{"count":0,"href":"https:\/\/www.europesays.com\/fr\/wp-json\/wp\/v2\/posts\/18857\/revisions"}],"wp:featuredmedia":[{"embeddable":true,"href":"https:\/\/www.europesays.com\/fr\/wp-json\/wp\/v2\/media\/18858"}],"wp:attachment":[{"href":"https:\/\/www.europesays.com\/fr\/wp-json\/wp\/v2\/media?parent=18857"}],"wp:term":[{"taxonomy":"category","embeddable":true,"href":"https:\/\/www.europesays.com\/fr\/wp-json\/wp\/v2\/categories?post=18857"},{"taxonomy":"post_tag","embeddable":true,"href":"https:\/\/www.europesays.com\/fr\/wp-json\/wp\/v2\/tags?post=18857"}],"curies":[{"name":"wp","href":"https:\/\/api.w.org\/{rel}","templated":true}]}}