{"id":188578,"date":"2025-06-19T14:13:09","date_gmt":"2025-06-19T14:13:09","guid":{"rendered":"https:\/\/www.europesays.com\/fr\/188578\/"},"modified":"2025-06-19T14:13:09","modified_gmt":"2025-06-19T14:13:09","slug":"toulon-unoc-3-conference-des-nations-unies-sur-locean-a-nice-un-bilan-securitaire-tres-satisfaisant","status":"publish","type":"post","link":"https:\/\/www.europesays.com\/fr\/188578\/","title":{"rendered":"TOULON : UNOC 3 &#8211; Conf\u00e9rence des Nations-Unies sur l\u2019Oc\u00e9an \u00e0 Nice, un bilan s\u00e9curitaire tr\u00e8s satisfaisant"},"content":{"rendered":"<p><strong>Le pr\u00e9fet maritime de la M\u00e9diterran\u00e9e dresse un bilan tr\u00e8s satisfaisant de la s\u00e9curisation maritime de cet \u00e9v\u00e8nement exceptionnel.<\/strong><\/p>\n<p>Du 9 au 13 juin 2025, la ville de Nice a accueilli la troisi\u00e8me Conf\u00e9rence des Nations Unies pour l\u2019Oc\u00e9an (UNOC). \u00c0 cette occasion, le pr\u00e9fet maritime de la M\u00e9diterran\u00e9e \u00e9tait charg\u00e9 de garantir la s\u00fbret\u00e9 et la s\u00e9curit\u00e9 en mer durant cet \u00e9v\u00e8nement d\u2019ampleur internationale ainsi que la conciliation des usages sur le plan d\u2019eau.\u00a0Pour remplir ses missions de s\u00fbret\u00e9 et de s\u00e9curit\u00e9 en mer lors de cet \u00e9v\u00e8nement, le pr\u00e9fet maritime disposait des moyens nautiques, a\u00e9riens et terrestres d\u2019une douzaine d\u2019administrations relevant de 6 minist\u00e8res<a href=\"https:\/\/services.hosting.augure.com\/Response\/c0Pa5\/%7b1bf5f5eb-be88-47b5-986e-107cbdb82154%7d\" rel=\"nofollow noopener\" target=\"_blank\"> [1]<\/a>, de la ville de Nice et de la Soci\u00e9t\u00e9 nationale de sauvetage en mer (SNSM).<\/p>\n<p><strong>L\u2019ensemble de ces unit\u00e9s a \u00e9t\u00e9 coordonn\u00e9 au sein d\u2019un dispositif particulier de s\u00fbret\u00e9 maritime (DPSM) inter-administrations, dirig\u00e9 depuis un poste de commandement situ\u00e9 sur le port de Nice, afin de :<\/strong><\/p>\n<ul>\n<li>faire respecter la r\u00e9glementation sp\u00e9cifique en baie des Anges et en rade de Villefranche-sur-Mer du 3 au 13 juin ;<\/li>\n<li>assurer la s\u00fbret\u00e9, pr\u00e9venir et faire face aux diverses menaces pouvant venir de la mer ;<\/li>\n<li>garantir la s\u00e9curit\u00e9 en r\u00e9pondant aux diff\u00e9rentes urgences en mer (accident, pollution, incendie, etc.) ;<\/li>\n<li>concourir au bon d\u00e9roulement de l\u2019\u00e9v\u00e8nement en encadrant les pratiques sur le plan d\u2019eau, dans un esprit de conciliation de tous les usages.<\/li>\n<\/ul>\n<p>Durant 10 jours, ce dispositif de grande ampleur a notamment permis d\u2019assurer la s\u00fbret\u00e9 de cet \u00e9v\u00e8nement international. Il a \u00e9galement permis de garantir la s\u00e9curit\u00e9 et le succ\u00e8s de la Grande Parade pour l\u2019Oc\u00e9an du 8 juin, en pr\u00e9sence de nombreux chefs d\u2019\u00c9tat et de Gouvernement. Gr\u00e2ce \u00e0 la quarantaine d\u2019unit\u00e9s pr\u00e9sente en mer et dans les airs et aux pr\u00e8s de 400 agents mobilis\u00e9s, aucun \u00e9v\u00e8nement d\u2019ampleur n\u2019est venu impacter le bon d\u00e9roulement de l\u2019UNOC.<\/p>\n<p><strong>Outre l\u2019absence d\u2019incident notable, d\u2019autres satisfactions en mati\u00e8re de coexistence des usages sont \u00e0 noter\u00a0:<\/strong><\/p>\n<ul>\n<li>la possibilit\u00e9 laiss\u00e9e aux acteurs socio-professionnels de poursuivre certaines activit\u00e9s en baie des Anges, \u00e0 proximit\u00e9 quasi-imm\u00e9diate du littoral ni\u00e7ois\u00a0;<\/li>\n<li>la modularit\u00e9 de la r\u00e9glementation qui a permis d\u2019activer certaines restrictions \u00e0 la demande, notamment dans la zone de l\u2019a\u00e9roport de Nice et de Saint-Laurent-du-Var\u00a0;<\/li>\n<li>le maintien d\u2019une activit\u00e9\u00a0de plaisance et de loisirs nautiques en rade de Villefranche-sur-Mer.<\/li>\n<\/ul>\n<p>Cette conf\u00e9rence des Nations-Unies a n\u00e9cessit\u00e9 plusieurs mois de pr\u00e9paration en lien avec le secr\u00e9tariat g\u00e9n\u00e9ral de l\u2019UNOC, la pr\u00e9fecture des Alpes-Maritimes, la Direction d\u00e9partementale des territoires et de la mer (DDTM), les autres services de l\u2019\u00c9tat, les collectivit\u00e9s territoriales, les acteurs socio-professionnels et les usagers du plan d\u2019eau.\u00a0Ce travail a \u00e9t\u00e9 d\u00e9terminant pour permettre l\u2019appropriation et l\u2019acceptation par la population d\u2019une r\u00e9glementation restrictive et garantir la pleine efficacit\u00e9 de ce dispositif inter-administrations hors norme. La bonne connaissance de la r\u00e9glementation sp\u00e9cifique par les usagers de la mer et le faible nombre de rappels \u00e0 la r\u00e9glementation effectu\u00e9s par les unit\u00e9s d\u00e9ploy\u00e9es t\u00e9moignent de la qualit\u00e9 de cette pr\u00e9paration.<\/p>\n<p>Le vice-amiral d\u2019escadre Christophe Lucas, pr\u00e9fet maritime de la M\u00e9diterran\u00e9e, adresse ses plus vives f\u00e9licitations et ses remerciements \u00e0 tous les services et unit\u00e9s ayant particip\u00e9 en mer, \u00e0 terre et dans les airs au succ\u00e8s de cet \u00e9v\u00e8nement exceptionnel.<\/p>\n","protected":false},"excerpt":{"rendered":"Le pr\u00e9fet maritime de la M\u00e9diterran\u00e9e dresse un bilan tr\u00e8s satisfaisant de la s\u00e9curisation maritime de cet \u00e9v\u00e8nement&hellip;\n","protected":false},"author":2,"featured_media":188579,"comment_status":"","ping_status":"","sticky":false,"template":"","format":"standard","meta":{"footnotes":""},"categories":[9619],"tags":[1111,11,1777,674,1011,27,12,882,25,2310],"class_list":{"0":"post-188578","1":"post","2":"type-post","3":"status-publish","4":"format-standard","5":"has-post-thumbnail","7":"category-toulon","8":"tag-actu","9":"tag-actualites","10":"tag-eu","11":"tag-europe","12":"tag-fr","13":"tag-france","14":"tag-news","15":"tag-provence-alpes-cote-dazur","16":"tag-republique-francaise","17":"tag-toulon"},"share_on_mastodon":{"url":"https:\/\/pubeurope.com\/@fr\/114710446315844442","error":""},"_links":{"self":[{"href":"https:\/\/www.europesays.com\/fr\/wp-json\/wp\/v2\/posts\/188578","targetHints":{"allow":["GET"]}}],"collection":[{"href":"https:\/\/www.europesays.com\/fr\/wp-json\/wp\/v2\/posts"}],"about":[{"href":"https:\/\/www.europesays.com\/fr\/wp-json\/wp\/v2\/types\/post"}],"author":[{"embeddable":true,"href":"https:\/\/www.europesays.com\/fr\/wp-json\/wp\/v2\/users\/2"}],"replies":[{"embeddable":true,"href":"https:\/\/www.europesays.com\/fr\/wp-json\/wp\/v2\/comments?post=188578"}],"version-history":[{"count":0,"href":"https:\/\/www.europesays.com\/fr\/wp-json\/wp\/v2\/posts\/188578\/revisions"}],"wp:featuredmedia":[{"embeddable":true,"href":"https:\/\/www.europesays.com\/fr\/wp-json\/wp\/v2\/media\/188579"}],"wp:attachment":[{"href":"https:\/\/www.europesays.com\/fr\/wp-json\/wp\/v2\/media?parent=188578"}],"wp:term":[{"taxonomy":"category","embeddable":true,"href":"https:\/\/www.europesays.com\/fr\/wp-json\/wp\/v2\/categories?post=188578"},{"taxonomy":"post_tag","embeddable":true,"href":"https:\/\/www.europesays.com\/fr\/wp-json\/wp\/v2\/tags?post=188578"}],"curies":[{"name":"wp","href":"https:\/\/api.w.org\/{rel}","templated":true}]}}