{"id":188582,"date":"2025-06-19T14:15:17","date_gmt":"2025-06-19T14:15:17","guid":{"rendered":"https:\/\/www.europesays.com\/fr\/188582\/"},"modified":"2025-06-19T14:15:17","modified_gmt":"2025-06-19T14:15:17","slug":"philippe-saurel-designe-chef-de-file-utiles-en-vue-des-municipales","status":"publish","type":"post","link":"https:\/\/www.europesays.com\/fr\/188582\/","title":{"rendered":"Philippe Saurel d\u00e9sign\u00e9 chef de file \u00ab\u00a0UTILES\u00a0\u00bb en vue des municipales"},"content":{"rendered":"<p>\n\t\t\t\t\tPhilippe Saurel est d\u00e9sign\u00e9 chef de file par le mouvement \u00ab\u00a0UTILES\u00a0\u00bb, en vue des \u00e9lections municipales de mars 2026 \u00e0 Montpellier et dans l&rsquo;H\u00e9rault. \t\t\t\t<\/p>\n<p>\n\t\t\t\t\t\t\t\t\t\u00a9 DR. Philippe Saurel \u00e0 Montpellier.\t\t\t\t\t\t\t\t<\/p>\n<p>\u00ab\u00a0\u200bUTILES\u00a0\u00bb, vaste acronyme pour : Ultra-marins, Territoires, Ind\u00e9pendants, Libert\u00e9s, Ecologie, Solidarit\u00e9. Quelques mots \u00e9vocateurs, tout du moins consensuels, pour un \u00ab\u00a0parti politique qui vise \u00e0 instaurer une v\u00e9ritable r\u00e9volution d\u00e9mocratique\u00a0\u00bb, comme pr\u00e9sent\u00e9 sur le<a href=\"https:\/\/www.utiles-leparti.fr\/\" target=\"_blank\" rel=\"nofollow noopener\"> site interne d\u00e9di\u00e9.<\/a> C\u2019est d\u00e9sormais vers Philippe Saurel, ancien maire-pr\u00e9sident de Montpellier, figure incontournable de la politique montpelli\u00e9raine, que la formation tend ses bras, jusqu\u2019\u00e0 le d\u00e9signer chef de file pour les municipales de 2026 \u00e0 Montpellier et dans l\u2019H\u00e9rault. <\/p>\n<p>UTILES, mouvement issu du groupe parlementaire LIOT<\/p>\n<p>Pour information, \u00ab\u00a0UTILES\u00a0\u00bb a \u00e9t\u00e9 fond\u00e9 en mars 2023, un groupe alors oppos\u00e9 \u00e0 la r\u00e9forme des retraites, issu du groupe parlementaire LIOT (pour Libert\u00e9, Ind\u00e9pendants, Outre-mer et Territoires). L\u2019association \u00ab\u00a0UTILES\u00a0\u00bb est aujourd\u2019hui pr\u00e9sid\u00e9e par Bertrand Pancher, conseiller municipal de Bar-le-Duc, ancien pr\u00e9sident du groupe LIOT \u00e0 l\u2019Assembl\u00e9e national et ancien pr\u00e9sident UMP du Conseil g\u00e9n\u00e9ral de l\u2019Eure.<\/p>\n<p>\u00ab\u00a0Je serai chef de file, cela ne veut pas dire candidat\u00a0\u00bb<\/p>\n<p>Une nouvelle du moins surprenante concernant Philippe Saurel, toujours prompt \u00e0 \u0153uvrer loin des gouvernails politiques qu\u2019il juge n\u00e9faste. L\u2019ancien maire\/pr\u00e9sident, exclu du PS en 2014, justifie aupr\u00e8s de notre r\u00e9daction : \u00ab\u00a0C\u2019est un mouvement, non un parti, et je ne suis pas adh\u00e9rent \u2018UTILES\u2019. Par ailleurs, je serai chef de file, ce qui ne veut pas dire candidat. \u2018UTILES\u2019 pr\u00e9cise bien dans son acronyme le terme \u2018ind\u00e9pendant\u00a0\u00bb. Reste \u00e0 savoir si la strat\u00e9gie politique de cette nouvelle \u00e9curie de pens\u00e9es sera \u00ab\u00a0UTILES\u00a0\u00bb aux administr\u00e9s montpelli\u00e9rains.<\/p>\n","protected":false},"excerpt":{"rendered":"Philippe Saurel est d\u00e9sign\u00e9 chef de file par le mouvement \u00ab\u00a0UTILES\u00a0\u00bb, en vue des \u00e9lections municipales de mars&hellip;\n","protected":false},"author":2,"featured_media":188583,"comment_status":"","ping_status":"","sticky":false,"template":"","format":"standard","meta":{"footnotes":""},"categories":[9599],"tags":[1111,11,1777,674,1011,27,2208,12,2680,32647,25],"class_list":{"0":"post-188582","1":"post","2":"type-post","3":"status-publish","4":"format-standard","5":"has-post-thumbnail","7":"category-montpellier","8":"tag-actu","9":"tag-actualites","10":"tag-eu","11":"tag-europe","12":"tag-fr","13":"tag-france","14":"tag-montpellier","15":"tag-news","16":"tag-occitanie","17":"tag-philippe-saurel","18":"tag-republique-francaise"},"share_on_mastodon":{"url":"https:\/\/pubeurope.com\/@fr\/114710454253230103","error":""},"_links":{"self":[{"href":"https:\/\/www.europesays.com\/fr\/wp-json\/wp\/v2\/posts\/188582","targetHints":{"allow":["GET"]}}],"collection":[{"href":"https:\/\/www.europesays.com\/fr\/wp-json\/wp\/v2\/posts"}],"about":[{"href":"https:\/\/www.europesays.com\/fr\/wp-json\/wp\/v2\/types\/post"}],"author":[{"embeddable":true,"href":"https:\/\/www.europesays.com\/fr\/wp-json\/wp\/v2\/users\/2"}],"replies":[{"embeddable":true,"href":"https:\/\/www.europesays.com\/fr\/wp-json\/wp\/v2\/comments?post=188582"}],"version-history":[{"count":0,"href":"https:\/\/www.europesays.com\/fr\/wp-json\/wp\/v2\/posts\/188582\/revisions"}],"wp:featuredmedia":[{"embeddable":true,"href":"https:\/\/www.europesays.com\/fr\/wp-json\/wp\/v2\/media\/188583"}],"wp:attachment":[{"href":"https:\/\/www.europesays.com\/fr\/wp-json\/wp\/v2\/media?parent=188582"}],"wp:term":[{"taxonomy":"category","embeddable":true,"href":"https:\/\/www.europesays.com\/fr\/wp-json\/wp\/v2\/categories?post=188582"},{"taxonomy":"post_tag","embeddable":true,"href":"https:\/\/www.europesays.com\/fr\/wp-json\/wp\/v2\/tags?post=188582"}],"curies":[{"name":"wp","href":"https:\/\/api.w.org\/{rel}","templated":true}]}}