{"id":188584,"date":"2025-06-19T14:16:12","date_gmt":"2025-06-19T14:16:12","guid":{"rendered":"https:\/\/www.europesays.com\/fr\/188584\/"},"modified":"2025-06-19T14:16:12","modified_gmt":"2025-06-19T14:16:12","slug":"les-cages-a-poisson-remontent-a-la-surface-avec-des-anguilles-et-crevettes","status":"publish","type":"post","link":"https:\/\/www.europesays.com\/fr\/188584\/","title":{"rendered":"les cages \u00e0 poisson remontent \u00e0 la surface, avec des anguilles et crevettes"},"content":{"rendered":"<p>            Par<br \/>\n        <strong><br \/>\n            <a href=\"https:\/\/actu.fr\/auteur\/laredaction\" title=\"Consulter tous les articles de R\u00e9daction Normandie\" target=\"_blank\" rel=\"noopener\">R\u00e9daction Normandie<\/a><br \/>\n        <\/strong><\/p>\n<p>        Publi\u00e9 le<\/p>\n<p>            19 juin 2025 \u00e0 15h10        <\/p>\n<p>En novembre\u00a02022, dans le cadre de la pr\u00e9servation de la biodiversit\u00e9 sur son territoire, la M\u00e9tropole de <a href=\"https:\/\/actu.fr\/normandie\/rouen_76540\" target=\"_blank\" rel=\"noopener\">Rouen (Seine-Maritime)<\/a> a install\u00e9 20 \u00ab\u2009biohuts\u2009\u00bb sous les pontons du<strong> Port de plaisance<\/strong>. Et ce jeudi 12\u00a0juin 2025, des agents ont remont\u00e9 ces cages pour analyser ce qu\u2019elle contenait. Explication.<\/p>\n<p>Des anguilles et des crevettes<\/p>\n<p class=\" wall-content\">Soutenus par<strong> l\u2019Agence de l\u2019Eau<\/strong> de Seine-Maritime, ces habitats artificiels m\u00e9talliques permettent de fournir des espaces de reproductions et des zones de protection pour les poissons. Au fur et \u00e0 mesure, cet habitat va \u00eatre colonis\u00e9 par<strong> la v\u00e9g\u00e9tation<\/strong>, les algues ou encore de la mousse.<\/p>\n<p class=\" wall-content\">Comme chaque ann\u00e9e, <strong>une fois par an<\/strong>, ces habitats sont remont\u00e9s \u00e0 la surface. Fix\u00e9s sous les pontons, les plongeurs d\u2019Ecocean, participant au maintien de la biodiversit\u00e9 de l\u2019environnement aquatique dans le monde entier, les d\u00e9crochent.<\/p>\n<p class=\" wall-content\">Envelopp\u00e9 par un filet, tout le contenu est mis dans un bac et le tri commence. Le travail est minutieux. En effet, <strong>toutes les hu\u00eetres<\/strong> sont enlev\u00e9es, les substrats retir\u00e9s et le comptage visuel des esp\u00e8ces relev\u00e9. Puis, une fiche est pr\u00e9sente pour \u00ab\u2009noter le nombre, le type et la taille des individus\u2009\u00bb, insiste \u00c9tienne Abadai, l\u2019un des plongeurs. \u00ab\u2009Une fois le tri et les rel\u00e8vements termin\u00e9s, l\u2019habitat est referm\u00e9 et replac\u00e9 sous les pontons. Rendez-vous dans un an pour voir la suite de cette phase d\u2019exp\u00e9rimentation.\u2009\u00bb<\/p>\n<p>Vid\u00e9os : en ce moment sur ActuLes r\u00e9sultats de cette ann\u00e9e<\/p>\n<p class=\" wall-content\">Une nette \u00e9volution est pr\u00e9sente. En effet, \u00ab\u2009les signaux sont plut\u00f4t encourageants. Ici, chaque ann\u00e9e, on voit un peu plus d\u2019anguilles\u2009: une seule la premi\u00e8re ann\u00e9e, dix-neuf l\u2019ann\u00e9e derni\u00e8re et plus d\u2019une dizaine \u00e9galement, cette ann\u00e9e\u2009\u00bb, assure un des plongeurs, en triant. Il finit par conclure \u00ab\u2009il y a aussi six petites crevettes, cela montre que cette cage permet d\u2019h\u00e9berger diverses esp\u00e8ces\u2009\u00bb.<\/p>\n<p>Et apr\u00e8s, on fait quoi ?<\/p>\n<p>Juste apr\u00e8s avoir remont\u00e9 en surface la cage en acier, toutes les donn\u00e9es recueillies sont r\u00e9cup\u00e9r\u00e9es par la M\u00e9tropole. En effet, elle va \u00e9valuer la pertinence d\u2019avoir une ambition plus importante (ou non), par la suite. \u00c0 travers ces dispositifs de suivis qualitatifs, il est possible de voir ce qui est int\u00e9ressant, c\u2019est-\u00e0-dire si des esp\u00e8ces bien pr\u00e9cises sont venues ici.<br \/>Mais, pourquoi avoir choisi le port de Rouen ? \u00ab\u00a0Ici, pour ce projet, nous pouvons maximiser la capacit\u00e9 d\u2019accueil, \u00e9viter de d\u00e9ranger la navigation navale, mais, c\u2019est, \u00e9galement, comme une aire de repos pour les esp\u00e8ces voulant s\u2019y abriter\u00a0\u00bb, confirme Manuel Muntoni, charg\u00e9 de mission en restauration \u00e9cologique avec la m\u00e9tropole. Il finit par conclure \u00ab\u00a0ce bassin portuaire est un milieu dans lequel il y a beaucoup d\u2019esp\u00e8ces, et c\u2019est ce que nous recherchons\u00a0\u00bb.<\/p>\n<p class=\" wall-content\"><strong>Ivanna Razafindrazaka<\/strong><\/p>\n<p>Suivez l\u2019actualit\u00e9 de Rouen <a href=\"https:\/\/www.whatsapp.com\/channel\/0029VaKfnf99hXF2ddApFB1D\" target=\"_blank\" rel=\"noopener\">sur notre cha\u00eene WhatsApp<\/a> et <a href=\"https:\/\/www.tiktok.com\/@76actu.fr?lang=fr\" target=\"_blank\" rel=\"noopener\">sur notre compte TikTok<\/a><\/p>\n<p class=\" wall-content\">Suivez toute l\u2019actualit\u00e9 de vos villes et m\u00e9dias favoris en vous inscrivant \u00e0 <a href=\"https:\/\/moncompte.actu.fr\" title=\"D\u00e9couvez Mon Actu\" rel=\"nofollow noopener\" data-trk=\"{&quot;cta&quot;:{&quot;action&quot;:&quot;https:\\\/\\\/moncompte.actu.fr&quot;,&quot;category&quot;:&quot;mon compte&quot;,&quot;from&quot;:&quot;article footer&quot;,&quot;name&quot;:&quot;Mon actu&quot;,&quot;type&quot;:&quot;cta&quot;}}\" target=\"_blank\">Mon Actu<\/a>.<\/p>\n<p>                    <script async src=\"\/\/www.tiktok.com\/embed.js\"><\/script><\/p>\n","protected":false},"excerpt":{"rendered":"Par R\u00e9daction Normandie Publi\u00e9 le 19 juin 2025 \u00e0 15h10 En novembre\u00a02022, dans le cadre de la pr\u00e9servation&hellip;\n","protected":false},"author":2,"featured_media":188585,"comment_status":"","ping_status":"","sticky":false,"template":"","format":"standard","meta":{"footnotes":""},"categories":[9587],"tags":[1111,11,1777,674,1011,27,1757,12,5161,10427,25,9590],"class_list":{"0":"post-188584","1":"post","2":"type-post","3":"status-publish","4":"format-standard","5":"has-post-thumbnail","7":"category-rouen","8":"tag-actu","9":"tag-actualites","10":"tag-eu","11":"tag-europe","12":"tag-fr","13":"tag-france","14":"tag-insolite","15":"tag-news","16":"tag-normandie","17":"tag-port-de-rouen","18":"tag-republique-francaise","19":"tag-rouen"},"share_on_mastodon":{"url":"https:\/\/pubeurope.com\/@fr\/114710458130938715","error":""},"_links":{"self":[{"href":"https:\/\/www.europesays.com\/fr\/wp-json\/wp\/v2\/posts\/188584","targetHints":{"allow":["GET"]}}],"collection":[{"href":"https:\/\/www.europesays.com\/fr\/wp-json\/wp\/v2\/posts"}],"about":[{"href":"https:\/\/www.europesays.com\/fr\/wp-json\/wp\/v2\/types\/post"}],"author":[{"embeddable":true,"href":"https:\/\/www.europesays.com\/fr\/wp-json\/wp\/v2\/users\/2"}],"replies":[{"embeddable":true,"href":"https:\/\/www.europesays.com\/fr\/wp-json\/wp\/v2\/comments?post=188584"}],"version-history":[{"count":0,"href":"https:\/\/www.europesays.com\/fr\/wp-json\/wp\/v2\/posts\/188584\/revisions"}],"wp:featuredmedia":[{"embeddable":true,"href":"https:\/\/www.europesays.com\/fr\/wp-json\/wp\/v2\/media\/188585"}],"wp:attachment":[{"href":"https:\/\/www.europesays.com\/fr\/wp-json\/wp\/v2\/media?parent=188584"}],"wp:term":[{"taxonomy":"category","embeddable":true,"href":"https:\/\/www.europesays.com\/fr\/wp-json\/wp\/v2\/categories?post=188584"},{"taxonomy":"post_tag","embeddable":true,"href":"https:\/\/www.europesays.com\/fr\/wp-json\/wp\/v2\/tags?post=188584"}],"curies":[{"name":"wp","href":"https:\/\/api.w.org\/{rel}","templated":true}]}}