{"id":18859,"date":"2025-04-12T02:32:33","date_gmt":"2025-04-12T02:32:33","guid":{"rendered":"https:\/\/www.europesays.com\/fr\/18859\/"},"modified":"2025-04-12T02:32:33","modified_gmt":"2025-04-12T02:32:33","slug":"toute-lactu-top-music-vacances-scolaires-une-exposition-pour-decouvrir-lia-au-vaisseau","status":"publish","type":"post","link":"https:\/\/www.europesays.com\/fr\/18859\/","title":{"rendered":"Toute l&rsquo;actu Top Music &#8211; Vacances scolaires : une exposition pour d\u00e9couvrir l\u2019IA au Vaisseau"},"content":{"rendered":"<p><img decoding=\"async\" class=\"\" style=\"width:100%;max-width:100%\" src=\"https:\/\/www.europesays.com\/fr\/wp-content\/uploads\/2025\/04\/20230203_La_Fabrique_VSO_Alexandre_Schlub__7__CMJN___Grande1744277737977-format4by3.jpeg\" alt=\"L'exposition &quot;La Fabrique&quot; propose une introduction aux IA.\"\/><\/p>\n<p>L&rsquo;exposition \u00ab\u00a0La Fabrique\u00a0\u00bb propose une introduction aux IA.<\/p>\n<p>Cr\u00e9dit : Le Vaisseau<\/p>\n<p>Depuis plus de 20 ans, le Vaisseau \u00e0 Strasbourg offre \u00e0 ses visiteurs une exp\u00e9rience diff\u00e9rente des autres mus\u00e9es. Une exp\u00e9rience interactive, mais surtout scientifique,<strong> qui permet au plus jeunes de se familiariser avec bon nombre de th\u00e9matiques<\/strong> au fil des expositions. Actuellement dans le mus\u00e9e, <strong>l\u2019une des exposition phares est d\u00e9di\u00e9e au monde de l\u2019intelligence artificielle<\/strong> : \u00ab\u00a0La Fabrique\u00a0\u00bb.\u00a0<\/p>\n<p>Une exposition qui s\u2019est cr\u00e9\u00e9e pour permettre aux plus jeunes d\u2019appr\u00e9hender les fondements d\u2019une technologie complexe. \u00ab\u00a0Pour nous, la porte d&rsquo;entr\u00e9e sur cette exposition, \u00e7a a \u00e9t\u00e9 de se demander : <strong>qu&rsquo;est-ce que \u00e7a veut dire l&rsquo;intelligence artificielle ?<\/strong> Qu&rsquo;est-ce que \u00e7a veut dire \u00eatre intelligent ? Comment moi je me repr\u00e9sente cette notion d\u2019intelligence et<strong> comment j&rsquo;arrive aussi \u00e0 la projeter sur des robots ou sur des programmes informatiques<\/strong>\u00a0\u00bb, explique Raphael Vandamme, mus\u00e9ographe au Vaisseau \u00e0 Strasbourg. \u00ab On ne prend pas partie, on ne va pas leur dire que l&rsquo;intelligence artificielle c&rsquo;est bien ou que ce n&rsquo;est pas bien<strong>. On va plut\u00f4t poser des questions aux visiteurs,<\/strong> puisque c&rsquo;est un sujet qui questionne dans la soci\u00e9t\u00e9. <strong>Notre r\u00f4le est de poser des graines<\/strong> pour que derri\u00e8re l&rsquo;enfant puisse se re-questionner, en discuter.\u00a0\u00bb<\/p>\n<p><strong>\u00ab\u00a0L\u2019id\u00e9e c&rsquo;est de montrer aux jeunes \u00e0 quel point il est facile de cr\u00e9er des des fake news\u00a0\u00bb<\/strong><\/p>\n<p>Avec cette exposition, l\u2019atelier \u00ab\u00a0Factanews \u00bb est aussi propos\u00e9. \u00ab <strong>L\u2019id\u00e9e de cet atelier, c&rsquo;est de montrer aux jeunes justement \u00e0 quel point il est facile de cr\u00e9er des des fake news<\/strong>, \u00e0 quel point il est facile de reproduire des images avec des outils tr\u00e8s simples qui sont accessibles \u00e0 tous. <strong>On les sensibilise \u00e0 l&rsquo;esprit critique<\/strong>, on leur montre qu&rsquo;il y a plusieurs lectures sur une image, qu&rsquo;il faut bien se renseigner,<strong> qu&rsquo;il faut bien analyser tout ce qu&rsquo;on voit<\/strong>.\u00a0\u00bb<\/p>\n<p>Parmi les autres propositions du Vaisseau \u00e0 Strasbourg, <strong>une exposition temporaire \u00ab\u00a0Hors-Jeu\u00a0\u00bb<\/strong> qui continue de faire vivre l\u2019esprit des JO, pour porter un regard diff\u00e9rent sur le sport. D&rsquo;autres activit\u00e9s sont \u00e9galement propos\u00e9es sp\u00e9cialement pendant les vacances scolaires.<\/p>\n","protected":false},"excerpt":{"rendered":"L&rsquo;exposition \u00ab\u00a0La Fabrique\u00a0\u00bb propose une introduction aux IA. Cr\u00e9dit : Le Vaisseau Depuis plus de 20 ans, le&hellip;\n","protected":false},"author":2,"featured_media":18860,"comment_status":"","ping_status":"","sticky":false,"template":"","format":"standard","meta":{"footnotes":""},"categories":[2820],"tags":[1111,11,2389,2649,847,1777,674,652,1011,27,775,861,7424,3237,3048,12,25,43,7423,3686,517,640,7420,7421,2528,7422],"class_list":{"0":"post-18859","1":"post","2":"type-post","3":"status-publish","4":"format-standard","5":"has-post-thumbnail","7":"category-strasbourg","8":"tag-actu","9":"tag-actualites","10":"tag-alsace","11":"tag-bas-rhin","12":"tag-enfant","13":"tag-eu","14":"tag-europe","15":"tag-famille","16":"tag-fr","17":"tag-france","18":"tag-grand-est","19":"tag-ia","20":"tag-intelligence","21":"tag-jo","22":"tag-musee","23":"tag-news","24":"tag-republique-francaise","25":"tag-science","26":"tag-scolaire","27":"tag-sortie","28":"tag-sport","29":"tag-strasbourg","30":"tag-top-music","31":"tag-topmusic","32":"tag-vacances","33":"tag-vaisseau"},"share_on_mastodon":{"url":"https:\/\/pubeurope.com\/@fr\/114322652785212175","error":""},"_links":{"self":[{"href":"https:\/\/www.europesays.com\/fr\/wp-json\/wp\/v2\/posts\/18859","targetHints":{"allow":["GET"]}}],"collection":[{"href":"https:\/\/www.europesays.com\/fr\/wp-json\/wp\/v2\/posts"}],"about":[{"href":"https:\/\/www.europesays.com\/fr\/wp-json\/wp\/v2\/types\/post"}],"author":[{"embeddable":true,"href":"https:\/\/www.europesays.com\/fr\/wp-json\/wp\/v2\/users\/2"}],"replies":[{"embeddable":true,"href":"https:\/\/www.europesays.com\/fr\/wp-json\/wp\/v2\/comments?post=18859"}],"version-history":[{"count":0,"href":"https:\/\/www.europesays.com\/fr\/wp-json\/wp\/v2\/posts\/18859\/revisions"}],"wp:featuredmedia":[{"embeddable":true,"href":"https:\/\/www.europesays.com\/fr\/wp-json\/wp\/v2\/media\/18860"}],"wp:attachment":[{"href":"https:\/\/www.europesays.com\/fr\/wp-json\/wp\/v2\/media?parent=18859"}],"wp:term":[{"taxonomy":"category","embeddable":true,"href":"https:\/\/www.europesays.com\/fr\/wp-json\/wp\/v2\/categories?post=18859"},{"taxonomy":"post_tag","embeddable":true,"href":"https:\/\/www.europesays.com\/fr\/wp-json\/wp\/v2\/tags?post=18859"}],"curies":[{"name":"wp","href":"https:\/\/api.w.org\/{rel}","templated":true}]}}