{"id":188594,"date":"2025-06-19T14:21:22","date_gmt":"2025-06-19T14:21:22","guid":{"rendered":"https:\/\/www.europesays.com\/fr\/188594\/"},"modified":"2025-06-19T14:21:22","modified_gmt":"2025-06-19T14:21:22","slug":"carte-professionnelle-bombes-aerosols-qua-declare-le-jarl-lors-de-sa-garde-a-vue-2","status":"publish","type":"post","link":"https:\/\/www.europesays.com\/fr\/188594\/","title":{"rendered":"Carte professionnelle, bombes a\u00e9rosols\u2026 Qu\u2019a d\u00e9clar\u00e9 Le Jarl lors de sa garde \u00e0 vue\u00a0?"},"content":{"rendered":"<p> \u00abJ\u2019ai dit ce que j\u2019avais \u00e0 dire\u2026\u00a0\u00bb Apr\u00e8s plusieurs heures de garde \u00e0 vue, il n\u2019a pas manqu\u00e9 de donner de ses nouvelles \u00e0 sa centaine de milliers d\u2019abonn\u00e9s qui le suivent sur X, postant une photo de lui \u00e0 l\u2019ap\u00e9ro. Influenceur proche de l\u2019extr\u00eame droite, Yovan Delourme, alias Le Jarl, a \u00e9t\u00e9 entendu mercredi au commissariat central de Rennes <a href=\"https:\/\/www.20minutes.fr\/societe\/4142773-20250310-rennes-jarl-contre-union-pirate-sait-violences-commises-marge-free-party\" class=\"color-ultramarine c-link\" target=\"_blank\" rel=\"noopener\">apr\u00e8s les violences survenues dans la nuit du 8 au 9\u00a0mars<\/a> aux abords du 1988 Live Club dont il assurait la s\u00e9curit\u00e9, a-t-on appris aupr\u00e8s du parquet de Rennes.<\/p>\n<p>Ce soir-l\u00e0, sous les ordres du Jarl, des agents de s\u00e9curit\u00e9 de la discoth\u00e8que avaient tent\u00e9 de mettre fin \u00e0 une teuf ill\u00e9gale qui se tenait dans l\u2019ancien cin\u00e9ma voisin. Des heurts avaient alors \u00e9clat\u00e9, les agents ayant \u00e9t\u00e9 film\u00e9s en train de gazer et de frapper des participants. Apr\u00e8s ces d\u00e9bordements, <a href=\"https:\/\/www.20minutes.fr\/societe\/4144759-20250321-rennes-prefet-fait-fermer-discotheque-1988-live-club\" class=\"color-ultramarine c-link\" target=\"_blank\" rel=\"noopener\">la discoth\u00e8que avait \u00e9t\u00e9 ferm\u00e9e pendant un mois<\/a> par la pr\u00e9fecture et trois enqu\u00eates pr\u00e9liminaires avaient \u00e9t\u00e9 ouvertes par le procureur de la R\u00e9publique.<\/p>\n<p>\u00ab\u00a0Jamais \u00e9t\u00e9 titulaire d\u2019une carte professionnelle\u00a0\u00bb<\/p>\n<p>L\u2019une d\u2019entre elles porte \u00ab\u00a0sur des infractions pr\u00e9sum\u00e9es au code de la s\u00e9curit\u00e9 int\u00e9rieure\u00a0\u00bb, <a href=\"https:\/\/www.20minutes.fr\/societe\/4146189-20250331-rennes-liberte-va-permettre-parler-jarl-revient-eviction\" class=\"color-ultramarine c-link\" target=\"_blank\" rel=\"noopener\">Le Jarl<\/a> \u00e9tant notamment accus\u00e9 \u00ab\u00a0d\u2019exercice d\u2019activit\u00e9 priv\u00e9e de s\u00e9curit\u00e9 sans autorisation.\u00a0\u00bb Ce que ce dernier n\u2019a pas ni\u00e9 devant les enqu\u00eateurs. \u00ab\u00a0Il a admis n\u2019avoir jamais \u00e9t\u00e9 titulaire d\u2019une carte professionnelle, consid\u00e9rant qu\u2019il n\u2019a jamais, de son point de vue, exerc\u00e9 d\u2019activit\u00e9 d\u2019agent de s\u00e9curit\u00e9\u00a0\u00bb, indique Fr\u00e9d\u00e9ric Teillet, procureur de la R\u00e9publique de Rennes.<\/p>\n<p>Selon sa version, Le Jarl a bien \u00ab\u00a0exerc\u00e9, partiellement, l\u2019encadrement, sans agr\u00e9ment, du service interne de s\u00e9curit\u00e9\u00a0\u00bb du 1988 Live Club. Avant d\u2019expliquer \u00ab\u00a0qu\u2019il avait pr\u00e9vu de suivre une formation pour obtenir un titre de dirigeant qui aurait d\u00fb d\u00e9marrer apr\u00e8s les \u00e9v\u00e9nements du 9\u00a0mars.\u00a0\u00bb<\/p>\n<p>Une nouvelle convocation \u00e0 venir<\/p>\n<p>Accus\u00e9 \u00e9galement \u00ab\u00a0d\u2019acquisition et d\u00e9tention non autoris\u00e9es d\u2019armes\u00a0\u00bb, l\u2019ancien chef de la s\u00e9curit\u00e9, <a href=\"https:\/\/www.20minutes.fr\/societe\/4145897-20250328-rennes-rouvrir-climat-apaise-1988-live-club-separe-jarl-chef-securite\" class=\"color-ultramarine c-link\" target=\"_blank\" rel=\"noopener\">licenci\u00e9 depuis par le g\u00e9rant du club<\/a>, a reconnu avoir achet\u00e9 aupr\u00e8s d\u2019un site allemand \u00ab\u00a0la totalit\u00e9 des bombes a\u00e9rosols\u00a0\u00bb qui avaient \u00e9t\u00e9 saisies le 12\u00a0mars dans le local s\u00e9curit\u00e9 et l\u2019infirmerie du 1988.<\/p>\n<p>Remis en libert\u00e9 en fin de journ\u00e9e, Le Jarl doit de nouveau \u00eatre convoqu\u00e9 dans le cadre de cette enqu\u00eate \u00ab\u00a0qui se poursuit\u00a0\u00bb, selon le parquet. En parall\u00e8le, les deux autres enqu\u00eates ouvertes pour l\u2019intrusion dans les locaux du cin\u00e9ma <a href=\"https:\/\/www.20minutes.fr\/societe\/4142960-20250311-rennes-agents-securite-discotheque-jarl-bientot-controles-apres-violences\" class=\"color-ultramarine c-link\" target=\"_blank\" rel=\"noopener\">et le comportement des agents de s\u00e9curit\u00e9<\/a> sont \u00e9galement toujours en cours.<\/p>\n","protected":false},"excerpt":{"rendered":"\u00abJ\u2019ai dit ce que j\u2019avais \u00e0 dire\u2026\u00a0\u00bb Apr\u00e8s plusieurs heures de garde \u00e0 vue, il n\u2019a pas manqu\u00e9&hellip;\n","protected":false},"author":2,"featured_media":188595,"comment_status":"","ping_status":"","sticky":false,"template":"","format":"standard","meta":{"footnotes":""},"categories":[2821],"tags":[1111,47,11,6627,829,7124,1777,674,118,1011,27,7774,848,303,12,1062,584,25,656,809],"class_list":{"0":"post-188594","1":"post","2":"type-post","3":"status-publish","4":"format-standard","5":"has-post-thumbnail","7":"category-rennes","8":"tag-actu","9":"tag-actualite","10":"tag-actualites","11":"tag-boite-de-nuit","12":"tag-bretagne","13":"tag-discotheque","14":"tag-eu","15":"tag-europe","16":"tag-faits-divers","17":"tag-fr","18":"tag-france","19":"tag-garde-a-vue","20":"tag-ille-et-vilaine","21":"tag-justice","22":"tag-news","23":"tag-polemique","24":"tag-rennes","25":"tag-republique-francaise","26":"tag-securite","27":"tag-violence"},"share_on_mastodon":{"url":"https:\/\/pubeurope.com\/@fr\/114710477820355158","error":""},"_links":{"self":[{"href":"https:\/\/www.europesays.com\/fr\/wp-json\/wp\/v2\/posts\/188594","targetHints":{"allow":["GET"]}}],"collection":[{"href":"https:\/\/www.europesays.com\/fr\/wp-json\/wp\/v2\/posts"}],"about":[{"href":"https:\/\/www.europesays.com\/fr\/wp-json\/wp\/v2\/types\/post"}],"author":[{"embeddable":true,"href":"https:\/\/www.europesays.com\/fr\/wp-json\/wp\/v2\/users\/2"}],"replies":[{"embeddable":true,"href":"https:\/\/www.europesays.com\/fr\/wp-json\/wp\/v2\/comments?post=188594"}],"version-history":[{"count":0,"href":"https:\/\/www.europesays.com\/fr\/wp-json\/wp\/v2\/posts\/188594\/revisions"}],"wp:featuredmedia":[{"embeddable":true,"href":"https:\/\/www.europesays.com\/fr\/wp-json\/wp\/v2\/media\/188595"}],"wp:attachment":[{"href":"https:\/\/www.europesays.com\/fr\/wp-json\/wp\/v2\/media?parent=188594"}],"wp:term":[{"taxonomy":"category","embeddable":true,"href":"https:\/\/www.europesays.com\/fr\/wp-json\/wp\/v2\/categories?post=188594"},{"taxonomy":"post_tag","embeddable":true,"href":"https:\/\/www.europesays.com\/fr\/wp-json\/wp\/v2\/tags?post=188594"}],"curies":[{"name":"wp","href":"https:\/\/api.w.org\/{rel}","templated":true}]}}