{"id":188599,"date":"2025-06-19T14:24:10","date_gmt":"2025-06-19T14:24:10","guid":{"rendered":"https:\/\/www.europesays.com\/fr\/188599\/"},"modified":"2025-06-19T14:24:10","modified_gmt":"2025-06-19T14:24:10","slug":"nice-cette-ecole-empechee-douvrir-sur-la-promenade-des-anglais-la-rentree-compromise","status":"publish","type":"post","link":"https:\/\/www.europesays.com\/fr\/188599\/","title":{"rendered":"Nice. Cette \u00e9cole emp\u00each\u00e9e d&rsquo;ouvrir sur la Promenade des Anglais, la rentr\u00e9e compromise"},"content":{"rendered":"<p>            Par<br \/>\n        <strong><br \/>\n            <a href=\"https:\/\/actu.fr\/auteur\/redaction-nice\" title=\"Consulter tous les articles de R\u00e9daction Nice\" target=\"_blank\" rel=\"noopener\">R\u00e9daction Nice<\/a><br \/>\n        <\/strong><\/p>\n<p>        Publi\u00e9 le<\/p>\n<p>            19 juin 2025 \u00e0 16h11        <\/p>\n<p>Le juge des r\u00e9f\u00e9r\u00e9s du tribunal administratif de <a href=\"https:\/\/actu.fr\/nice\/\" target=\"_blank\" rel=\"noopener\">Nice<\/a> a d\u00e9bout\u00e9 <strong>l\u2019Efap (ex-Ecole fran\u00e7aise des attach\u00e9s de presse),<\/strong> qui l\u2019avait saisi en urgence le 31 mai 2025 pour faire suspendre <strong>le refus de permis de construire<\/strong> que lui a oppos\u00e9 le nouveau pr\u00e9fet des <a href=\"https:\/\/actu.fr\/provence-alpes-cote-d-azur\/alpes-maritimes_06\" target=\"_blank\" rel=\"noopener\">Alpes-Maritimes<\/a>. Laurent Hottiaux, qui a pris son poste le 28\u00a0avril 2025, avait en effet refus\u00e9 le 15\u00a0mai 2025 d\u2019autoriser l\u2019\u00e9cole de communication \u00e0 proc\u00e9der au \u00ab\u2009changement de destination\u2009\u00bb du \u00ab\u2009local commercial\u2009\u00bb qu\u2019elle a acquis au <strong>470 de la promenade des Anglais<\/strong> pour en faire une \u00ab\u2009\u00e9cole d\u2019enseignement sup\u00e9rieur\u2009\u00bb avec \u00ab\u2009modification des fa\u00e7ades\u2009\u00bb.<\/p>\n<p>Un pr\u00e9judice grave<\/p>\n<p class=\" wall-content\">\u00ab\u2009La d\u00e9cision pr\u00e9judicie gravement et imm\u00e9diatement aux int\u00e9r\u00eats de la requ\u00e9rante\u2009\u00bb, s\u2019alarmait donc l\u2019avocate de cette filiale du groupe EDH, le \u00ab\u2009leader fran\u00e7ais de l\u2019enseignement sup\u00e9rieur dans les m\u00e9tiers cr\u00e9atifs\u2009\u00bb. \u00ab\u2009Aucun int\u00e9r\u00eat g\u00e9n\u00e9ral ne s\u2019oppose \u00e0 la suspension de cette d\u00e9cision, qui <strong>compromet la rentr\u00e9e 2025<\/strong> et porte atteinte \u00e0 la r\u00e9putation du groupe\u2009\u00bb, avait-elle plaid\u00e9.<\/p>\n<p class=\" wall-content\">L\u2019ouverture de l\u2019\u00e9cole des \u00ab\u2009nouveaux m\u00e9tiers de la communication\u2009\u00bb sur la Promenade des Anglais, pr\u00e8s de l\u2019H\u00f4tel Sheraton, a en effet \u00e9t\u00e9 \u00ab\u2009annonc\u00e9e par voie de presse\u2009\u00bb. \u00ab\u2009Nombre d\u2019\u00e9tudiants y sont d\u00e9j\u00e0 pr\u00e9inscrits et cela entra\u00eene <strong>un impact \u00e9conomique important<\/strong> pour la requ\u00e9rante en termes de recettes\u2009\u00bb, soulignait son avocate.<\/p>\n<p class=\" wall-content\"><a href=\"https:\/\/www.instagram.com\/p\/DAGoiN4s8v8\/embed\" title=\"Ouvrir le lien sur Instagram\" target=\"_blank\" rel=\"noopener\">Visualiser le contenu sur Instagram<\/a><\/p>\n<p>\u00ab\u2009Affect\u00e9 d\u2019irr\u00e9gularit\u00e9s\u2009\u00bb<\/p>\n<p class=\" wall-content\">Sur le fond du dossier, le refus du pr\u00e9fet des Alpes-Maritimes devait s\u2019analyser selon elle comme un \u00ab\u2009retrait de permis de construire tacite\u2009\u00bb. Or, le retrait d\u2019une telle d\u00e9cision \u00ab\u2009cr\u00e9atrice de droits\u2009\u00bb pour l\u2019Efap est \u00ab\u2009affect\u00e9 d\u2019irr\u00e9gularit\u00e9s\u2009\u00bb, a \u00e9t\u00e9 <strong>\u00ab\u2009effectu\u00e9 hors d\u00e9lai\u2009\u00bb<\/strong> par l\u2019administration et \u00ab\u2009en m\u00e9connaissance du contradictoire\u2009\u00bb, un principe qui impose de recueillir au pr\u00e9alable l\u2019avis des parties.<\/p>\n<p class=\" wall-content\">\u00ab\u2009Si n\u00e9cessaire, il incombait au pr\u00e9fet de solliciter de la requ\u00e9rante qu\u2019elle compl\u00e8te son dossier\u2009\u00bb, estimait l\u2019avocate de l\u2019\u00e9cole de communication.<\/p>\n<p class=\" wall-content\">Mais \u00ab\u2009compte tenu des motifs de la d\u00e9cision querell\u00e9e, il appartient \u00e0 la soci\u00e9t\u00e9 [\u2026] de refaire sans tarder <strong>une demande de permis de construire conforme<\/strong> aux exigences rappel\u00e9es par le pr\u00e9fet [\u2026] plut\u00f4t que de solliciter du juge [\u2026] qu\u2019il enjoigne \u00e0 l\u2019autorit\u00e9 pr\u00e9fectorale de reprendre l\u2019instruction de sa demande\u2009\u00bb, cingle le juge des r\u00e9f\u00e9r\u00e9s du tribunal administratif de Nice dans une ordonnance dat\u00e9e du 5\u00a0juin 2025.<\/p>\n<p>\u00ab\u2009Cons\u00e9quences \u00e9conomiques et en termes d\u2019image\u2009\u00bb<\/p>\n<p class=\" wall-content\">Reprendre une telle \u00ab\u2009instruction\u2009\u00bb sur la base d\u2019un \u00ab\u2009dossier identique\u2009\u00bb serait vou\u00e9 \u00e0 l\u2019\u00e9chec, selon le magistrat\u2009: il existe <strong>une \u00ab\u2009contestation s\u00e9rieuse\u2009\u00bb sur la \u00ab\u2009conformit\u00e9 aux r\u00e8gles d\u2019urbanisme\u2009\u00bb<\/strong> du projet architectural de l\u2019Efap. \u00ab\u2009Le juge ne saurait pas davantage enjoindre au pr\u00e9fet [\u2026] de d\u00e9livrer [\u2026] un certificat de permis tacite, alors qu\u2019il ne saurait \u00eatre statu\u00e9 [\u2026] que par des mesures qui pr\u00e9sentent un caract\u00e8re provisoire\u2009\u00bb, rappelle au demeurant le juge des r\u00e9f\u00e9r\u00e9s du tribunal administratif de Nice.<\/p>\n<p class=\" wall-content\">\u00ab\u2009Nonobstant les cons\u00e9quences \u00e9conomiques et en termes d\u2019image qu\u2019a pour la requ\u00e9rante la d\u00e9cision querell\u00e9e, l\u2019urgence [\u2026] doit \u00eatre regard\u00e9e comme non \u00e9tablie.\u2009\u00bb<\/p>\n<p class=\" wall-content\">La requ\u00eate a donc \u00e9t\u00e9 rejet\u00e9e \u00e0 ce stade et le tribunal administratif de Nice r\u00e9examinera la l\u00e9galit\u00e9 de ce refus pr\u00e9fectoral de permis de construire par le biais d\u2019une formation coll\u00e9giale de trois juges, mais <strong>pas avant dix-huit mois \u00e0 deux ans d\u00e9sormais.<\/strong> Si l\u2019Efap venait alors \u00e0 obtenir gain de cause sur le fond, elle serait en droit d\u2019introduire un nouveau recours pour \u00eatre indemnis\u00e9e par l\u2019\u00c9tat de ses divers \u00ab\u2009pr\u00e9judices\u2009\u00bb.<\/p>\n<p>GF \/ PressPepper<\/p>\n<p class=\" wall-content\">Suivez toute l\u2019actualit\u00e9 de vos villes et m\u00e9dias favoris en vous inscrivant \u00e0 <a href=\"https:\/\/moncompte.actu.fr\" title=\"D\u00e9couvez Mon Actu\" rel=\"nofollow noopener\" data-trk=\"{&quot;cta&quot;:{&quot;action&quot;:&quot;https:\\\/\\\/moncompte.actu.fr&quot;,&quot;category&quot;:&quot;mon compte&quot;,&quot;from&quot;:&quot;article footer&quot;,&quot;name&quot;:&quot;Mon actu&quot;,&quot;type&quot;:&quot;cta&quot;}}\" target=\"_blank\">Mon Actu<\/a>.<\/p>\n<p>                    <script async src=\"\/\/www.instagram.com\/embed.js\"><\/script><\/p>\n","protected":false},"excerpt":{"rendered":"Par R\u00e9daction Nice Publi\u00e9 le 19 juin 2025 \u00e0 16h11 Le juge des r\u00e9f\u00e9r\u00e9s du tribunal administratif de&hellip;\n","protected":false},"author":2,"featured_media":188600,"comment_status":"","ping_status":"","sticky":false,"template":"","format":"standard","meta":{"footnotes":""},"categories":[2819],"tags":[1111,11,4019,1777,674,1011,27,303,12,2401,882,25,104],"class_list":{"0":"post-188599","1":"post","2":"type-post","3":"status-publish","4":"format-standard","5":"has-post-thumbnail","7":"category-nice","8":"tag-actu","9":"tag-actualites","10":"tag-ecoles","11":"tag-eu","12":"tag-europe","13":"tag-fr","14":"tag-france","15":"tag-justice","16":"tag-news","17":"tag-nice","18":"tag-provence-alpes-cote-dazur","19":"tag-republique-francaise","20":"tag-societe"},"share_on_mastodon":{"url":"https:\/\/pubeurope.com\/@fr\/114710489574008983","error":""},"_links":{"self":[{"href":"https:\/\/www.europesays.com\/fr\/wp-json\/wp\/v2\/posts\/188599","targetHints":{"allow":["GET"]}}],"collection":[{"href":"https:\/\/www.europesays.com\/fr\/wp-json\/wp\/v2\/posts"}],"about":[{"href":"https:\/\/www.europesays.com\/fr\/wp-json\/wp\/v2\/types\/post"}],"author":[{"embeddable":true,"href":"https:\/\/www.europesays.com\/fr\/wp-json\/wp\/v2\/users\/2"}],"replies":[{"embeddable":true,"href":"https:\/\/www.europesays.com\/fr\/wp-json\/wp\/v2\/comments?post=188599"}],"version-history":[{"count":0,"href":"https:\/\/www.europesays.com\/fr\/wp-json\/wp\/v2\/posts\/188599\/revisions"}],"wp:featuredmedia":[{"embeddable":true,"href":"https:\/\/www.europesays.com\/fr\/wp-json\/wp\/v2\/media\/188600"}],"wp:attachment":[{"href":"https:\/\/www.europesays.com\/fr\/wp-json\/wp\/v2\/media?parent=188599"}],"wp:term":[{"taxonomy":"category","embeddable":true,"href":"https:\/\/www.europesays.com\/fr\/wp-json\/wp\/v2\/categories?post=188599"},{"taxonomy":"post_tag","embeddable":true,"href":"https:\/\/www.europesays.com\/fr\/wp-json\/wp\/v2\/tags?post=188599"}],"curies":[{"name":"wp","href":"https:\/\/api.w.org\/{rel}","templated":true}]}}