{"id":18861,"date":"2025-04-12T02:33:11","date_gmt":"2025-04-12T02:33:11","guid":{"rendered":"https:\/\/www.europesays.com\/fr\/18861\/"},"modified":"2025-04-12T02:33:11","modified_gmt":"2025-04-12T02:33:11","slug":"cts-plus-dune-vingtaine-de-bus-decores-avec-dattachants-petits-personnages-vont-rouler-a-strasbourg","status":"publish","type":"post","link":"https:\/\/www.europesays.com\/fr\/18861\/","title":{"rendered":"CTS. Plus d&rsquo;une vingtaine de bus d\u00e9cor\u00e9s avec d&rsquo;attachants petits personnages vont rouler \u00e0 Strasbourg"},"content":{"rendered":"<p>            Par<br \/>\n        <strong><br \/>\n            <a href=\"https:\/\/actu.fr\/auteur\/margot-fournie\" title=\"Consulter tous les articles de Margot Fournie\" target=\"_blank\" rel=\"noopener\">Margot Fournie<\/a><br \/>\n        <\/strong><\/p>\n<p>        Publi\u00e9 le<\/p>\n<p>            11 avr. 2025 \u00e0 11h10        <\/p>\n<p>Apr\u00e8s des bus orn\u00e9s des <a href=\"https:\/\/actu.fr\/grand-est\/strasbourg_67482\/strasbourg-vous-pouvez-choisir-l-habillage-de-dizaines-de-nouveaux-bus-voici-comment_42303773.html\" target=\"_blank\" rel=\"noopener\">\u0153uvres de Tomi Ungerer<\/a>, de Gustave Dor\u00e9 et bien d\u2019autres, la <a href=\"https:\/\/actu.fr\/tag\/compagnie-des-transports-strasbourgeois-cts\" target=\"_blank\" rel=\"noopener\">CTS<\/a> va d\u00e9ployer un<strong> nouvel habillage artistique<\/strong> sur des bus.<\/p>\n<p class=\" wall-content\">Cette fois, \u00e7a sera sur des bus Chron\u2019hop, c\u2019est-\u00e0-dire des lignes C1, C3, C6, C7, C8 et C9.<\/p>\n<p>Un nouveau d\u00e9cor fait d\u2019une foule de personnages hauts en couleur<\/p>\n<p class=\" wall-content\">Dans un communiqu\u00e9 de presse la CTS indique que \u00ab\u2009c\u2019est <strong>l\u2019illustratrice Julie Luzoir<\/strong> qui a remport\u00e9 le<strong> dernier vote<\/strong> du public pour d\u00e9corer les bus.\u2009\u00bb<\/p>\n<p class=\" wall-content\">Son \u0153uvre s\u2019appelle \u00ab\u2009la foule\u2009\u00bb.<\/p>\n<p class=\" wall-content\">Dans le document remis par la CTS, l\u2019illustratrice parle du d\u00e9cor qu\u2019elle a compos\u00e9 en disant\u2009: \u00ab\u2009<strong>Les bus traversent l\u2019Eurom\u00e9tropole<\/strong> autant qu\u2019ils sont travers\u00e9s par les foules<br \/>voyageant \u00e0 leur bord. Pour t\u00e9moigner de ces passages, j\u2019ai dessin\u00e9 une foule d\u2019hommes,<br \/>de femmes et d\u2019enfants qui <strong>envahissent joyeusement<\/strong> la carrosserie des v\u00e9hicules.\u2009\u00bb<\/p>\n<p>Vid\u00e9os : en ce moment sur ActuLe premier bus d\u00e9cor\u00e9 est visible en ville depuis le 10\u00a0avril<\/p>\n<p class=\" wall-content\">Le d\u00e9cor de Julie Luzoir a commenc\u00e9 \u00e0 \u00eatre d\u00e9ploy\u00e9 sur \u00ab\u2009des lignes C1 et C8. Le <strong>premier bus<\/strong> de la s\u00e9rie est visible sur le r\u00e9seau depuis le 10\u00a0avril et sera rejoint progressivement par la <strong>vingtaine d\u2019autres v\u00e9hicules<\/strong> sur ces lignes\u2009\u00bb, d\u2019apr\u00e8s la CTS.<\/p>\n<p class=\" wall-content\">Suivez toute l\u2019actualit\u00e9 de vos villes et m\u00e9dias favoris en vous inscrivant \u00e0 <a href=\"https:\/\/moncompte.actu.fr\" title=\"D\u00e9couvez Mon Actu\" rel=\"nofollow noopener\" data-trk=\"{&quot;cta&quot;:{&quot;action&quot;:&quot;https:\\\/\\\/moncompte.actu.fr&quot;,&quot;category&quot;:&quot;mon compte&quot;,&quot;from&quot;:&quot;article footer&quot;,&quot;name&quot;:&quot;Mon actu&quot;,&quot;type&quot;:&quot;cta&quot;}}\" target=\"_blank\">Mon Actu<\/a>.<\/p>\n<ul class=\"ac-article-tag wall-content\">\n<li><a href=\"https:\/\/actu.fr\/tag\/compagnie-des-transports-strasbourgeois-cts\" data-trk=\"{&quot;cta&quot;:{&quot;action&quot;:&quot;Compagnie des transports strasbourgeois (CTS)&quot;,&quot;category&quot;:&quot;tag&quot;,&quot;from&quot;:&quot;article footer&quot;,&quot;name&quot;:&quot;Compagnie des transports strasbourgeois (CTS)&quot;,&quot;type&quot;:&quot;cta&quot;}}\" target=\"_blank\" rel=\"noopener\">#Compagnie des transports strasbourgeois (CTS)<\/a><\/li>\n<li><a href=\"https:\/\/actu.fr\/tag\/eurometropole-de-strasbourg\" data-trk=\"{&quot;cta&quot;:{&quot;action&quot;:&quot;Eurom\\u00e9tropole de Strasbourg&quot;,&quot;category&quot;:&quot;tag&quot;,&quot;from&quot;:&quot;article footer&quot;,&quot;name&quot;:&quot;Eurom\\u00e9tropole de Strasbourg&quot;,&quot;type&quot;:&quot;cta&quot;}}\" target=\"_blank\" rel=\"noopener\">#Eurom\u00e9tropole de Strasbourg<\/a><\/li>\n<\/ul>\n","protected":false},"excerpt":{"rendered":"Par Margot Fournie Publi\u00e9 le 11 avr. 2025 \u00e0 11h10 Apr\u00e8s des bus orn\u00e9s des \u0153uvres de Tomi&hellip;\n","protected":false},"author":2,"featured_media":18862,"comment_status":"","ping_status":"","sticky":false,"template":"","format":"standard","meta":{"footnotes":""},"categories":[2820],"tags":[1111,11,7344,1777,5342,674,1011,27,775,12,25,104,640],"class_list":{"0":"post-18861","1":"post","2":"type-post","3":"status-publish","4":"format-standard","5":"has-post-thumbnail","7":"category-strasbourg","8":"tag-actu","9":"tag-actualites","10":"tag-compagnie-des-transports-strasbourgeois-cts","11":"tag-eu","12":"tag-eurometropole-de-strasbourg","13":"tag-europe","14":"tag-fr","15":"tag-france","16":"tag-grand-est","17":"tag-news","18":"tag-republique-francaise","19":"tag-societe","20":"tag-strasbourg"},"share_on_mastodon":{"url":"https:\/\/pubeurope.com\/@fr\/114322656805878898","error":""},"_links":{"self":[{"href":"https:\/\/www.europesays.com\/fr\/wp-json\/wp\/v2\/posts\/18861","targetHints":{"allow":["GET"]}}],"collection":[{"href":"https:\/\/www.europesays.com\/fr\/wp-json\/wp\/v2\/posts"}],"about":[{"href":"https:\/\/www.europesays.com\/fr\/wp-json\/wp\/v2\/types\/post"}],"author":[{"embeddable":true,"href":"https:\/\/www.europesays.com\/fr\/wp-json\/wp\/v2\/users\/2"}],"replies":[{"embeddable":true,"href":"https:\/\/www.europesays.com\/fr\/wp-json\/wp\/v2\/comments?post=18861"}],"version-history":[{"count":0,"href":"https:\/\/www.europesays.com\/fr\/wp-json\/wp\/v2\/posts\/18861\/revisions"}],"wp:featuredmedia":[{"embeddable":true,"href":"https:\/\/www.europesays.com\/fr\/wp-json\/wp\/v2\/media\/18862"}],"wp:attachment":[{"href":"https:\/\/www.europesays.com\/fr\/wp-json\/wp\/v2\/media?parent=18861"}],"wp:term":[{"taxonomy":"category","embeddable":true,"href":"https:\/\/www.europesays.com\/fr\/wp-json\/wp\/v2\/categories?post=18861"},{"taxonomy":"post_tag","embeddable":true,"href":"https:\/\/www.europesays.com\/fr\/wp-json\/wp\/v2\/tags?post=18861"}],"curies":[{"name":"wp","href":"https:\/\/api.w.org\/{rel}","templated":true}]}}