{"id":188613,"date":"2025-06-19T14:31:10","date_gmt":"2025-06-19T14:31:10","guid":{"rendered":"https:\/\/www.europesays.com\/fr\/188613\/"},"modified":"2025-06-19T14:31:10","modified_gmt":"2025-06-19T14:31:10","slug":"toulouse-sous-pression-bayonne-sur-leuphorie-pour-une-place-en-finale","status":"publish","type":"post","link":"https:\/\/www.europesays.com\/fr\/188613\/","title":{"rendered":"Toulouse sous pression, Bayonne sur l\u2019euphorie pour une place en finale"},"content":{"rendered":"<p><strong>Toulouse\u00a0&#8211; Bayonne<\/strong><\/p>\n<p>Une \u00e9ternit\u00e9. Depuis le coup de massue ass\u00e9n\u00e9 par l\u2019Union Bordeaux-B\u00e8gles le 4\u00a0mai en <a target=\"_self\" href=\"https:\/\/www.lanouvellerepublique.fr\/sports\/champions-cup-bordeaux-begles-s-offre-le-scalp-de-toulouse-et-une-finale-1746377949\" rel=\"nofollow noopener\">demi-finale de Champions Cup (35-18)<\/a>, les Toulousains voient le temps s\u2019\u00e9tirer jusqu\u2019\u00e0 leur prochain grand objectif, la demi-finale de Top\u00a014. La voici enfin qui arrive ce vendredi 20\u00a0juin 2025 avec cette affiche contre Bayonne.<\/p>\n<p>Entre ces deux rendez-vous majeurs, les Rouge et Noir ont rumin\u00e9, frustr\u00e9s d\u2019avoir laiss\u00e9 filer une couronne europ\u00e9enne sur laquelle ils avaient mis la main la saison pr\u00e9c\u00e9dente. Ils ont aussi p\u00e9ch\u00e9 dans leur r\u00e9action sur le terrain, pas \u00e0 la hauteur selon leur manageur Ugo Mola.<\/p>\n<p>L\u2019orgueil a parl\u00e9 au V\u00e9lodrome face \u00e0 Toulon (50-16) mais les rechutes n\u2019ont pas tard\u00e9, \u00e0 domicile contre le Racing (37-35) et \u00e0 <a target=\"_self\" href=\"https:\/\/www.lanouvellerepublique.fr\/sports\/top-14-perpignan-devra-passer-par-les-barrages-malgre-sa-victoire-contre-toulouse-1749332284\" rel=\"nofollow noopener\">Perpignan (42-35)<\/a>, lors de matchs de championnat certes d\u00e9licats \u00e0 aborder puisque d\u00e9nou\u00e9s de tout enjeu comptable, Toulouse \u00e9tant assur\u00e9 de terminer \u00e0 la premi\u00e8re place\u2026<\/p>\n<p>Entre un jeu moins fluide, des connexions moins \u00e9videntes, des attitudes moins tranchantes et un mois et demi entre deux eaux, il n\u2019en fallait pas plus pour raviver dans les m\u00e9moires le souvenir de 2022, lorsque les Toulousains avaient chut\u00e9 aux portes des finales de Champions Cup et du Top\u00a014.<\/p>\n<p>Le Stade Toulousain en stage en Catalogne<\/p>\n<p>En s\u2019installant dans une forme de huis clos, le groupe s\u2019est resserr\u00e9 et a pris le temps de se ressourcer lors d\u2019un stage de quelques jours, organis\u00e9\u00a0apr\u00e8s la derni\u00e8re journ\u00e9e de championnat pr\u00e8s de Barcelone. Au programme, de grosses s\u00e9ances d\u2019entra\u00eenement entre quelques parties de golf.<\/p>\n<p>Reste qu\u2019au moment d\u2019affronter l\u2019Aviron Bayonnais, 4e\u00a0de la saison r\u00e9guli\u00e8re, ce vendredi \u00e0 Lyon, la pression est bien sur les \u00e9paules toulousaines, amoindries par la cascade de blessures qui s\u2019est abattue sur le club durant le printemps.<\/p>\n<p>Cascades de bless\u00e9s des deux c\u00f4t\u00e9s<\/p>\n<p>Apr\u00e8s <a target=\"_self\" href=\"https:\/\/www.lanouvellerepublique.fr\/a-la-une\/equipe-de-france-de-rugby-antoine-dupont-blesse-au-genou-devrait-faire-son-retour-a-100-d-ici-huit-mois-1741628579\" rel=\"nofollow noopener\">Antoine Dupont<\/a> en mars et <a target=\"_self\" href=\"https:\/\/www.lanouvellerepublique.fr\/sports\/top-14-fin-de-saison-pour-peato-mauvaka-nouveau-coup-dur-pour-toulouse-et-les-bleus-1746020924\" rel=\"nofollow noopener\">Peato Mauvaka<\/a> d\u00e9but mai, victimes d\u2019une rupture des ligaments crois\u00e9s d\u2019un genou, Toulouse doit composer sans le trois-quarts polyvalent Ange Capuozzo (fracture du p\u00e9ron\u00e9), ni le centre Paul Costes (genou). Au rayon des rares bonnes nouvelles, le retour de l\u2019\u00c9cossais Blair Kinghorn, bless\u00e9 juste avant la demi-finale de Champions Cup et op\u00e9rationnel.<\/p>\n<p>Les tuiles n\u2019ont cependant pas non plus \u00e9pargn\u00e9 les Basques, de retour en demi-finale du championnat, quarante 40\u00a0ans apr\u00e8s leur derni\u00e8re apparition \u00e0 ce niveau.\u00a0L\u2019euphorie cons\u00e9cutive \u00e0 la <a target=\"_self\" href=\"https:\/\/www.lanouvellerepublique.fr\/sports\/top-14-vainqueur-de-clermont-bayonne-defiera-toulouse-en-demi-finale-1749851042\" rel=\"nofollow noopener\">qualification d\u00e9croch\u00e9e contre Clermont<\/a> a \u00e9t\u00e9 quelque peu douch\u00e9e par les forfaits du deuxi\u00e8me ligne Baptiste Chouzenoux, du centre anglais Manu Tuilagi et de l\u2019arri\u00e8re Cheikh Tiberghien.<\/p>\n<p>\u00ab\u00a0Ils vont vouloir nous remettre \u00e0 notre place\u00a0\u00bb<\/p>\n<p>L\u2019Aviron aurait pourtant bien besoin de toutes ses armes pour contenir l\u2019armada et la force de l\u2019habitude toulousaines. \u00ab\u00a0Si on regarde les palmar\u00e8s de chacun, le combat est d\u00e9s\u00e9quilibr\u00e9. On conna\u00eet leur savoir-faire, leur esprit de comp\u00e9titeurs, ils vont vouloir nous remettre \u00e0 notre place\u00a0\u00bb, estimait Gr\u00e9gory Patat apr\u00e8s la victoire contre l\u2019ASM.<\/p>\n<p>Vendredi 20\u00a0juin 2025, \u00e0 21\u00a0h\u00a005. En direct sur Canal+.<\/p>\n","protected":false},"excerpt":{"rendered":"Toulouse\u00a0&#8211; Bayonne Une \u00e9ternit\u00e9. Depuis le coup de massue ass\u00e9n\u00e9 par l\u2019Union Bordeaux-B\u00e8gles le 4\u00a0mai en demi-finale de&hellip;\n","protected":false},"author":2,"featured_media":188614,"comment_status":"","ping_status":"","sticky":false,"template":"","format":"standard","meta":{"footnotes":""},"categories":[2816],"tags":[1392,1111,11,1777,674,1011,27,12,2680,25,479,60,478,2312],"class_list":{"0":"post-188613","1":"post","2":"type-post","3":"status-publish","4":"format-standard","5":"has-post-thumbnail","7":"category-toulouse","8":"tag-a-la-une-local","9":"tag-actu","10":"tag-actualites","11":"tag-eu","12":"tag-europe","13":"tag-fr","14":"tag-france","15":"tag-news","16":"tag-occitanie","17":"tag-republique-francaise","18":"tag-rugby","19":"tag-sports","20":"tag-top-14","21":"tag-toulouse"},"share_on_mastodon":{"url":"https:\/\/pubeurope.com\/@fr\/114710517164585855","error":""},"_links":{"self":[{"href":"https:\/\/www.europesays.com\/fr\/wp-json\/wp\/v2\/posts\/188613","targetHints":{"allow":["GET"]}}],"collection":[{"href":"https:\/\/www.europesays.com\/fr\/wp-json\/wp\/v2\/posts"}],"about":[{"href":"https:\/\/www.europesays.com\/fr\/wp-json\/wp\/v2\/types\/post"}],"author":[{"embeddable":true,"href":"https:\/\/www.europesays.com\/fr\/wp-json\/wp\/v2\/users\/2"}],"replies":[{"embeddable":true,"href":"https:\/\/www.europesays.com\/fr\/wp-json\/wp\/v2\/comments?post=188613"}],"version-history":[{"count":0,"href":"https:\/\/www.europesays.com\/fr\/wp-json\/wp\/v2\/posts\/188613\/revisions"}],"wp:featuredmedia":[{"embeddable":true,"href":"https:\/\/www.europesays.com\/fr\/wp-json\/wp\/v2\/media\/188614"}],"wp:attachment":[{"href":"https:\/\/www.europesays.com\/fr\/wp-json\/wp\/v2\/media?parent=188613"}],"wp:term":[{"taxonomy":"category","embeddable":true,"href":"https:\/\/www.europesays.com\/fr\/wp-json\/wp\/v2\/categories?post=188613"},{"taxonomy":"post_tag","embeddable":true,"href":"https:\/\/www.europesays.com\/fr\/wp-json\/wp\/v2\/tags?post=188613"}],"curies":[{"name":"wp","href":"https:\/\/api.w.org\/{rel}","templated":true}]}}