{"id":188615,"date":"2025-06-19T14:32:11","date_gmt":"2025-06-19T14:32:11","guid":{"rendered":"https:\/\/www.europesays.com\/fr\/188615\/"},"modified":"2025-06-19T14:32:11","modified_gmt":"2025-06-19T14:32:11","slug":"la-ligne-1-interrompue-ce-jeudi-en-raison-dun-incident","status":"publish","type":"post","link":"https:\/\/www.europesays.com\/fr\/188615\/","title":{"rendered":"la ligne 1 interrompue ce jeudi en raison d&rsquo;un incident"},"content":{"rendered":"<p>            Par<br \/>\n        <strong><br \/>\n            <a href=\"https:\/\/actu.fr\/auteur\/nicolas-demollien\" title=\"Consulter tous les articles de Nicolas Demollien\" rel=\"nofollow noopener\" target=\"_blank\">Nicolas Demollien<\/a><br \/>\n        <\/strong><\/p>\n<p>        Publi\u00e9 le<\/p>\n<p>            19 juin 2025 \u00e0 15h35        <\/p>\n<p>Avis aux usagers de la<b> ligne 1 du m\u00e9tro<\/b> <a href=\"https:\/\/actu.fr\/tag\/ilevia\" rel=\"nofollow noopener\" target=\"_blank\">Il\u00e9via<\/a> de la m\u00e9tropole de <a href=\"https:\/\/actu.fr\/hauts-de-france\/lille_59350\" rel=\"nofollow noopener\" target=\"_blank\">Lille<\/a> (Nord). Ce jeudi 19 juin, la ligne est <b>\u00e0 nouveau interrompue en partie<\/b>, suscitant une fois de plus la col\u00e8re des usagers.<\/p>\n<p>La ligne 1 du m\u00e9tro Il\u00e9via interrompue ce jeudi 19 juin<\/p>\n<p class=\" wall-content\">Il faut dire que les retards et interruptions s\u2019encha\u00eenent ces derniers mois, \u00e0 tel point que la <a href=\"https:\/\/actu.fr\/tag\/metropole-europeenne-de-lille\" rel=\"nofollow noopener\" target=\"_blank\">M\u00e9tropole europ\u00e9enne de Lille<\/a> a mis en garde l\u2019entreprise, <a href=\"https:\/\/actu.fr\/hauts-de-france\/lille_59350\/pannes-en-serie-du-metro-de-lille-la-mel-hausse-vraiment-le-ton-et-exige-des-solutions_62770252.html\" rel=\"nofollow noopener\" target=\"_blank\">la mena\u00e7ant de p\u00e9nalit\u00e9s<\/a>.<\/p>\n<p class=\" wall-content\">Ce jeudi, la ligne est coup\u00e9e <b>entre les stations Fives<\/b> \u00e0 <a href=\"https:\/\/actu.fr\/hauts-de-france\/lille_59350\" rel=\"nofollow noopener\" target=\"_blank\">Lille<\/a> et le <b>terminus 4 Cantons<\/b> \u00e0 <a href=\"https:\/\/actu.fr\/hauts-de-france\/villeneuve-d-ascq_59009\" rel=\"nofollow noopener\" target=\"_blank\">Villeneuve-d\u2019Ascq<\/a>. Il\u00e9via \u00e9voque un \u00ab\u00a0<b>incident<\/b>\u00a0\u00bb qui s\u2019est produit aux alentours de 15h20. La reprise est estim\u00e9e \u00e0 16h15.<\/p>\n<p class=\" wall-content\">\n<p class=\" wall-content\">Pour le moment, aucun bus relais n\u2019a \u00e9t\u00e9 d\u00e9ploy\u00e9. Affaire \u00e0 suivre.<\/p>\n<p class=\" wall-content\">Suivez toute l\u2019actualit\u00e9 de vos villes et m\u00e9dias favoris en vous inscrivant \u00e0 <a href=\"https:\/\/moncompte.actu.fr\" title=\"D\u00e9couvez Mon Actu\" rel=\"nofollow noopener\" data-trk=\"{&quot;cta&quot;:{&quot;action&quot;:&quot;https:\\\/\\\/moncompte.actu.fr&quot;,&quot;category&quot;:&quot;mon compte&quot;,&quot;from&quot;:&quot;article footer&quot;,&quot;name&quot;:&quot;Mon actu&quot;,&quot;type&quot;:&quot;cta&quot;}}\" target=\"_blank\">Mon Actu<\/a>.<\/p>\n","protected":false},"excerpt":{"rendered":"Par Nicolas Demollien Publi\u00e9 le 19 juin 2025 \u00e0 15h35 Avis aux usagers de la ligne 1 du&hellip;\n","protected":false},"author":2,"featured_media":188616,"comment_status":"","ping_status":"","sticky":false,"template":"","format":"standard","meta":{"footnotes":""},"categories":[2815],"tags":[1111,11,1777,674,1011,27,811,4288,1307,12,25,104,2803],"class_list":{"0":"post-188615","1":"post","2":"type-post","3":"status-publish","4":"format-standard","5":"has-post-thumbnail","7":"category-lille","8":"tag-actu","9":"tag-actualites","10":"tag-eu","11":"tag-europe","12":"tag-fr","13":"tag-france","14":"tag-hauts-de-france","15":"tag-ilevia","16":"tag-lille","17":"tag-news","18":"tag-republique-francaise","19":"tag-societe","20":"tag-transport"},"share_on_mastodon":{"url":"https:\/\/pubeurope.com\/@fr\/114710521122507479","error":""},"_links":{"self":[{"href":"https:\/\/www.europesays.com\/fr\/wp-json\/wp\/v2\/posts\/188615","targetHints":{"allow":["GET"]}}],"collection":[{"href":"https:\/\/www.europesays.com\/fr\/wp-json\/wp\/v2\/posts"}],"about":[{"href":"https:\/\/www.europesays.com\/fr\/wp-json\/wp\/v2\/types\/post"}],"author":[{"embeddable":true,"href":"https:\/\/www.europesays.com\/fr\/wp-json\/wp\/v2\/users\/2"}],"replies":[{"embeddable":true,"href":"https:\/\/www.europesays.com\/fr\/wp-json\/wp\/v2\/comments?post=188615"}],"version-history":[{"count":0,"href":"https:\/\/www.europesays.com\/fr\/wp-json\/wp\/v2\/posts\/188615\/revisions"}],"wp:featuredmedia":[{"embeddable":true,"href":"https:\/\/www.europesays.com\/fr\/wp-json\/wp\/v2\/media\/188616"}],"wp:attachment":[{"href":"https:\/\/www.europesays.com\/fr\/wp-json\/wp\/v2\/media?parent=188615"}],"wp:term":[{"taxonomy":"category","embeddable":true,"href":"https:\/\/www.europesays.com\/fr\/wp-json\/wp\/v2\/categories?post=188615"},{"taxonomy":"post_tag","embeddable":true,"href":"https:\/\/www.europesays.com\/fr\/wp-json\/wp\/v2\/tags?post=188615"}],"curies":[{"name":"wp","href":"https:\/\/api.w.org\/{rel}","templated":true}]}}