{"id":188620,"date":"2025-06-19T14:35:09","date_gmt":"2025-06-19T14:35:09","guid":{"rendered":"https:\/\/www.europesays.com\/fr\/188620\/"},"modified":"2025-06-19T14:35:09","modified_gmt":"2025-06-19T14:35:09","slug":"deux-fugitifs-lun-en-evasion-lautre-sous-le-coup-dun-mandat-darret-interpelles-coup-sur-coup-a-marseille","status":"publish","type":"post","link":"https:\/\/www.europesays.com\/fr\/188620\/","title":{"rendered":"Deux fugitifs, l&rsquo;un en \u00e9vasion l&rsquo;autre sous le coup d&rsquo;un mandat d&rsquo;arr\u00eat, interpell\u00e9s coup sur coup \u00e0 Marseille"},"content":{"rendered":"<p>Sa cavale s&rsquo;est arr\u00eat\u00e9e \u00e0 <a href=\"https:\/\/www.laprovence.com\/article\/faits-divers-justice\/2731074173663614\/marseille-un-colis-suspect-provoque-la-fermeture-de-la-gare-routiere-et-des-perturbations-a-saint-charles\" target=\"_blank\" rel=\"noopener\">la gare de Marseille<\/a>, cet apr\u00e8s-midi du 18 juin 2025. Un homme de 23 ans a \u00e9t\u00e9 interpell\u00e9 peu avant 16h, lors d&rsquo;un <a href=\"https:\/\/www.laprovence.com\/article\/societe\/6943215439367614\/gares-trains-bus-d-importants-controles-a-prevoir-mercredi-et-jeudi-dans-tout-le-pays\" target=\"_blank\" rel=\"noopener\">contr\u00f4le de police<\/a> \u00e0 Saint-Charles, dans le 3e arrondissement, mercredi soir, apr\u00e8s avoir \u00e9t\u00e9 identifi\u00e9 par une patrouille de police. Ce natif de Romans-sur-Is\u00e8re \u00e9tait en fait un prisonnier en cavale.<\/p>\n<p>Le d\u00e9tenu qui \u00e9tait cens\u00e9 \u00eatre incarc\u00e9r\u00e9 \u00e0 Valence avait profit\u00e9 d&rsquo;une permission de sortie dans le cadre d&rsquo;un r\u00e9gime de semi-libert\u00e9 pour se faire la belle. Apr\u00e8s v\u00e9rification aupr\u00e8s du centre de p\u00e9nitentiaire, l&rsquo;\u00e9vad\u00e9 a \u00e9t\u00e9 plac\u00e9 en garde \u00e0 vue et remis aux bons soins de la brigade des mandats de la division de la criminalit\u00e9 territoriale (DCT).<\/p>\n<p>Trahi par une bagarre en famille<\/p>\n<p>Quelques heures plus tard, c&rsquo;est une rixe dans le quartier de la Belle-de-Mai, qui a permis de remettre la main sur un autre homme en fuite. Vers 23h, une bagarre a \u00e9clat\u00e9 rue de Versailles, dans le 3e arrondissement de Marseille, o\u00f9 un \u00e9quipage de la brigade canine a aussit\u00f4t \u00e9t\u00e9 d\u00e9p\u00each\u00e9. La bagarre nocturne opposait un homme et son fils, \u00e2g\u00e9 de 18 ans, qui, au terme de son identification, s&rsquo;est av\u00e9r\u00e9 faire l&rsquo;objet d&rsquo;une fiche de recherche. Le jeune homme sous le coup d&rsquo;un mandat d&rsquo;arr\u00eat a \u00e9t\u00e9 interpell\u00e9 et plac\u00e9 en r\u00e9tention judiciaire.<\/p>\n","protected":false},"excerpt":{"rendered":"Sa cavale s&rsquo;est arr\u00eat\u00e9e \u00e0 la gare de Marseille, cet apr\u00e8s-midi du 18 juin 2025. Un homme de&hellip;\n","protected":false},"author":2,"featured_media":188621,"comment_status":"","ping_status":"","sticky":false,"template":"","format":"standard","meta":{"footnotes":""},"categories":[2814],"tags":[17,1111,11,3952,4070,1777,674,3727,274,1011,27,32648,6014,12189,884,12,882,25,3107],"class_list":{"0":"post-188620","1":"post","2":"type-post","3":"status-publish","4":"format-standard","5":"has-post-thumbnail","7":"category-marseille","8":"tag-17","9":"tag-actu","10":"tag-actualites","11":"tag-coup","12":"tag-deux","13":"tag-eu","14":"tag-europe","15":"tag-evasion","16":"tag-faits-divers-justice","17":"tag-fr","18":"tag-france","19":"tag-fugitifs","20":"tag-lautre","21":"tag-lun","22":"tag-marseille","23":"tag-news","24":"tag-provence-alpes-cote-dazur","25":"tag-republique-francaise","26":"tag-sous"},"share_on_mastodon":{"url":"https:\/\/pubeurope.com\/@fr\/114710533015140753","error":""},"_links":{"self":[{"href":"https:\/\/www.europesays.com\/fr\/wp-json\/wp\/v2\/posts\/188620","targetHints":{"allow":["GET"]}}],"collection":[{"href":"https:\/\/www.europesays.com\/fr\/wp-json\/wp\/v2\/posts"}],"about":[{"href":"https:\/\/www.europesays.com\/fr\/wp-json\/wp\/v2\/types\/post"}],"author":[{"embeddable":true,"href":"https:\/\/www.europesays.com\/fr\/wp-json\/wp\/v2\/users\/2"}],"replies":[{"embeddable":true,"href":"https:\/\/www.europesays.com\/fr\/wp-json\/wp\/v2\/comments?post=188620"}],"version-history":[{"count":0,"href":"https:\/\/www.europesays.com\/fr\/wp-json\/wp\/v2\/posts\/188620\/revisions"}],"wp:featuredmedia":[{"embeddable":true,"href":"https:\/\/www.europesays.com\/fr\/wp-json\/wp\/v2\/media\/188621"}],"wp:attachment":[{"href":"https:\/\/www.europesays.com\/fr\/wp-json\/wp\/v2\/media?parent=188620"}],"wp:term":[{"taxonomy":"category","embeddable":true,"href":"https:\/\/www.europesays.com\/fr\/wp-json\/wp\/v2\/categories?post=188620"},{"taxonomy":"post_tag","embeddable":true,"href":"https:\/\/www.europesays.com\/fr\/wp-json\/wp\/v2\/tags?post=188620"}],"curies":[{"name":"wp","href":"https:\/\/api.w.org\/{rel}","templated":true}]}}