{"id":188622,"date":"2025-06-19T14:36:09","date_gmt":"2025-06-19T14:36:09","guid":{"rendered":"https:\/\/www.europesays.com\/fr\/188622\/"},"modified":"2025-06-19T14:36:09","modified_gmt":"2025-06-19T14:36:09","slug":"lyon-attaquee-cette-maison-de-sante-controversee-sort-du-silence-cest-injuste","status":"publish","type":"post","link":"https:\/\/www.europesays.com\/fr\/188622\/","title":{"rendered":"Lyon. Attaqu\u00e9e, cette maison de sant\u00e9 controvers\u00e9e sort du silence : \u00ab\u00a0C&rsquo;est injuste\u00a0\u00bb"},"content":{"rendered":"<p>            Par<br \/>\n        <strong><br \/>\n            <a href=\"https:\/\/actu.fr\/auteur\/theo-zuili\" title=\"Consulter tous les articles de Th\u00e9o Zuili\" target=\"_blank\" rel=\"noopener\">Th\u00e9o Zuili<\/a><br \/>\n        <\/strong><\/p>\n<p>        Publi\u00e9 le<\/p>\n<p>            19 juin 2025 \u00e0 16h25        <\/p>\n<p>Dans la nuit du 11 au 12 juin 2025, la fa\u00e7ade de la maison de sant\u00e9 La Pr\u00e9sence, dans le 3\u1d49 arrondissement de <a href=\"https:\/\/actu.fr\/auvergne-rhone-alpes\/lyon_69123\" target=\"_blank\" rel=\"noopener\">Lyon<\/a>, a \u00e9t\u00e9 <a href=\"https:\/\/actu.fr\/auvergne-rhone-alpes\/lyon_69123\/lyon-des-collectifs-en-colere-attaquent-cette-maison-medicale-sous-le-feu-des-critiques_62767298.html\" target=\"_blank\" rel=\"noopener\">recouverte de faux sang et de collages<\/a> aux slogans forts.<\/p>\n<p class=\" wall-content\">\u00ab\u00a0Votre id\u00e9ologie impacte nos vies\u00a0\u00bb, \u00ab\u00a0Votre corps, leur morale\u00a0\u00bb : l\u2019action a \u00e9t\u00e9 revendiqu\u00e9e par plusieurs collectifs de <strong>d\u00e9fense des droits des femmes<\/strong> (Collages f\u00e9ministes Lyon, NousToutes Rh\u00f4ne et Lesbiennes contre le patriarcat) pour d\u00e9noncer les pratiques de cette structure fond\u00e9e par une association catholique, connue pour ses liens avec le mouvement \u00ab\u00a0pro-vie\u00a0\u00bb. Cette derni\u00e8re sort du silence.<\/p>\n<p>Une atteinte aux acquis\u00a0<\/p>\n<p class=\" wall-content\">Une mobilisation qui fait suite \u00e0 une enqu\u00eate de <a href=\"https:\/\/www.rue89lyon.fr\/2025\/04\/02\/lyon-3e-maison-medicale-refuse-prescrire-contraception\/\" target=\"_blank\" rel=\"noopener\">Rue89 Lyon<\/a> et <a href=\"https:\/\/www.mediapart.fr\/journal\/france\/040425\/lyon-une-maison-medicale-opposee-la-contraception\" target=\"_blank\" rel=\"noopener\">M\u00e9diapart<\/a> publi\u00e9e en avril dernier, d\u00e9voilant les liens de l\u2019\u00e9tablissement avec <strong>Le R\u00e9seau Vie<\/strong>, association catholique et \u00ab\u00a0pro-vie\u00a0\u00bb. Selon nos confr\u00e8res, le personnel soignant de La Pr\u00e9sence ne prescrit pas de contraception, sauf \u00ab\u00a0exception\u00a0\u00bb.<\/p>\n<p class=\" wall-content\">Les associations militantes alertent sur <strong>une menace grave pour la sant\u00e9<\/strong> et une remise en cause des droits des femmes, mettant en avant un risque de grossesses non d\u00e9sir\u00e9es. Les collectifs r\u00e9clament \u00ab\u00a0que la protection des droits et l\u2019\u00e9galit\u00e9 dans l\u2019acc\u00e8s aux soins priment sur toute conviction religieuse ou personnelle\u00a0\u00bb.<\/p>\n<p class=\" wall-content\"><a href=\"https:\/\/www.instagram.com\/p\/DKz6TWHt6NJ\/embed\" title=\"Ouvrir le lien sur Instagram\" target=\"_blank\" rel=\"noopener\">Visualiser le contenu sur Instagram<\/a><\/p>\n<p class=\" wall-content\">Ce mercredi 18 juin, l\u2019\u00e9quipe m\u00e9dicale de La Pr\u00e9sence a r\u00e9agi dans un communiqu\u00e9 transmis \u00e0 <a href=\"https:\/\/actu.fr\/lyon\/\" target=\"_blank\" rel=\"noopener\">actu Lyon<\/a>. \u00ab\u00a0Cette campagne est profond\u00e9ment injuste\u00a0\u00bb, \u00e9crivent les praticiens, qui affirment avoir port\u00e9 plainte pour d\u00e9gradation et menaces.<\/p>\n<p>Vid\u00e9os : en ce moment sur Actu\u00ab\u00a0Nous prescrivons bien la contraception\u00a0\u00bb<\/p>\n<p class=\" wall-content\">Interrog\u00e9 \u00e0 ce sujet, le personnel de sant\u00e9 indique que la contraception est bien prescrite \u00ab\u00a0par certains m\u00e9decins\u00a0\u00bb et tentent de rassurer sur <strong>ceux qui la refusent bien<\/strong> : ces derniers \u00ab\u00a0informent et orientent les patientes vers des professionnels de sant\u00e9 \u00e0 m\u00eame d\u2019effectuer ce type de suivi, en toute transparence\u00a0\u00bb.<\/p>\n<blockquote class=\"ac-article-quote wall-content\">\n<p>Des m\u00e9thodes d\u2019observation du cycle valid\u00e9es scientifiquement, reconnues par<br \/>\nl\u2019OMS, peuvent \u00eatre propos\u00e9es comme alternatives, lorsque cela correspond aux<br \/>\nattentes ou aux souhaits exprim\u00e9s par les patientes. <\/p>\n<p>    <strong>L&rsquo;\u00e9quipe m\u00e9dicale de La Pr\u00e9sence<\/strong>\n            <\/p><\/blockquote>\n<p class=\" wall-content\">Le personnel assure respecter \u00ab\u00a0la clause de conscience pr\u00e9vue par la loi\u00a0\u00bb, sans jamais suspendre \u00ab\u00a0l\u2019acc\u00e8s \u00e0 l\u2019information ou \u00e0 l\u2019orientation\u00a0\u00bb.<\/p>\n<p class=\" wall-content\">\u00ab\u00a0Aucun professionnel en exercice ne s\u2019oppose aux droits des femmes. Nos pratiques sont <strong>conformes au code de la sant\u00e9 publique<\/strong>.\u00a0\u00bb Le communiqu\u00e9 insiste : l\u2019ensemble de leur activit\u00e9 est \u00ab\u00a0connu des instances comp\u00e9tentes, notamment le Conseil de l\u2019Ordre des m\u00e9decins du Rh\u00f4ne\u00a0\u00bb.<\/p>\n<p>Un dialogue possible ?<\/p>\n<p class=\" wall-content\">\u00ab\u00a0\u00c0 Lyon, l\u2019acc\u00e8s \u00e0 la pilule et \u00e0 l\u2019IVG est de plus en plus menac\u00e9\u00a0\u00bb, alertait en mai dernier la d\u00e9put\u00e9e LFI du Rh\u00f4ne <a href=\"https:\/\/actu.fr\/auvergne-rhone-alpes\/lyon_69123\/anais-belouassa-cherifi-deputee-lfi-sucrer-les-aides-sociales-aux-delinquants-n-est-pas-la-solution_61773486.html\" target=\"_blank\" rel=\"noopener\">Ana\u00efs Belouassa-Ch\u00e9rifi<\/a>, \u00e9voquant entre autres causes (manifestations \u00ab\u00a0pro-vie\u00a0\u00bb et bars anti-IVG) cette m\u00eame structure \u00e0 l\u2019Assembl\u00e9e. Contact\u00e9e par actu Lyon, elle n\u2019a pas souhait\u00e9 prendre la parole aupr\u00e8s de notre r\u00e9daction.<\/p>\n<p class=\" wall-content\">Face \u00e0 la pol\u00e9mique, La Pr\u00e9sence se d\u00e9fend de tout pros\u00e9lytisme ou d\u2019atteinte aux droits. \u00ab\u00a0Chaque patient est re\u00e7u avec respect quels que soient ses choix\u00a0\u00bb, insiste l\u2019\u00e9quipe, qui d\u00e9nonce quant \u00e0 elle \u00ab\u00a0une stigmatisation\u00a0\u00bb difficile.<\/p>\n<p class=\" wall-content\">\u00ab\u00a0La violence verbale ou physique \u00e0 l\u2019encontre d\u2019un \u00e9tablissement de soin ne sert aucune cause\u00a0\u00bb, \u00e9crit-elle. Et de conclure : \u00ab\u00a0Nous <strong>restons ouverts au dialogue<\/strong>, dans le cadre r\u00e9publicain, m\u00e9dical et l\u00e9gal.\u00a0\u00bb<\/p>\n<p>Une controverse peut-\u00eatre amen\u00e9e \u00e0 durer<\/p>\n<p class=\" wall-content\">L\u2019affaire de La Pr\u00e9sence pourrait bien conna\u00eetre de nouveaux rebondissements : les collectifs promettent de nouvelles \u00ab\u00a0actions militantes\u00a0\u00bb, et la structure se r\u00e9serve \u00ab\u00a0le droit d\u2019engager des poursuites pour diffamation\u00a0\u00bb.<\/p>\n<p class=\" wall-content\">En attendant, le d\u00e9bat a l\u2019avantage de mettre devant les projecteurs la question de <strong>l\u2019\u00e9galit\u00e9 d\u2019acc\u00e8s aux droits fondamentaux<\/strong>.<\/p>\n<p class=\" wall-content\">Suivez toute l\u2019actualit\u00e9 de vos villes et m\u00e9dias favoris en vous inscrivant \u00e0 <a href=\"https:\/\/moncompte.actu.fr\" title=\"D\u00e9couvez Mon Actu\" rel=\"nofollow noopener\" data-trk=\"{&quot;cta&quot;:{&quot;action&quot;:&quot;https:\\\/\\\/moncompte.actu.fr&quot;,&quot;category&quot;:&quot;mon compte&quot;,&quot;from&quot;:&quot;article footer&quot;,&quot;name&quot;:&quot;Mon actu&quot;,&quot;type&quot;:&quot;cta&quot;}}\" target=\"_blank\">Mon Actu<\/a>.<\/p>\n<p>                    <script async src=\"\/\/www.instagram.com\/embed.js\"><\/script><\/p>\n","protected":false},"excerpt":{"rendered":"Par Th\u00e9o Zuili Publi\u00e9 le 19 juin 2025 \u00e0 16h25 Dans la nuit du 11 au 12 juin&hellip;\n","protected":false},"author":2,"featured_media":188623,"comment_status":"","ping_status":"","sticky":false,"template":"","format":"standard","meta":{"footnotes":""},"categories":[1889],"tags":[1111,11,2430,6121,1777,674,1011,27,7085,2428,12,25,71,104],"class_list":{"0":"post-188622","1":"post","2":"type-post","3":"status-publish","4":"format-standard","5":"has-post-thumbnail","7":"category-lyon","8":"tag-actu","9":"tag-actualites","10":"tag-auvergne-rhone-alpes","11":"tag-droits-des-femmes","12":"tag-eu","13":"tag-europe","14":"tag-fr","15":"tag-france","16":"tag-ivg","17":"tag-lyon","18":"tag-news","19":"tag-republique-francaise","20":"tag-sante","21":"tag-societe"},"share_on_mastodon":{"url":"https:\/\/pubeurope.com\/@fr\/114710536992696463","error":""},"_links":{"self":[{"href":"https:\/\/www.europesays.com\/fr\/wp-json\/wp\/v2\/posts\/188622","targetHints":{"allow":["GET"]}}],"collection":[{"href":"https:\/\/www.europesays.com\/fr\/wp-json\/wp\/v2\/posts"}],"about":[{"href":"https:\/\/www.europesays.com\/fr\/wp-json\/wp\/v2\/types\/post"}],"author":[{"embeddable":true,"href":"https:\/\/www.europesays.com\/fr\/wp-json\/wp\/v2\/users\/2"}],"replies":[{"embeddable":true,"href":"https:\/\/www.europesays.com\/fr\/wp-json\/wp\/v2\/comments?post=188622"}],"version-history":[{"count":0,"href":"https:\/\/www.europesays.com\/fr\/wp-json\/wp\/v2\/posts\/188622\/revisions"}],"wp:featuredmedia":[{"embeddable":true,"href":"https:\/\/www.europesays.com\/fr\/wp-json\/wp\/v2\/media\/188623"}],"wp:attachment":[{"href":"https:\/\/www.europesays.com\/fr\/wp-json\/wp\/v2\/media?parent=188622"}],"wp:term":[{"taxonomy":"category","embeddable":true,"href":"https:\/\/www.europesays.com\/fr\/wp-json\/wp\/v2\/categories?post=188622"},{"taxonomy":"post_tag","embeddable":true,"href":"https:\/\/www.europesays.com\/fr\/wp-json\/wp\/v2\/tags?post=188622"}],"curies":[{"name":"wp","href":"https:\/\/api.w.org\/{rel}","templated":true}]}}