{"id":188629,"date":"2025-06-19T14:40:09","date_gmt":"2025-06-19T14:40:09","guid":{"rendered":"https:\/\/www.europesays.com\/fr\/188629\/"},"modified":"2025-06-19T14:40:09","modified_gmt":"2025-06-19T14:40:09","slug":"le-projet-de-ligne-de-trains-paris-normandie-a-du-plomb-dans-laile-mais-les-elus-normands-bataillent-toujours","status":"publish","type":"post","link":"https:\/\/www.europesays.com\/fr\/188629\/","title":{"rendered":"Le projet de ligne de trains Paris-Normandie a du plomb dans l\u2019aile\u2026 mais les \u00e9lus normands bataillent toujours"},"content":{"rendered":"<p class=\"paragraph text_align_left\">En validant la semaine derni\u00e8re le sch\u00e9ma directeur environnemental de la r\u00e9gion <a href=\"https:\/\/www.leparisien.fr\/info-paris-ile-de-france-oise\/\" target=\"_blank\" rel=\"noreferrer noopener\">\u00cele-de-France<\/a>, (SDRIF-E), sur lequel ne figure pas le futur trac\u00e9 de la Ligne nouvelle Paris-Normandie (LNPN), le Conseil d\u2019\u00c9tat a relanc\u00e9 les hostilit\u00e9s sur l\u2019avenir de la ligne ferroviaire entre Paris et la Normandie devant garantir des trains plus rapides et plus r\u00e9guliers sur l\u2019axe Seine pour desservir Rouen (<a href=\"https:\/\/www.leparisien.fr\/seine-maritime-76\/\" target=\"_blank\" rel=\"noreferrer noopener\">Seine-Maritime<\/a>), Le Havre (Seine-Maritime) ou encore \u00c9vreux (<a href=\"https:\/\/www.leparisien.fr\/eure-27\/\" target=\"_blank\" rel=\"noreferrer noopener\">Eure<\/a>), am\u00e9liorant au passage les trajets jusqu\u2019\u00e0 Caen (<a href=\"https:\/\/www.leparisien.fr\/calvados-14\/\" target=\"_blank\" rel=\"noreferrer noopener\">Calvados<\/a>) et le reste du territoire.<\/p>\n<p class=\"paragraph text_align_left\">Une mani\u00e8re d\u2019acter la fin d\u2019un projet \u00e0 plus de 11 milliards d\u2019euros pouss\u00e9 par les \u00e9lus normands de tous bords et valid\u00e9 par Nicolas Sarkozy d\u00e8s 2009 ? C\u2019est en tout cas le message qu\u2019a voulu faire passer <a href=\"https:\/\/www.leparisien.fr\/yvelines-78\/je-pose-mes-conditions-le-oui-mais-de-valerie-pecresse-a-la-ligne-paris-normandie-22-03-2024-AQ25BK44FRHWPOF4SIOXW2GWDY.php\" target=\"_blank\" rel=\"noreferrer noopener\">Val\u00e9rie P\u00e9cresse<\/a> et sa majorit\u00e9 au conseil r\u00e9gional d\u2019\u00cele-de-France en d\u00e9gainant dans la foul\u00e9e un communiqu\u00e9 dans lequel sa collectivit\u00e9 affirme que \u00ab la d\u00e9cision du Conseil d\u2019\u00c9tat donne raison \u00e0 la r\u00e9gion \u00cele-de-France dans son opposition \u00e0 la Ligne Nouvelle Paris-Normandie (LNPN) \u00bb.<\/p>\n","protected":false},"excerpt":{"rendered":"En validant la semaine derni\u00e8re le sch\u00e9ma directeur environnemental de la r\u00e9gion \u00cele-de-France, (SDRIF-E), sur lequel ne figure&hellip;\n","protected":false},"author":2,"featured_media":188630,"comment_status":"","ping_status":"","sticky":false,"template":"","format":"standard","meta":{"footnotes":""},"categories":[1888],"tags":[1111,1928,11,1927,459,1777,10315,674,1011,27,12,1926,626,1925,25],"class_list":{"0":"post-188629","1":"post","2":"type-post","3":"status-publish","4":"format-standard","5":"has-post-thumbnail","7":"category-paris","8":"tag-actu","9":"tag-actu-paris","10":"tag-actualites","11":"tag-actualites-paris","12":"tag-departements-horsidfo","13":"tag-eu","14":"tag-eure-27","15":"tag-europe","16":"tag-fr","17":"tag-france","18":"tag-news","19":"tag-news-paris","20":"tag-paris","21":"tag-paris-news","22":"tag-republique-francaise"},"share_on_mastodon":{"url":"https:\/\/pubeurope.com\/@fr\/114710552499263006","error":""},"_links":{"self":[{"href":"https:\/\/www.europesays.com\/fr\/wp-json\/wp\/v2\/posts\/188629","targetHints":{"allow":["GET"]}}],"collection":[{"href":"https:\/\/www.europesays.com\/fr\/wp-json\/wp\/v2\/posts"}],"about":[{"href":"https:\/\/www.europesays.com\/fr\/wp-json\/wp\/v2\/types\/post"}],"author":[{"embeddable":true,"href":"https:\/\/www.europesays.com\/fr\/wp-json\/wp\/v2\/users\/2"}],"replies":[{"embeddable":true,"href":"https:\/\/www.europesays.com\/fr\/wp-json\/wp\/v2\/comments?post=188629"}],"version-history":[{"count":0,"href":"https:\/\/www.europesays.com\/fr\/wp-json\/wp\/v2\/posts\/188629\/revisions"}],"wp:featuredmedia":[{"embeddable":true,"href":"https:\/\/www.europesays.com\/fr\/wp-json\/wp\/v2\/media\/188630"}],"wp:attachment":[{"href":"https:\/\/www.europesays.com\/fr\/wp-json\/wp\/v2\/media?parent=188629"}],"wp:term":[{"taxonomy":"category","embeddable":true,"href":"https:\/\/www.europesays.com\/fr\/wp-json\/wp\/v2\/categories?post=188629"},{"taxonomy":"post_tag","embeddable":true,"href":"https:\/\/www.europesays.com\/fr\/wp-json\/wp\/v2\/tags?post=188629"}],"curies":[{"name":"wp","href":"https:\/\/api.w.org\/{rel}","templated":true}]}}