{"id":188631,"date":"2025-06-19T14:41:10","date_gmt":"2025-06-19T14:41:10","guid":{"rendered":"https:\/\/www.europesays.com\/fr\/188631\/"},"modified":"2025-06-19T14:41:10","modified_gmt":"2025-06-19T14:41:10","slug":"tokio-hotel-une-deuxieme-date-a-ladidas-arena-de-paris-en-novembre-2026-news-rockurlife","status":"publish","type":"post","link":"https:\/\/www.europesays.com\/fr\/188631\/","title":{"rendered":"Tokio Hotel : une deuxi\u00e8me date \u00e0 l\u2019Adidas Arena de Paris en novembre 2026 ! &#8211; News &#8211; RockUrLife"},"content":{"rendered":"<p>Face \u00e0 l\u2019engouement sans pr\u00e9c\u00e9dent, <strong>Tokio Hotel<\/strong> vient d\u2019ajouter un nouveau concert parisien \u00e0 son <strong>Arena Tour 2026<\/strong> !<\/p>\n<p>Alors que le <a href=\"https:\/\/www.rockurlife.net\/news\/tokio-hotel-en-concert-a-ladidas-arena-de-paris-en-octobre-2026\/\" target=\"_blank\" rel=\"noopener\">show du 30 octobre 2026<\/a> affiche d\u00e9j\u00e0 complet, le quatuor allemand reviendra enflammer la capitale fran\u00e7aise le <strong>vendredi 21 novembre 2026<\/strong>, toujours \u00e0 <strong>l\u2019Adidas Arena<\/strong>.<\/p>\n<p>Deux d\u00e9cennies apr\u00e8s ses d\u00e9buts, le groupe men\u00e9 par <strong>Bill Kaulitz<\/strong> continue de d\u00e9cha\u00eener les passions. L\u2019annonce d\u2019une seconde date dans la plus r\u00e9cente salle parisienne confirme l\u2019amour ind\u00e9fectible du public pour les auteurs de \u201cDurch den Monsun\u201d et \u201cAutomatisch\u201d.<\/p>\n<p>Entre production l\u00e9ch\u00e9e, visuels grandioses et setlist m\u00ealant tubes incontournables et nouvelles p\u00e9pites, ce concert suppl\u00e9mentaire pr\u00e9voit d\u2019\u00eatre tout aussi intense que le premier.<\/p>\n<p>Les billets sont d\u2019ores et d\u00e9j\u00e0 disponibles en pr\u00e9vente<a class=\"\" href=\"https:\/\/bit.ly\/TokioHotel_Paris2026\" target=\"_blank\" rel=\"noopener\"> ici<\/a>. Mise en vente g\u00e9n\u00e9rale demain, vendredi 20 juin \u00e0 15h, dans tous les points de vente habituels.<\/p>\n<p><strong>Paris<\/strong> s\u2019appr\u00eate \u00e0 vivre un nouveau raz-de-mar\u00e9e \u00e9motionnel sign\u00e9 <strong>Tokio Hotel<\/strong>. Ne tardez pas \u00e0 r\u00e9server !<\/p>\n<p><img loading=\"lazy\" decoding=\"async\" width=\"683\" height=\"1024\" src=\"https:\/\/www.europesays.com\/fr\/wp-content\/uploads\/2025\/06\/507975842_1567575444650620_5036173814006272977_n-683x1024.jpg\" alt=\"\" class=\"wp-image-223424\"\/><\/p>\n","protected":false},"excerpt":{"rendered":"Face \u00e0 l\u2019engouement sans pr\u00e9c\u00e9dent, Tokio Hotel vient d\u2019ajouter un nouveau concert parisien \u00e0 son Arena Tour 2026&hellip;\n","protected":false},"author":2,"featured_media":188632,"comment_status":"","ping_status":"","sticky":false,"template":"","format":"standard","meta":{"footnotes":""},"categories":[1888],"tags":[1111,1928,11,1927,19014,18716,1777,674,1011,27,12,1926,626,1925,25,32649],"class_list":{"0":"post-188631","1":"post","2":"type-post","3":"status-publish","4":"format-standard","5":"has-post-thumbnail","7":"category-paris","8":"tag-actu","9":"tag-actu-paris","10":"tag-actualites","11":"tag-actualites-paris","12":"tag-adidas-arena","13":"tag-arena-tour","14":"tag-eu","15":"tag-europe","16":"tag-fr","17":"tag-france","18":"tag-news","19":"tag-news-paris","20":"tag-paris","21":"tag-paris-news","22":"tag-republique-francaise","23":"tag-tokio-hotel"},"share_on_mastodon":{"url":"https:\/\/pubeurope.com\/@fr\/114710556468914953","error":""},"_links":{"self":[{"href":"https:\/\/www.europesays.com\/fr\/wp-json\/wp\/v2\/posts\/188631","targetHints":{"allow":["GET"]}}],"collection":[{"href":"https:\/\/www.europesays.com\/fr\/wp-json\/wp\/v2\/posts"}],"about":[{"href":"https:\/\/www.europesays.com\/fr\/wp-json\/wp\/v2\/types\/post"}],"author":[{"embeddable":true,"href":"https:\/\/www.europesays.com\/fr\/wp-json\/wp\/v2\/users\/2"}],"replies":[{"embeddable":true,"href":"https:\/\/www.europesays.com\/fr\/wp-json\/wp\/v2\/comments?post=188631"}],"version-history":[{"count":0,"href":"https:\/\/www.europesays.com\/fr\/wp-json\/wp\/v2\/posts\/188631\/revisions"}],"wp:featuredmedia":[{"embeddable":true,"href":"https:\/\/www.europesays.com\/fr\/wp-json\/wp\/v2\/media\/188632"}],"wp:attachment":[{"href":"https:\/\/www.europesays.com\/fr\/wp-json\/wp\/v2\/media?parent=188631"}],"wp:term":[{"taxonomy":"category","embeddable":true,"href":"https:\/\/www.europesays.com\/fr\/wp-json\/wp\/v2\/categories?post=188631"},{"taxonomy":"post_tag","embeddable":true,"href":"https:\/\/www.europesays.com\/fr\/wp-json\/wp\/v2\/tags?post=188631"}],"curies":[{"name":"wp","href":"https:\/\/api.w.org\/{rel}","templated":true}]}}