{"id":188639,"date":"2025-06-19T14:45:10","date_gmt":"2025-06-19T14:45:10","guid":{"rendered":"https:\/\/www.europesays.com\/fr\/188639\/"},"modified":"2025-06-19T14:45:10","modified_gmt":"2025-06-19T14:45:10","slug":"la-russie-et-lukraine-annoncent-avoir-conclu-un-nouvel-echange-de-prisonniers-de-guerre-liberation","status":"publish","type":"post","link":"https:\/\/www.europesays.com\/fr\/188639\/","title":{"rendered":"La Russie et l\u2019Ukraine annoncent avoir conclu un nouvel \u00e9change de prisonniers de guerre \u2013 Lib\u00e9ration"},"content":{"rendered":"<p class=\"sc-ksZaOG ehjQrN text-element\">La Russie et l\u2019Ukraine ont annonc\u00e9 ce jeudi 19 juin avoir conclu un nouvel \u00e9change de soldats captur\u00e9s, dans le cadre d\u2019un accord conclu plus t\u00f4t en juin <a href=\"https:\/\/www.liberation.fr\/international\/lukraine-dit-avoir-recu-de-la-russie-plus-de-1-200-nouvelles-depouilles-de-soldats-20250616_GJYNVNBMIJHC7MXZFEF66PFX7A\/\" target=\"_blank\" rel=\"noreferrer nofollow noopener\" title=\"https:\/\/www.liberation.fr\/international\/lukraine-dit-avoir-recu-de-la-russie-plus-de-1-200-nouvelles-depouilles-de-soldats-20250616_GJYNVNBMIJHC7MXZFEF66PFX7A\/\">lors des pourparlers de paix \u00e0 Istanbul<\/a>.<\/p>\n<p class=\"sc-ksZaOG ehjQrN text-element\">Au cours des pourparlers, les premi\u00e8res n\u00e9gociations directes entre les deux parties depuis trois ans, les deux pays ont convenu de lib\u00e9rer plus de 1 000 prisonniers de guerre de chaque c\u00f4t\u00e9, tous bless\u00e9s, malades ou \u00e2g\u00e9s de moins de 25 ans.<\/p>\n<p class=\"sc-ksZaOG ehjQrN text-element\">Mais aucune des deux parties n\u2019a pr\u00e9cis\u00e9 combien de soldats avaient \u00e9t\u00e9 lib\u00e9r\u00e9s lors de l\u2019\u00e9change de jeudi, le dernier d\u2019une s\u00e9rie d\u2019\u00e9changes depuis les pourparlers du 2 juin.<\/p>\n<p class=\"sc-ksZaOG ehjQrN text-element\">\u00abNotre peuple rentre chez lui apr\u00e8s sa captivit\u00e9 en Russie\u00bb, a d\u00e9clar\u00e9 le pr\u00e9sident ukrainien Volodymyr Zelensky sur les r\u00e9seaux sociaux. L\u2019agence gouvernementale ukrainienne supervisant les \u00e9changes a d\u00e9clar\u00e9 qu\u2019il s\u2019agissait de soldats \u00abgravement malades et bless\u00e9s\u00bb.<\/p>\n<p class=\"sc-ksZaOG ehjQrN text-element\">La plupart des Ukrainiens avaient \u00e9t\u00e9 captur\u00e9s au cours des premiers mois de l\u2019invasion russe de 2022 et avaient d\u00e9velopp\u00e9 \u00abde graves probl\u00e8mes de sant\u00e9 et maladies\u00bb, notamment des dystrophies, des ulc\u00e8res, des probl\u00e8mes de vision, des troubles musculo-squelettiques et des maladies cardiovasculaires, a d\u00e9clar\u00e9 l\u2019Ukraine.<\/p>\n<p class=\"sc-ksZaOG ehjQrN text-element\">Le minist\u00e8re russe de la D\u00e9fense a confirm\u00e9 l\u2019\u00e9change, en publiant des photos de soldats drap\u00e9s dans des drapeaux russes applaudissant et agitant la main. Volodymyr Zelensky a publi\u00e9 des photos similaires de soldats ukrainiens lib\u00e9r\u00e9s, pleurant, souriant et appelant leurs proches apr\u00e8s avoir \u00e9t\u00e9 \u00e9chang\u00e9s.<\/p>\n<p class=\"sc-ksZaOG ehjQrN text-element\">Moscou a rejet\u00e9 les appels ukrainiens \u00e0 un cessez-le-feu inconditionnel lors des n\u00e9gociations, exigeant \u00e0 la place que Kyiv c\u00e8de davantage de territoire et renonce au soutien militaire occidental comme condition pr\u00e9alable \u00e0 la paix.<\/p>\n","protected":false},"excerpt":{"rendered":"La Russie et l\u2019Ukraine ont annonc\u00e9 ce jeudi 19 juin avoir conclu un nouvel \u00e9change de soldats captur\u00e9s,&hellip;\n","protected":false},"author":2,"featured_media":188640,"comment_status":"","ping_status":"","sticky":false,"template":"","format":"standard","meta":{"footnotes":""},"categories":[1590],"tags":[11,1777,674,12,220,297],"class_list":{"0":"post-188639","1":"post","2":"type-post","3":"status-publish","4":"format-standard","5":"has-post-thumbnail","7":"category-ukraine","8":"tag-actualites","9":"tag-eu","10":"tag-europe","11":"tag-news","12":"tag-ukraine","13":"tag-ukraine-la-crise"},"share_on_mastodon":{"url":"https:\/\/pubeurope.com\/@fr\/114710572211566497","error":""},"_links":{"self":[{"href":"https:\/\/www.europesays.com\/fr\/wp-json\/wp\/v2\/posts\/188639","targetHints":{"allow":["GET"]}}],"collection":[{"href":"https:\/\/www.europesays.com\/fr\/wp-json\/wp\/v2\/posts"}],"about":[{"href":"https:\/\/www.europesays.com\/fr\/wp-json\/wp\/v2\/types\/post"}],"author":[{"embeddable":true,"href":"https:\/\/www.europesays.com\/fr\/wp-json\/wp\/v2\/users\/2"}],"replies":[{"embeddable":true,"href":"https:\/\/www.europesays.com\/fr\/wp-json\/wp\/v2\/comments?post=188639"}],"version-history":[{"count":0,"href":"https:\/\/www.europesays.com\/fr\/wp-json\/wp\/v2\/posts\/188639\/revisions"}],"wp:featuredmedia":[{"embeddable":true,"href":"https:\/\/www.europesays.com\/fr\/wp-json\/wp\/v2\/media\/188640"}],"wp:attachment":[{"href":"https:\/\/www.europesays.com\/fr\/wp-json\/wp\/v2\/media?parent=188639"}],"wp:term":[{"taxonomy":"category","embeddable":true,"href":"https:\/\/www.europesays.com\/fr\/wp-json\/wp\/v2\/categories?post=188639"},{"taxonomy":"post_tag","embeddable":true,"href":"https:\/\/www.europesays.com\/fr\/wp-json\/wp\/v2\/tags?post=188639"}],"curies":[{"name":"wp","href":"https:\/\/api.w.org\/{rel}","templated":true}]}}