{"id":188645,"date":"2025-06-19T14:48:16","date_gmt":"2025-06-19T14:48:16","guid":{"rendered":"https:\/\/www.europesays.com\/fr\/188645\/"},"modified":"2025-06-19T14:48:16","modified_gmt":"2025-06-19T14:48:16","slug":"tom-pidcock-atteint-les-95-km-h-dans-une-descente-en-allemagne","status":"publish","type":"post","link":"https:\/\/www.europesays.com\/fr\/188645\/","title":{"rendered":"Tom Pidcock atteint les 95 km\/h dans une descente en Allemagne"},"content":{"rendered":"<p>Lors d\u2019un d\u00e9fi organis\u00e9 par Red Bull, Tom Pidcock a d\u00e9val\u00e9 les pentes d\u2019un col en Allemagne. Le cycliste britanique a fr\u00f4l\u00e9 les 100 km\/h.<\/p>\n<p>Habitu\u00e9 aux descentes vertigineuses, Tom Pidcock a encore fait parler sa vitesse. A l\u2019occasion d\u2019un d\u00e9fi organis\u00e9 par Red Bull, le Britannique a d\u00e9val\u00e9 les pentes de la Rossfeld Panorama Strasse, dans les Alpes bavaroises, en Allemagne. Suivi par une moto, il a atteint les 95 km\/h dans une phase rectiligne.<\/p>\n<p>Lors du Tour de France 2022, Pidcock avait atteint une vitesse encore sup\u00e9rieure, d\u00e9passant les 100 km\/h en descendant du Col de la Croix.<\/p>\n<blockquote class=\"twitter-tweet\" data-width=\"550\" data-dnt=\"true\">\n<p lang=\"es\" dir=\"ltr\">Pidcock lo ha vuelto a hacer \ud83e\udd2f<\/p>\n<p>Su descenso de v\u00e9rtigo en Rossfeld Panoramastra\u00dfe alcanzado velocidades de casi 100 km\/h.<\/p>\n<p>\ud83c\udfa5 <a href=\"https:\/\/twitter.com\/tompidcock?ref_src=twsrc%5Etfw\" rel=\"nofollow noopener\" target=\"_blank\">@tompidcock<\/a> x <a href=\"https:\/\/twitter.com\/redbull?ref_src=twsrc%5Etfw\" rel=\"nofollow noopener\" target=\"_blank\">@redbull<\/a> <a href=\"https:\/\/t.co\/axG5phjtKX\" rel=\"nofollow\">pic.twitter.com\/axG5phjtKX<\/a><\/p>\n<p>&mdash; Eurosport.es (@Eurosport_ES) <a href=\"https:\/\/twitter.com\/Eurosport_ES\/status\/1935425135869313054?ref_src=twsrc%5Etfw\" rel=\"nofollow noopener\" target=\"_blank\">June 18, 2025<\/a><\/p><\/blockquote>\n<p><script async src=\"https:\/\/platform.twitter.com\/widgets.js\" charset=\"utf-8\"><\/script><\/p>\n<\/p>\n<p><script async src=\"https:\/\/platform.twitter.com\/widgets.js\" charset=\"utf-8\"><\/script><\/p>\n","protected":false},"excerpt":{"rendered":"Lors d\u2019un d\u00e9fi organis\u00e9 par Red Bull, Tom Pidcock a d\u00e9val\u00e9 les pentes d\u2019un col en Allemagne. Le&hellip;\n","protected":false},"author":2,"featured_media":188646,"comment_status":"","ping_status":"","sticky":false,"template":"","format":"standard","meta":{"footnotes":""},"categories":[1587],"tags":[11,672,1804,1805,1803,1777,674,1801,12,1802],"class_list":{"0":"post-188645","1":"post","2":"type-post","3":"status-publish","4":"format-standard","5":"has-post-thumbnail","7":"category-allemagne","8":"tag-actualites","9":"tag-allemagne","10":"tag-bundesrepublik-deutschland","11":"tag-de","12":"tag-deutschland","13":"tag-eu","14":"tag-europe","15":"tag-germany","16":"tag-news","17":"tag-republique-federale-dallemagne"},"share_on_mastodon":{"url":"https:\/\/pubeurope.com\/@fr\/114710584163791473","error":""},"_links":{"self":[{"href":"https:\/\/www.europesays.com\/fr\/wp-json\/wp\/v2\/posts\/188645","targetHints":{"allow":["GET"]}}],"collection":[{"href":"https:\/\/www.europesays.com\/fr\/wp-json\/wp\/v2\/posts"}],"about":[{"href":"https:\/\/www.europesays.com\/fr\/wp-json\/wp\/v2\/types\/post"}],"author":[{"embeddable":true,"href":"https:\/\/www.europesays.com\/fr\/wp-json\/wp\/v2\/users\/2"}],"replies":[{"embeddable":true,"href":"https:\/\/www.europesays.com\/fr\/wp-json\/wp\/v2\/comments?post=188645"}],"version-history":[{"count":0,"href":"https:\/\/www.europesays.com\/fr\/wp-json\/wp\/v2\/posts\/188645\/revisions"}],"wp:featuredmedia":[{"embeddable":true,"href":"https:\/\/www.europesays.com\/fr\/wp-json\/wp\/v2\/media\/188646"}],"wp:attachment":[{"href":"https:\/\/www.europesays.com\/fr\/wp-json\/wp\/v2\/media?parent=188645"}],"wp:term":[{"taxonomy":"category","embeddable":true,"href":"https:\/\/www.europesays.com\/fr\/wp-json\/wp\/v2\/categories?post=188645"},{"taxonomy":"post_tag","embeddable":true,"href":"https:\/\/www.europesays.com\/fr\/wp-json\/wp\/v2\/tags?post=188645"}],"curies":[{"name":"wp","href":"https:\/\/api.w.org\/{rel}","templated":true}]}}