{"id":188650,"date":"2025-06-19T14:50:16","date_gmt":"2025-06-19T14:50:16","guid":{"rendered":"https:\/\/www.europesays.com\/fr\/188650\/"},"modified":"2025-06-19T14:50:16","modified_gmt":"2025-06-19T14:50:16","slug":"cooperation-ue-cote-divoire-avec-la-ratification-de-laccord-samoa-cest-open-bar-pour-les-exportations-ou-presque","status":"publish","type":"post","link":"https:\/\/www.europesays.com\/fr\/188650\/","title":{"rendered":"Coop\u00e9ration UE-C\u00f4te d\u2019Ivoire : avec la ratification de l\u2019Accord Samoa, c\u2019est \u00abopen bar\u00bb pour les exportations&#8230;ou presque"},"content":{"rendered":"<p class=\"default__StyledText-sc-10mj2vp-0 fSEbof body-paragraph\">Le gouvernement ivoirien, r\u00e9uni mercredi 18 juin \u00e0 Abidjan en Conseil des ministres, a proc\u00e9d\u00e9, \u00e0 l\u2019adoption d\u2019un d\u00e9cret portant ratification de l\u2019Accord Samoa liant l\u2019Union Europ\u00e9enne (UE) et l\u2019Organisation des Pays d\u2019Afrique, des Cara\u00efbes et du Pacifique (OEACP), visant la promotion du partenariat politique et \u00e9conomique entre les parties signataires.<\/p>\n<blockquote class=\"twitter-tweet\">\n<p lang=\"fr\" dir=\"ltr\"><a href=\"https:\/\/twitter.com\/hashtag\/%C3%89conomie?src=hash&amp;ref_src=twsrc%5Etfw\" rel=\"nofollow noopener\" target=\"_blank\">#\u00c9conomie<\/a> | \u00c9conomie : la C\u00f4te d&rsquo;Ivoire ratifie l&rsquo;Accord de SAMOA qui lie l&rsquo;UE \u00e0 l&rsquo;Organisation des Pays d&rsquo;Afrique, des Cara\u00efbes et du Pacifique<\/p>\n<p>Abidjan, le 18 juin 2025- Le Conseil des ministres a adopt\u00e9, le mercredi 18 juin 2025, au Palais pr\u00e9sidentiel \u00e0 Abidjan-Plateau, un\u2026 <a href=\"https:\/\/t.co\/J2kVOLE3b5\" rel=\"nofollow\">pic.twitter.com\/J2kVOLE3b5<\/a><\/p>\n<p>\u2014 Gouvernement de C\u00f4te d&rsquo;Ivoire (@Gouvciofficiel) <a href=\"https:\/\/twitter.com\/Gouvciofficiel\/status\/1935638170109931652?ref_src=twsrc%5Etfw\" rel=\"nofollow noopener\" target=\"_blank\">June 19, 2025<\/a><\/p><\/blockquote>\n<p class=\"default__StyledText-sc-10mj2vp-0 fSEbof body-paragraph\">Cet accord sign\u00e9 le 15 novembre 2023 \u00e0 Samoa, intervient en remplacement de l\u2019Accord de Cotonou adopt\u00e9 en 2000 pour une p\u00e9riode de 20 ans, avec pour objectif de r\u00e9duire et, \u00e0 terme, d\u2019\u00e9radiquer la pauvret\u00e9 et contribuer \u00e0 l\u2019int\u00e9gration progressive des pays ACP dans l\u2019\u00e9conomie mondiale.<\/p>\n<p class=\"interstitial-link block-margin-bottom\">Lire aussi : <a href=\"https:\/\/afrique.le360.ma\/economie\/washington-appelle-a-des-echanges-commerciaux-plus-equilibres-avec-lafrique_FQ2ZQGD37NFW7BYWP3NNPZUW6M\/\" aria-label=\"Ouvrir un article associ\u00e9\" class=\"default__StyledLink-sc-10mj2vp-1 kfbmxM\" rel=\"nofollow noopener\" target=\"_blank\">Washington appelle \u00e0 des \u00e9changes commerciaux plus \u00e9quilibr\u00e9s avec l\u2019Afrique<\/a><\/p>\n<p class=\"default__StyledText-sc-10mj2vp-0 fSEbof body-paragraph\">L\u2019accord de Cotonou reposait sur trois piliers majeurs \u00e0 savoir : la coop\u00e9ration au d\u00e9veloppement, la coop\u00e9ration \u00e9conomique et commerciale et la dimension politique.<\/p>\n<p class=\"default__StyledText-sc-10mj2vp-0 fSEbof body-paragraph\">S\u2019exprimant au terme du Conseil des ministres, Amadou Coulibaly, porte-parole du gouvernement, a expliqu\u00e9 que la ratification de l\u2019accord de Samoa permettra \u00e0 la C\u00f4te d\u2019Ivoire de b\u00e9n\u00e9ficier d\u2019un acc\u00e8s facilit\u00e9 aux march\u00e9s europ\u00e9ens, d\u2019assurer l\u2019expansion de ses produits d\u2019exportation et de capter davantage de capitaux \u00e9trangers.<\/p>\n<p class=\"default__StyledText-sc-10mj2vp-0 fSEbof body-paragraph\">Ce nouvel accord, a ajout\u00e9 le responsable, vise \u00e0 renforcer le partenariat politique et \u00e9conomique entre les Etats signataires et \u00e0 produire des r\u00e9sultats mutuellement plus avantageux entre partenaires.<\/p>\n<p class=\"default__StyledText-sc-10mj2vp-0 fSEbof body-paragraph\">A noter que l\u2019Accord Samoa constitue le cadre juridique dans lequel s\u2019inscrivent les relations entre l\u2019UE et 77 pays, dont 47 pays d\u2019Afrique, 15 pays des Cara\u00efbes et 15 pays du Pacifique, soit une population totale estim\u00e9e \u00e0 environ 2 milliards d\u2019\u00e2mes.<\/p>\n<p class=\"interstitial-link block-margin-bottom\">Lire aussi : <a href=\"https:\/\/afrique.le360.ma\/economie\/le-benin-accelere-sa-revolution-ambitieuse-dans-lindustrie-du-coton_XRSVMFT6URGHNIFVXJBGVOWOZU\/\" aria-label=\"Ouvrir un article associ\u00e9\" class=\"default__StyledLink-sc-10mj2vp-1 kfbmxM\" rel=\"nofollow noopener\" target=\"_blank\">Le B\u00e9nin acc\u00e9l\u00e8re sa r\u00e9volution ambitieuse dans l\u2019industrie du coton<\/a><\/p>\n<p class=\"default__StyledText-sc-10mj2vp-0 fSEbof body-paragraph\">Cet accord, qui se propose de renforcer la capacit\u00e9 de l\u2019UE et des pays ACP \u00e0 relever ensemble les d\u00e9fis mondiaux, couvre six domaines prioritaires \u00e0 savoir : les droits de l\u2019Homme et la d\u00e9mocratie, la paix et la s\u00e9curit\u00e9, le d\u00e9veloppement, la migration et mobilit\u00e9, le changement climatique et la croissance \u00e9conomique.<\/p>\n<p>Par Le360 (avec MAP)<\/p>\n<p>Le 19\/06\/2025 \u00e0 14h32<\/p>\n<p><script async src=\"https:\/\/platform.twitter.com\/widgets.js\" charset=\"utf-8\"><\/script><\/p>\n","protected":false},"excerpt":{"rendered":"Le gouvernement ivoirien, r\u00e9uni mercredi 18 juin \u00e0 Abidjan en Conseil des ministres, a proc\u00e9d\u00e9, \u00e0 l\u2019adoption d\u2019un&hellip;\n","protected":false},"author":2,"featured_media":188651,"comment_status":"","ping_status":"","sticky":false,"template":"","format":"standard","meta":{"footnotes":""},"categories":[1586],"tags":[743,11,26060,1639,1777,674,1779,21821,1011,27,12,25,13040,1778,364],"class_list":{"0":"post-188650","1":"post","2":"type-post","3":"status-publish","4":"format-standard","5":"has-post-thumbnail","7":"category-europe","8":"tag-accord","9":"tag-actualites","10":"tag-capitaux","11":"tag-cote-divoire","12":"tag-eu","13":"tag-europe","14":"tag-european-union","15":"tag-exportations","16":"tag-fr","17":"tag-france","18":"tag-news","19":"tag-republique-francaise","20":"tag-signature","21":"tag-ue","22":"tag-union-europeenne"},"share_on_mastodon":{"url":"https:\/\/pubeurope.com\/@fr\/114710591878214072","error":""},"_links":{"self":[{"href":"https:\/\/www.europesays.com\/fr\/wp-json\/wp\/v2\/posts\/188650","targetHints":{"allow":["GET"]}}],"collection":[{"href":"https:\/\/www.europesays.com\/fr\/wp-json\/wp\/v2\/posts"}],"about":[{"href":"https:\/\/www.europesays.com\/fr\/wp-json\/wp\/v2\/types\/post"}],"author":[{"embeddable":true,"href":"https:\/\/www.europesays.com\/fr\/wp-json\/wp\/v2\/users\/2"}],"replies":[{"embeddable":true,"href":"https:\/\/www.europesays.com\/fr\/wp-json\/wp\/v2\/comments?post=188650"}],"version-history":[{"count":0,"href":"https:\/\/www.europesays.com\/fr\/wp-json\/wp\/v2\/posts\/188650\/revisions"}],"wp:featuredmedia":[{"embeddable":true,"href":"https:\/\/www.europesays.com\/fr\/wp-json\/wp\/v2\/media\/188651"}],"wp:attachment":[{"href":"https:\/\/www.europesays.com\/fr\/wp-json\/wp\/v2\/media?parent=188650"}],"wp:term":[{"taxonomy":"category","embeddable":true,"href":"https:\/\/www.europesays.com\/fr\/wp-json\/wp\/v2\/categories?post=188650"},{"taxonomy":"post_tag","embeddable":true,"href":"https:\/\/www.europesays.com\/fr\/wp-json\/wp\/v2\/tags?post=188650"}],"curies":[{"name":"wp","href":"https:\/\/api.w.org\/{rel}","templated":true}]}}