{"id":188660,"date":"2025-06-19T14:57:09","date_gmt":"2025-06-19T14:57:09","guid":{"rendered":"https:\/\/www.europesays.com\/fr\/188660\/"},"modified":"2025-06-19T14:57:09","modified_gmt":"2025-06-19T14:57:09","slug":"atp-queens-alcaraz-invite-a-eliminer-un-joueur-entre-federer-nadal-et-djokovic-jeliminerais-novak-pour-cette-raison","status":"publish","type":"post","link":"https:\/\/www.europesays.com\/fr\/188660\/","title":{"rendered":"ATP &#8211; Queen&rsquo;s > Alcaraz, invit\u00e9 \u00e0 \u00e9liminer un joueur entre Federer, Nadal et Djokovic : \u00ab\u00a0J&rsquo;\u00e9liminerais Novak pour cette raison\u00a0\u00bb"},"content":{"rendered":"<p>Alors que l\u2019ATP 500 du Queen\u2019s bat actuel\u00adle\u00adment son plein, l\u2019or\u00adga\u00adni\u00adsa\u00adtion du tournoi londo\u00adnien a eu la bonne id\u00e9e de proposer un contenu tota\u00adle\u00adment d\u00e9cal\u00e9 avec un imita\u00adteur devant poser des ques\u00adtions \u00e0 plusieurs joueurs dont Carlos Alcaraz.<\/p>\n<p>Et lorsque l\u2019Espagnol a \u00e9t\u00e9 invit\u00e9 \u00e0 jouer au jeu du \u00ab\u202fKiss, Mary, Kill\u202f\u00bb entre Roger Federer, Rafael Nadal et Novak Djokovic, il a choisi de \u00ab\u202ftuer\u202f\u00bb le Serbe pour une bonne et simple raison. Extraits \u00e0 partir de 3\u202fminutes et 50 secondes sur la vid\u00e9o ci\u2010dessous.\u00a0<\/p>\n<blockquote class=\"twitter-tweet\">\n<p lang=\"en\" dir=\"ltr\">Sitting down to chat with a tennis legend\u2026<\/p>\n<p>\u2026ish. \ud83d\ude06<a href=\"https:\/\/twitter.com\/hashtag\/HSBCChampionships?src=hash&amp;ref_src=twsrc%5Etfw\" data-wpel-link=\"external\" target=\"_blank\" rel=\"nofollow external noopener\">#HSBCChampionships<\/a><a href=\"https:\/\/t.co\/eHC378O2gQ\" data-wpel-link=\"external\" target=\"_blank\" rel=\"nofollow external noopener\">pic.twitter.com\/eHC378O2gQ<\/a><\/p>\n<p>\u2014 Tennis TV (@TennisTV) <a href=\"https:\/\/twitter.com\/TennisTV\/status\/1935385909601440113?ref_src=twsrc%5Etfw\" data-wpel-link=\"external\" target=\"_blank\" rel=\"nofollow external noopener\">June 18,\u00a02025<\/a><\/p><\/blockquote>\n<p>Carlos Alcaraz\u00a0: <strong>\u00ab\u202fPourquoi tu me poses cette ques\u00adtion\u202f? Je \u00ab\u202ftuerais\u202f\u00bb Novak parce qu\u2019il a gagn\u00e9 cette finale des Jeux olym\u00adpiques.<\/strong> <br \/>Interviewer\u00a0: <strong>Oui, bien s\u00fbr. Tu le tues parce qu\u2019il t\u2019as battu.<\/strong><br \/>Alcaraz\u00a0: <strong>Je pour\u00adrais me marier avec Rafael Nadal. <\/strong> <br \/>Interviewer\u00a0: <strong>Formidable. Et tu embrasses Roger Federer\u202f?<\/strong><br \/>Alcaraz\u00a0: <strong>Ok. Es\u2010tu satis\u00adfait\u202f?<\/strong><br \/>Interviewer\u00a0: <strong>Je me marie\u00adrais aussi avec Rafael Nadal.\u202f\u00bb<\/strong><\/p>\n<p class=\"post-published-date\" style=\"color: silver; font-size: 75%; text-align: left;\">Publi\u00e9 le jeudi 19 juin 2025 \u00e0 15:15<\/p>\n<p><script async src=\"https:\/\/platform.twitter.com\/widgets.js\" charset=\"utf-8\"><\/script><\/p>\n","protected":false},"excerpt":{"rendered":"Alors que l\u2019ATP 500 du Queen\u2019s bat actuel\u00adle\u00adment son plein, l\u2019or\u00adga\u00adni\u00adsa\u00adtion du tournoi londo\u00adnien a eu la bonne&hellip;\n","protected":false},"author":2,"featured_media":188661,"comment_status":"","ping_status":"","sticky":false,"template":"","format":"standard","meta":{"footnotes":""},"categories":[1415],"tags":[1744,105,2199,1011,27,1960,60,1467],"class_list":{"0":"post-188660","1":"post","2":"type-post","3":"status-publish","4":"format-standard","5":"has-post-thumbnail","7":"category-tennis","8":"tag-alcaraz","9":"tag-djokovic","10":"tag-federer","11":"tag-fr","12":"tag-france","13":"tag-nadal","14":"tag-sports","15":"tag-tennis"},"share_on_mastodon":{"url":"https:\/\/pubeurope.com\/@fr\/114710619270416851","error":""},"_links":{"self":[{"href":"https:\/\/www.europesays.com\/fr\/wp-json\/wp\/v2\/posts\/188660","targetHints":{"allow":["GET"]}}],"collection":[{"href":"https:\/\/www.europesays.com\/fr\/wp-json\/wp\/v2\/posts"}],"about":[{"href":"https:\/\/www.europesays.com\/fr\/wp-json\/wp\/v2\/types\/post"}],"author":[{"embeddable":true,"href":"https:\/\/www.europesays.com\/fr\/wp-json\/wp\/v2\/users\/2"}],"replies":[{"embeddable":true,"href":"https:\/\/www.europesays.com\/fr\/wp-json\/wp\/v2\/comments?post=188660"}],"version-history":[{"count":0,"href":"https:\/\/www.europesays.com\/fr\/wp-json\/wp\/v2\/posts\/188660\/revisions"}],"wp:featuredmedia":[{"embeddable":true,"href":"https:\/\/www.europesays.com\/fr\/wp-json\/wp\/v2\/media\/188661"}],"wp:attachment":[{"href":"https:\/\/www.europesays.com\/fr\/wp-json\/wp\/v2\/media?parent=188660"}],"wp:term":[{"taxonomy":"category","embeddable":true,"href":"https:\/\/www.europesays.com\/fr\/wp-json\/wp\/v2\/categories?post=188660"},{"taxonomy":"post_tag","embeddable":true,"href":"https:\/\/www.europesays.com\/fr\/wp-json\/wp\/v2\/tags?post=188660"}],"curies":[{"name":"wp","href":"https:\/\/api.w.org\/{rel}","templated":true}]}}