{"id":18867,"date":"2025-04-12T02:36:26","date_gmt":"2025-04-12T02:36:26","guid":{"rendered":"https:\/\/www.europesays.com\/fr\/18867\/"},"modified":"2025-04-12T02:36:26","modified_gmt":"2025-04-12T02:36:26","slug":"lacces-regule-aux-urgences-la-nuit-est-prolonge","status":"publish","type":"post","link":"https:\/\/www.europesays.com\/fr\/18867\/","title":{"rendered":"l&rsquo;acc\u00e8s r\u00e9gul\u00e9 aux urgences la nuit est prolong\u00e9"},"content":{"rendered":"<p>            Par<br \/>\n        <strong><br \/>\n            <a href=\"https:\/\/actu.fr\/auteur\/laure-gentil\" title=\"Consulter tous les articles de Laure Gentil\" rel=\"nofollow noopener\" target=\"_blank\">Laure Gentil<\/a><br \/>\n        <\/strong><\/p>\n<p>        Publi\u00e9 le<\/p>\n<p>            10 avr. 2025 \u00e0 11h26        <\/p>\n<p>L\u2019acc\u00e8s aux urgences est <a href=\"https:\/\/actu.fr\/pays-de-la-loire\/chateaubriant_44036\/hopitaux-en-loire-atlantique-lacces-aux-urgences-sera-limite-la-nuit_62098931.html\" rel=\"nofollow noopener\" target=\"_blank\">r\u00e9gul\u00e9 la nuit<\/a>\u00a0en\u00a0<a href=\"https:\/\/actu.fr\/pays-de-la-loire\/loire-atlantique_44\" rel=\"nofollow noopener\" target=\"_blank\">Loire-Atlantique<\/a> depuis\u00a0<b>le 13\u00a0janvier 2025<\/b>\u00a0dans les diff\u00e9rents services d\u2019urgence, \u00e0\u00a0<a href=\"https:\/\/actu.fr\/pays-de-la-loire\/nantes_44109\" rel=\"nofollow noopener\" target=\"_blank\">Nantes<\/a>, <a href=\"https:\/\/actu.fr\/pays-de-la-loire\/saint-nazaire_44184\" rel=\"nofollow noopener\" target=\"_blank\">Saint-Nazaire<\/a>, <a href=\"https:\/\/actu.fr\/pays-de-la-loire\/chateaubriant_44036\" rel=\"nofollow noopener\" target=\"_blank\">Ch\u00e2teaubriant<\/a>, mais aussi \u00e0 <a href=\"https:\/\/actu.fr\/pays-de-la-loire\/ancenis-saint-gereon_44003\" rel=\"nofollow noopener\" target=\"_blank\">Ancenis<\/a> et \u00e0\u00a0<a href=\"https:\/\/actu.fr\/pays-de-la-loire\/reze_44143\" rel=\"nofollow noopener\" target=\"_blank\">Rez\u00e9<\/a>.<\/p>\n<p class=\" wall-content\">La mesure, qui ne devait \u00eatre mise en place que pour quelques semaines (jusqu\u2019au 24\u00a0f\u00e9vrier) a \u00e9t\u00e9 prolong\u00e9e une premi\u00e8re fois par <strong>l\u2019Agence r\u00e9gionale de sant\u00e9<\/strong> (ARS) et devait continuer jusqu\u2019au 12\u00a0avril.<\/p>\n<p class=\" wall-content\">Cependant, ce jeudi 10\u00a0avril, l\u2019ARS a annonc\u00e9 une nouvelle prolongation \u00e0 compter <strong>du dimanche 13\u00a0avril<\/strong>.<\/p>\n<p>Un acc\u00e8s r\u00e9gul\u00e9 jusqu\u2019\u00e0 cet \u00e9t\u00e9<\/p>\n<p class=\" wall-content\">Selon l\u2019ARS, l\u2019acc\u00e8s r\u00e9gul\u00e9 aux urgences va continuer<strong> jusqu\u2019au 13\u00a0juillet 2025<\/strong>. \u00ab\u2009Les premiers r\u00e9sultats de la mise en place de l\u2019acc\u00e8s r\u00e9gul\u00e9 aux services d\u2019urgence sont encourageants\u2009\u00bb, indique l\u2019Agence r\u00e9gionale de sant\u00e9.<\/p>\n<blockquote class=\"ac-article-quote wall-content\">\n<p>Il appara\u00eet cependant n\u00e9cessaire de prolonger le dispositif sur une p\u00e9riode plus significative, de surcro\u00eet hors contexte \u00e9pid\u00e9mique.<\/p>\n<p>    <strong>Agence r\u00e9gionale de sant\u00e9<\/strong>\n            <\/p><\/blockquote>\n<p>Vid\u00e9os : en ce moment sur Actu<\/p>\n<p class=\" wall-content\">Les <strong>r\u00e9sultats<\/strong> \u00ab\u2009indiquent que de nouvelles modalit\u00e9s d\u2019acc\u00e8s aux urgences la nuit sont possibles tout en r\u00e9pondant\u00a0aux besoins de soins de la population\u2009\u00bb. Le dispositif aurait \u00ab\u2009un impact positif\u2009\u00bb sur les professionnels, et serait \u00ab\u2009accept\u00e9\u2009\u00bb par les patients.<\/p>\n<p class=\" wall-content\">Cette \u00ab\u2009baisse d\u2019activit\u00e9 nocturne\u2009\u00bb semble s\u2019accompagner d\u2019une <strong>augmentation des appels<\/strong> au Samu de \u00ab<strong>\u20099\u2009% \u00e0 12\u2009% sur la p\u00e9riode<\/strong>\u2009\u00bb.<\/p>\n<blockquote class=\"ac-article-quote wall-content\">\n<p>L\u2019\u00e9valuation du dispositif, qui porte sur une p\u00e9riode de deux mois, met en \u00e9vidence une<br \/>\ndiminution de l\u2019activit\u00e9 nocturne sur le cr\u00e9neau 20h-8h, ceci sur une p\u00e9riode de forte tension et \u00e9pid\u00e9mique. Une augmentation des passages sur cette p\u00e9riode aurait pu \u00eatre observ\u00e9e mais cela n&rsquo;a pas \u00e9t\u00e9 le cas.<\/p>\n<p>    <strong>Agence r\u00e9gionale de sant\u00e9<\/strong>\n            <\/p><\/blockquote>\n<p class=\" wall-content\">Quant \u00e0 l\u2019augmentation des appels, elle a \u00e9t\u00e9 \u00ab\u2009r\u00e9sorb\u00e9e gr\u00e2ce aux renforts de m\u00e9decins r\u00e9gulateurs urgentistes, g\u00e9n\u00e9ralistes et d\u2019assistants de r\u00e9gulation m\u00e9dicale d\u00e9ploy\u00e9s au centre 15\u2009\u00bb.<\/p>\n<p>Quelles sont les modalit\u00e9s d\u2019acc\u00e8s aux urgences\u2009?<\/p>\n<p class=\" wall-content\">L\u2019acc\u00e8s aux services des urgences la nuit se fait <strong>uniquement sur avis m\u00e9dical<\/strong>, de 20\u2009h \u00e0 8\u2009h du lundi au dimanche.<\/p>\n<p class=\" wall-content\">Le patient qui n\u2019a pas \u00e9t\u00e9 adress\u00e9 par un m\u00e9decin, un dentiste ou une sage-femme, <strong>doit d\u2019abord appeler le 15<\/strong>. Un \u00ab\u2009m\u00e9decin r\u00e9gulateur\u2009\u00bb \u00e9valuera le \u00ab\u2009besoin de soins\u2009\u00bb et orientera le patient soit vers les urgences soit vers un m\u00e9decin de ville.<\/p>\n<p class=\" wall-content\">Les patients qui se pr\u00e9sentent directement aux urgences sans y avoir \u00e9t\u00e9 adress\u00e9s peuvent utiliser \u00ab\u2009un t\u00e9l\u00e9phone mis \u00e0 disposition sur place pour appeler le centre 15 et \u00eatre mis en relation avec un m\u00e9decin urgentiste\u2009\u00bb.<\/p>\n<p class=\" wall-content\">Suivez toute l\u2019actualit\u00e9 de vos villes et m\u00e9dias favoris en vous inscrivant \u00e0 <a href=\"https:\/\/moncompte.actu.fr\" title=\"D\u00e9couvez Mon Actu\" rel=\"nofollow noopener\" data-trk=\"{&quot;cta&quot;:{&quot;action&quot;:&quot;https:\\\/\\\/moncompte.actu.fr&quot;,&quot;category&quot;:&quot;mon compte&quot;,&quot;from&quot;:&quot;article footer&quot;,&quot;name&quot;:&quot;Mon actu&quot;,&quot;type&quot;:&quot;cta&quot;}}\" target=\"_blank\">Mon Actu<\/a>.<\/p>\n","protected":false},"excerpt":{"rendered":"Par Laure Gentil Publi\u00e9 le 10 avr. 2025 \u00e0 11h26 L\u2019acc\u00e8s aux urgences est r\u00e9gul\u00e9 la nuit\u00a0en\u00a0Loire-Atlantique depuis\u00a0le&hellip;\n","protected":false},"author":2,"featured_media":18868,"comment_status":"","ping_status":"","sticky":false,"template":"","format":"standard","meta":{"footnotes":""},"categories":[2818],"tags":[1111,11,7426,1777,674,1011,27,766,12,2636,25,71,104,6444],"class_list":{"0":"post-18867","1":"post","2":"type-post","3":"status-publish","4":"format-standard","5":"has-post-thumbnail","7":"category-nantes","8":"tag-actu","9":"tag-actualites","10":"tag-chu-de-nantes","11":"tag-eu","12":"tag-europe","13":"tag-fr","14":"tag-france","15":"tag-nantes","16":"tag-news","17":"tag-pays-de-la-loire","18":"tag-republique-francaise","19":"tag-sante","20":"tag-societe","21":"tag-urgences"},"share_on_mastodon":{"url":"https:\/\/pubeurope.com\/@fr\/114322668742149631","error":""},"_links":{"self":[{"href":"https:\/\/www.europesays.com\/fr\/wp-json\/wp\/v2\/posts\/18867","targetHints":{"allow":["GET"]}}],"collection":[{"href":"https:\/\/www.europesays.com\/fr\/wp-json\/wp\/v2\/posts"}],"about":[{"href":"https:\/\/www.europesays.com\/fr\/wp-json\/wp\/v2\/types\/post"}],"author":[{"embeddable":true,"href":"https:\/\/www.europesays.com\/fr\/wp-json\/wp\/v2\/users\/2"}],"replies":[{"embeddable":true,"href":"https:\/\/www.europesays.com\/fr\/wp-json\/wp\/v2\/comments?post=18867"}],"version-history":[{"count":0,"href":"https:\/\/www.europesays.com\/fr\/wp-json\/wp\/v2\/posts\/18867\/revisions"}],"wp:featuredmedia":[{"embeddable":true,"href":"https:\/\/www.europesays.com\/fr\/wp-json\/wp\/v2\/media\/18868"}],"wp:attachment":[{"href":"https:\/\/www.europesays.com\/fr\/wp-json\/wp\/v2\/media?parent=18867"}],"wp:term":[{"taxonomy":"category","embeddable":true,"href":"https:\/\/www.europesays.com\/fr\/wp-json\/wp\/v2\/categories?post=18867"},{"taxonomy":"post_tag","embeddable":true,"href":"https:\/\/www.europesays.com\/fr\/wp-json\/wp\/v2\/tags?post=18867"}],"curies":[{"name":"wp","href":"https:\/\/api.w.org\/{rel}","templated":true}]}}