{"id":188672,"date":"2025-06-19T15:04:17","date_gmt":"2025-06-19T15:04:17","guid":{"rendered":"https:\/\/www.europesays.com\/fr\/188672\/"},"modified":"2025-06-19T15:04:17","modified_gmt":"2025-06-19T15:04:17","slug":"diner-a-la-chandelle-a-la-haye","status":"publish","type":"post","link":"https:\/\/www.europesays.com\/fr\/188672\/","title":{"rendered":"D\u00eener \u00e0 la chandelle \u00e0 La Haye"},"content":{"rendered":"<p>18\/6\/25 &#8211; <strong> Acquisition &#8211; La Haye, Mauritshuis <\/strong> &#8211; N\u00e9 \u00e0 Utrecht en 1566, Joachim Wtewael partit pour la France \u00e0 la fin des ann\u00e9es 1580, o\u00f9 il fut marqu\u00e9 par l\u2019\u00c9cole de Fontainebleau. Il s\u00e9journa ensuite en Italie avant de revenir dans sa ville natale en 1592 et devint, avec Abraham Bloemaert, l\u2019un des principaux repr\u00e9sentants du mani\u00e9risme, tandis que le mouvement se d\u00e9veloppait parall\u00e8lement \u00e0 Haarlem avec Karel van Mander, Hendrick Goltzius et Cornelis van Haarlem, sous l\u2019influence de Bartolomeus Spranger.<\/p>\n<dl class=\"spip_document_75272 spip_documents spip_documents_center\" itemprop=\"image\" itemscope=\"\" itemtype=\"http:\/\/schema.org\/ImageObject\">\n<dt>\n\t\t<a href=\"https:\/\/www.latribunedelart.com\/IMG\/jpg\/wtewael_emmaus.jpg?75272\/5c0d35188c3d97a240ce3816fe46d0fe5112ef3792c50cb34ae9460ad48a3f8c\" title=\"\" type=\"image\/jpeg\" rel=\"nofollow noopener\" target=\"_blank\"><br \/>\n\t\t\t<img loading=\"lazy\" decoding=\"async\" src=\"https:\/\/www.europesays.com\/fr\/wp-content\/uploads\/2025\/06\/wtewael_emmaus-5ebb9.jpg\" width=\"393\" height=\"500\" alt=\"\" itemprop=\"contentUrl\"\/><br \/>\n\t\t<\/a>\n\t<\/dt>\n<dd class=\"crayon document-descriptif-75272 spip_doc_descriptif\" style=\"width:350px;\" itemprop=\"description\">1. Joachim Wtewael (1566-1638)<br class=\"autobr\"\/><br \/>\nLe Repas d\u2019Emma\u00fcs,  vers 1608-1610<br class=\"autobr\"\/><br \/>\nHuile sur cuivre &#8211;  11,4 x 8,8 cm<br class=\"autobr\"\/><br \/>\nLa Haye, Mauritshuis <br class=\"autobr\"\/><br \/>\nPhoto\u00a0: Mauritshuis\n<\/dd>\n<dd class=\"spip_doc_lien-galerie\">\n\t\t<a href=\"https:\/\/www.latribunedelart.com\/spip.php?page=docbig&amp;id_document=75272&amp;id_article=12680\" rel=\"nofollow noopener\" target=\"_blank\">Voir l\u00b4image dans sa page<\/a>\n\t<\/dd>\n<\/dl>\n<p>Wtewael peignit sur toile ou sur panneau des compositions aux couleurs acidul\u00e9es envahies de\u2026<\/p>\n<p>Pour avoir acc\u00e8s \u00e0 ce contenu, vous devez vous abonner \u00e0 La Tribune de l\u2019Art. Les avantages et les conditions de cet abonnement, qui vous permettra par ailleurs de soutenir La Tribune de l\u2019Art, sont d\u00e9crits sur <a href=\"https:\/\/www.latribunedelart.com\/s-abonner\" rel=\"nofollow noopener\" target=\"_blank\">la page d\u2019abonnement<\/a>.<\/p>\n","protected":false},"excerpt":{"rendered":"18\/6\/25 &#8211; Acquisition &#8211; La Haye, Mauritshuis &#8211; N\u00e9 \u00e0 Utrecht en 1566, Joachim Wtewael partit pour la&hellip;\n","protected":false},"author":2,"featured_media":188673,"comment_status":"","ping_status":"","sticky":false,"template":"","format":"standard","meta":{"footnotes":""},"categories":[1358],"tags":[1348,1384,1385,1386,58,59,1011,27],"class_list":{"0":"post-188672","1":"post","2":"type-post","3":"status-publish","4":"format-standard","5":"has-post-thumbnail","7":"category-arts-et-design","8":"tag-arts","9":"tag-arts-and-design","10":"tag-arts-et-design","11":"tag-design","12":"tag-divertissement","13":"tag-entertainment","14":"tag-fr","15":"tag-france"},"share_on_mastodon":{"url":"https:\/\/pubeurope.com\/@fr\/114710646915423486","error":""},"_links":{"self":[{"href":"https:\/\/www.europesays.com\/fr\/wp-json\/wp\/v2\/posts\/188672","targetHints":{"allow":["GET"]}}],"collection":[{"href":"https:\/\/www.europesays.com\/fr\/wp-json\/wp\/v2\/posts"}],"about":[{"href":"https:\/\/www.europesays.com\/fr\/wp-json\/wp\/v2\/types\/post"}],"author":[{"embeddable":true,"href":"https:\/\/www.europesays.com\/fr\/wp-json\/wp\/v2\/users\/2"}],"replies":[{"embeddable":true,"href":"https:\/\/www.europesays.com\/fr\/wp-json\/wp\/v2\/comments?post=188672"}],"version-history":[{"count":0,"href":"https:\/\/www.europesays.com\/fr\/wp-json\/wp\/v2\/posts\/188672\/revisions"}],"wp:featuredmedia":[{"embeddable":true,"href":"https:\/\/www.europesays.com\/fr\/wp-json\/wp\/v2\/media\/188673"}],"wp:attachment":[{"href":"https:\/\/www.europesays.com\/fr\/wp-json\/wp\/v2\/media?parent=188672"}],"wp:term":[{"taxonomy":"category","embeddable":true,"href":"https:\/\/www.europesays.com\/fr\/wp-json\/wp\/v2\/categories?post=188672"},{"taxonomy":"post_tag","embeddable":true,"href":"https:\/\/www.europesays.com\/fr\/wp-json\/wp\/v2\/tags?post=188672"}],"curies":[{"name":"wp","href":"https:\/\/api.w.org\/{rel}","templated":true}]}}