{"id":188694,"date":"2025-06-19T15:16:10","date_gmt":"2025-06-19T15:16:10","guid":{"rendered":"https:\/\/www.europesays.com\/fr\/188694\/"},"modified":"2025-06-19T15:16:10","modified_gmt":"2025-06-19T15:16:10","slug":"un-collegien-de-13-ans-blesse-au-couteau-un-autre-eleve-dans-une-bagarre-pres-de-bordeaux","status":"publish","type":"post","link":"https:\/\/www.europesays.com\/fr\/188694\/","title":{"rendered":"Un coll\u00e9gien de 13 ans blesse au couteau un autre \u00e9l\u00e8ve dans une bagarre pr\u00e8s de Bordeaux"},"content":{"rendered":"<p><strong>INFO LE FIGARO &#8211;<\/strong> Un adolescent de 13 ans, scolaris\u00e9 en classe Ulis, a agress\u00e9 un \u00e9l\u00e8ve avec un couteau Opinel dans la cour de r\u00e9cr\u00e9ation. Il a \u00e9t\u00e9 plac\u00e9 en garde \u00e0 vue avant d\u2019\u00eatre intern\u00e9 en h\u00f4pital psychiatrique.<\/p>\n<p class=\"fig-paragraph\">Un \u00e9l\u00e8ve de 13 ans et demi\u00a0<a href=\"http:\/\/www.lefigaro.fr\/faits-divers\/haut-rhin-un-enfant-de-7-ans-en-possession-d-un-couteau-dans-une-ecole-de-mulhouse-20250617\" data-fig-type=\"NewsFlash\" data-gtm-custom-categorie=\"navigation\" data-gtm-custom-action=\"crossclick\" data-gtm-custom-label=\"Contextuel\" data-gtm-event=\"customEventSPE\" data-fig-domain=\"LEFIGARO\" target=\"_blank\" rel=\"noopener\">a agress\u00e9 au couteau<\/a>\u00a0un autre adolescent dans la\u00a0<a href=\"http:\/\/www.lefigaro.fr\/nice\/pres-de-cannes-un-ecolier-porteur-d-un-couteau-arrete-par-la-police-devant-une-ecole-primaire-20250616\" data-fig-type=\"NewsFlash\" data-gtm-custom-categorie=\"navigation\" data-gtm-custom-action=\"crossclick\" data-gtm-custom-label=\"Contextuel\" data-gtm-event=\"customEventSPE\" data-fig-domain=\"LEFIGARO\" target=\"_blank\" rel=\"noopener\">cour de r\u00e9cr\u00e9ation<\/a>\u00a0du coll\u00e8ge de\u00a0<a href=\"http:\/\/www.lefigaro.fr\/bordeaux\/vestiges-de-la-seconde-guerre-mondiale-des-fresques-de-soldats-allemands-se-cachent-dans-les-entrailles-de-la-citadelle-de-blaye-20240623\" data-fig-type=\"NewsFlash\" data-gtm-custom-categorie=\"navigation\" data-gtm-custom-action=\"crossclick\" data-gtm-custom-label=\"Contextuel\" data-gtm-event=\"customEventSPE\" data-fig-domain=\"LEFIGARO\" target=\"_blank\" rel=\"noopener\">Blaye,<\/a>\u00a0ce jeudi matin. Scolaris\u00e9 en de 5e dans une classe Ulis (Unit\u00e9s localis\u00e9es pour l\u2019inclusion scolaire), le jeune homme s\u2019\u00e9tait pr\u00e9sent\u00e9 en cours ce matin \u00ab\u00e9quip\u00e9 d\u2019un masque chirurgical, de lunettes de soleil et coiff\u00e9 d\u2019une casquette\u00bb, selon les sources du Figaro. Le jeune gar\u00e7on avait toutefois retir\u00e9 son masque, \u00e0 la demande du personnel de la vie scolaire, sans rechigner. Durant la r\u00e9cr\u00e9ation du matin, une altercation a \u00e9clat\u00e9 avec un \u00e9l\u00e8ve de 3e, \u00e2g\u00e9 de 15 ans. Le coll\u00e9gien de 5e a sorti son Opinel et frapp\u00e9 son camarade avec. L\u00e9g\u00e8rement bless\u00e9 \u00e0 la main et au genou, ce dernier a re\u00e7u les soins d\u2019une infirmi\u00e8re scolaire.<\/p>\n<p class=\"fig-paragraph\">L\u2019agresseur a \u00e9t\u00e9 plac\u00e9 en garde \u00e0 vue par la gendarmerie de Blaye, qui est intervenue tr\u00e8s rapidement dans l\u2019\u00e9tablissement scolaire situ\u00e9 \u00e0 proximit\u00e9 de la caserne. La garde \u00e0 vue a \u00e9t\u00e9 lev\u00e9e peu avant 14 heures en raison d\u2019une \u00abincompatibilit\u00e9 m\u00e9dicale\u00bb constat\u00e9e par un docteur. Le m\u00e9decin a prescrit que l\u2019adolescent soit intern\u00e9 au centre psychiatrique de Garderose, \u00e0 Libourne. Suivi par un \u00e9ducateur, il avait \u00abmontr\u00e9 ces derniers temps des signes de mal-\u00eatre\u00bb. Le parquet de Libourne, saisi de l\u2019affaire, confirme la lev\u00e9e de la garde \u00e0 vue et pr\u00e9cise que l\u2019enqu\u00eate se poursuit.<\/p>\n","protected":false},"excerpt":{"rendered":"INFO LE FIGARO &#8211; Un adolescent de 13 ans, scolaris\u00e9 en classe Ulis, a agress\u00e9 un \u00e9l\u00e8ve avec&hellip;\n","protected":false},"author":2,"featured_media":188695,"comment_status":"","ping_status":"","sticky":false,"template":"","format":"standard","meta":{"footnotes":""},"categories":[4],"tags":[11,10268,1997,2916,2911,2910,2915,2909,2904,2913,2912,2914,2906,2907,1124,1011,27,2905,2908,12,2219,25],"class_list":{"0":"post-188694","1":"post","2":"type-post","3":"status-publish","4":"format-standard","5":"has-post-thumbnail","7":"category-france","8":"tag-actualites","9":"tag-arme","10":"tag-bordeaux","11":"tag-bordeaux-cauderan","12":"tag-bordeaux-centre-ville","13":"tag-bordeaux-chartrons-grand-parc-jardin-public","14":"tag-bordeaux-la-bastide","15":"tag-bordeaux-maritime","16":"tag-bordeaux-metropole","17":"tag-bordeaux-nansouty-st-genes","18":"tag-bordeaux-st-augustin-tauzin-alphonse-dupeux","19":"tag-bordeaux-sud","20":"tag-capitale-de-gaule","21":"tag-cathedrale-gothique-de-saint-andre","22":"tag-college","23":"tag-fr","24":"tag-france","25":"tag-gironde","26":"tag-girondins-de-bordeaux","27":"tag-news","28":"tag-nouvelle-aquitaine","29":"tag-republique-francaise"},"share_on_mastodon":{"url":"https:\/\/pubeurope.com\/@fr\/114710694040606652","error":""},"_links":{"self":[{"href":"https:\/\/www.europesays.com\/fr\/wp-json\/wp\/v2\/posts\/188694","targetHints":{"allow":["GET"]}}],"collection":[{"href":"https:\/\/www.europesays.com\/fr\/wp-json\/wp\/v2\/posts"}],"about":[{"href":"https:\/\/www.europesays.com\/fr\/wp-json\/wp\/v2\/types\/post"}],"author":[{"embeddable":true,"href":"https:\/\/www.europesays.com\/fr\/wp-json\/wp\/v2\/users\/2"}],"replies":[{"embeddable":true,"href":"https:\/\/www.europesays.com\/fr\/wp-json\/wp\/v2\/comments?post=188694"}],"version-history":[{"count":0,"href":"https:\/\/www.europesays.com\/fr\/wp-json\/wp\/v2\/posts\/188694\/revisions"}],"wp:featuredmedia":[{"embeddable":true,"href":"https:\/\/www.europesays.com\/fr\/wp-json\/wp\/v2\/media\/188695"}],"wp:attachment":[{"href":"https:\/\/www.europesays.com\/fr\/wp-json\/wp\/v2\/media?parent=188694"}],"wp:term":[{"taxonomy":"category","embeddable":true,"href":"https:\/\/www.europesays.com\/fr\/wp-json\/wp\/v2\/categories?post=188694"},{"taxonomy":"post_tag","embeddable":true,"href":"https:\/\/www.europesays.com\/fr\/wp-json\/wp\/v2\/tags?post=188694"}],"curies":[{"name":"wp","href":"https:\/\/api.w.org\/{rel}","templated":true}]}}