{"id":188700,"date":"2025-06-19T15:19:12","date_gmt":"2025-06-19T15:19:12","guid":{"rendered":"https:\/\/www.europesays.com\/fr\/188700\/"},"modified":"2025-06-19T15:19:12","modified_gmt":"2025-06-19T15:19:12","slug":"que-faire-pour-la-fete-de-la-musique-a-saint-etienne-20-et-21-juin-2025","status":"publish","type":"post","link":"https:\/\/www.europesays.com\/fr\/188700\/","title":{"rendered":"Que faire pour la f\u00eate de la musique \u00e0 Saint-Etienne ? (20 et 21 juin 2025)"},"content":{"rendered":"<p><img loading=\"lazy\" decoding=\"async\" alt=\"Pierre Grasset \/ Ville de Saint-Etienne - Des concerts auront lieu un peu de partout dans la ville de Saint-Etienne pour la f\u00eate de la musique. D\u00e9but des festivit\u00e9s d\u00e8s vendredi 20 juin.\" data-zoom-src=\"https:\/\/www.europesays.com\/fr\/wp-content\/uploads\/2025\/06\/initial-fete-de-la-musique-2025.jpg\" data-zoomable=\"\" height=\"702\" src=\"https:\/\/www.europesays.com\/fr\/wp-content\/uploads\/2025\/06\/initial-fete-de-la-musique-2025.jpg\" width=\"1248\"\/>  <\/p>\n<p class=\"article-desc\">Pierre Grasset \/ Ville de Saint-Etienne &#8211; Des concerts auront lieu un peu de partout dans la ville de Saint-Etienne pour la f\u00eate de la musique. D\u00e9but des festivit\u00e9s d\u00e8s vendredi 20 juin. <\/p>\n<p>Si la <strong>F\u00eate de la musique<\/strong> se c\u00e9l\u00e8bre un peu partout en France le 21 juin, \u00e0<strong> Saint-\u00c9tienne<\/strong> elle se lance d\u00e8s ce vendredi 20 juin \u00e0 18h dans les rues de la ville. Tour d&rsquo;horizon <strong>des concerts<\/strong> \u00e0 voir et \u00e0 entendre. <\/p>\n<p>Une d\u00e9ambulation sous les airs puissants du Maracatu\u00a0 <img decoding=\"async\" alt=\"\" data-zoomable=\"\" height=\"1149\" loading=\"lazy\" src=\"https:\/\/www.europesays.com\/fr\/wp-content\/uploads\/2025\/06\/brass-n-gandaia-saint-etienne.jpg\" width=\"1200\"\/> \u00a9 Compte Facebook La Fabrique Musicale &#8211; l&rsquo;ensemble orchestral partira de la place de l&rsquo;H\u00f4tel-de-ville. <\/p>\n<p>Le coup d&rsquo;envoi de la\u00a0F\u00eate de la musique\u00a0sera donn\u00e9 au Puits Couriot de\u00a0Saint-\u00c9tienne,\u00a0vendredi 20 juin\u00a0\u00e0 18h, avec <strong>Brass N&rsquo; Ganda\u00efa<\/strong>, un ensemble de cuivres et percussionnistes. Le d\u00e9part est effectu\u00e9 place de l&rsquo;H\u00f4tel-de-Ville et la d\u00e9ambulation m\u00e8nera les artistes au\u00a0<strong>parc Joseph-Sanguedolce<\/strong>. Saint-\u00c9tienne\u00a0 <\/p>\n<p>Place \u00e0 de l\u2019\u00e9lectro funk avec Gentlemen Square dans les rues de la ville <img decoding=\"async\" alt=\"\" class=\"img-size-full\" data-zoomable=\"\" height=\"671\" loading=\"lazy\" src=\"https:\/\/www.europesays.com\/fr\/wp-content\/uploads\/2025\/06\/gentlemen-square-fete-de-la-musique-saint-etienne.png\" width=\"1200\"\/> \u00a9 Gentlemen Square &#8211; Les rues de Saint-\u00c9tienne s&rsquo;animeront samedi 21 juin avec les Gentlemen Square. <\/p>\n<p>Le\u00a0<strong>samedi 21 juin<\/strong>, jour officiel de la F\u00eate de la musique qui r\u00e9unit\u00a0entre 50 et 60 000 personnes chaque ann\u00e9e, la musique sera partout en ville. \u00c0 commencer par une d\u00e9ambulation en centre-ville\u00a0\u00e0 compter de 15h du groupe <strong>Gentlemen Square<\/strong> (\u00e9lectro funk mobile) suivi d&rsquo;<strong>On\u00e7a Preta<\/strong> (batucada). <\/p>\n<p>La\u00a0place Jean-Jaur\u00e8s\u00a0accueillera quant \u00e0 elle la sc\u00e8ne \u00e9mergente d\u00e8s 18h45 avec des groupes tel\u00a0<a href=\"https:\/\/mesinfos.fr\/42000-saint-etienne\/salut-lorage-un-duo-rock-dans-le-paysage-stephanois-198162.html\" rel=\"noopener\" target=\"_blank\">Salut l&rsquo;Orage\u00a0<\/a>(rock). \u00c0 noter qu&rsquo;une vente de CD et partitions d&rsquo;occasion aura lieu sous le kiosque, men\u00e9e par le r\u00e9seau des M\u00e9diath\u00e8ques de Saint-\u00c9tienne, \u00e0 partir de 18h.<\/p>\n<p> Du jazz, encore du jazz et toujours du jazz place Dorian <img decoding=\"async\" alt=\"\" class=\"img-size-limited\" data-zoomable=\"\" height=\"850\" loading=\"lazy\" src=\"https:\/\/www.europesays.com\/fr\/wp-content\/uploads\/2025\/06\/fete-de-la-musique-2025-solar-jazz.jpg\" width=\"1080\"\/> \u00a9 Compte Facebook Le Solar &#8211; La place Dorian vibrera au son du jazz. <\/p>\n<p>\u00c0 partir de 19h <strong>samedi 21 juin<\/strong>, la <strong>place Dorian<\/strong>\u00a0se transformera en sc\u00e8ne jazz, en partenariat avec l&rsquo;association Gaga Jazz et Le Solar pour recevoir les classes de jazz du Conservatoire Massenet,<strong>Trio Sanfonando <\/strong>\u00e0 20 heures et <strong>Baile Bom <\/strong>\u00e0 22 heures.<\/p>\n<p>  Musiques actuelles place Chavanelle, \u00e9lectro et rap au Puits Couriot <img decoding=\"async\" alt=\"\" class=\"img-align-center\" data-zoomable=\"\" height=\"961\" loading=\"lazy\" src=\"https:\/\/www.europesays.com\/fr\/wp-content\/uploads\/2025\/06\/august-is-gone-fete-de-la-musique-saint-etienne.jpg\" width=\"1440\"\/> \u00a9 August Is Gone &#8211; Plusieurs groupes se produiront place Chavanelle\u00a0dont August Is Gone. <\/p>\n<p>Toujours samedi 21 juin, la part belle aux amateurs sera faite sur la <strong>place Chavanelle<\/strong>\u00a0d\u00e8s 18h avec une ribambelle de musiques actuelles : Marla Fredonne, KER, August Is Gone, Bearm&#8230; <\/p>\n<p>Au\u00a0<strong>Puits Couriot<\/strong>\u00a0on retrouvera la sc\u00e8ne guinguette \u00ab\u00a0La Rel\u00e8ve !\u00a0\u00bb avec cinq jeunes projets rap et \u00e9lectro issus du tremplin\u00a0Nos Talents sur Sc\u00e8ne\u00a02025, comme Drabilis.\u00a0<\/p>\n<p> Profiter des \u00ab\u00a0Zic&rsquo;off\u00a0\u00bb un peu partout dans la ville <img decoding=\"async\" alt=\"\" class=\"img-align-center\" data-zoomable=\"\" height=\"600\" loading=\"lazy\" src=\"https:\/\/www.europesays.com\/fr\/wp-content\/uploads\/2025\/06\/fete-de-la-musique-saint-etienne.jpg\" width=\"900\"\/> \u00a9 Ville de Saint-\u00c9tienne &#8211; Des sc\u00e8nes organis\u00e9es par les associations et les commer\u00e7ants les 20 et 21 juin. <\/p>\n<p>Les<strong>\u00a0\u00ab\u00a0Zic&rsquo;off\u00a0\u00bb <\/strong>sont de retour les <strong>20 et 21 juin. <\/strong>Sur les places, dans les rues, ces concerts sont organis\u00e9es par des commer\u00e7ants et associations.<strong><br \/><\/strong> <\/p>\n<p><strong>Vendredi 20 juin<\/strong> \u00e0 l&rsquo;Amicale La\u00efque de C\u00f4te-Chaude, de 15h \u00e0 16h15 Papy Kayembe (percussions africaines) de 17h \u00e0 18h Sc\u00e8ne ouverte pour les habitants du quartier, de 18h30 \u00e0 20 heures retrouvez Sepelas Monama (Ordofolk congolais) et la Gova caravane de 20 h \u00e0 22h un DJ set.\u00a0 <\/p>\n<p>Mais aussi place Jean-Jaur\u00e8s, <strong>samedi 21 juin<\/strong> avec des danses country de 18h \u00e0 18h30, cours Fauriel ou encoure rue Elise Gervais.<\/p>\n","protected":false},"excerpt":{"rendered":"Pierre Grasset \/ Ville de Saint-Etienne &#8211; Des concerts auront lieu un peu de partout dans la ville&hellip;\n","protected":false},"author":2,"featured_media":188701,"comment_status":"","ping_status":"","sticky":false,"template":"","format":"standard","meta":{"footnotes":""},"categories":[9653],"tags":[1111,11,2430,4156,1777,674,1011,27,32350,12,25,4001,9893],"class_list":{"0":"post-188700","1":"post","2":"type-post","3":"status-publish","4":"format-standard","5":"has-post-thumbnail","7":"category-saint-etienne","8":"tag-actu","9":"tag-actualites","10":"tag-auvergne-rhone-alpes","11":"tag-concerts","12":"tag-eu","13":"tag-europe","14":"tag-fr","15":"tag-france","16":"tag-fu00eate-de-la-musique","17":"tag-news","18":"tag-republique-francaise","19":"tag-saint-etienne","20":"tag-saint-etienne-mu00e9tropole"},"share_on_mastodon":{"url":"https:\/\/pubeurope.com\/@fr\/114710706065949766","error":""},"_links":{"self":[{"href":"https:\/\/www.europesays.com\/fr\/wp-json\/wp\/v2\/posts\/188700","targetHints":{"allow":["GET"]}}],"collection":[{"href":"https:\/\/www.europesays.com\/fr\/wp-json\/wp\/v2\/posts"}],"about":[{"href":"https:\/\/www.europesays.com\/fr\/wp-json\/wp\/v2\/types\/post"}],"author":[{"embeddable":true,"href":"https:\/\/www.europesays.com\/fr\/wp-json\/wp\/v2\/users\/2"}],"replies":[{"embeddable":true,"href":"https:\/\/www.europesays.com\/fr\/wp-json\/wp\/v2\/comments?post=188700"}],"version-history":[{"count":0,"href":"https:\/\/www.europesays.com\/fr\/wp-json\/wp\/v2\/posts\/188700\/revisions"}],"wp:featuredmedia":[{"embeddable":true,"href":"https:\/\/www.europesays.com\/fr\/wp-json\/wp\/v2\/media\/188701"}],"wp:attachment":[{"href":"https:\/\/www.europesays.com\/fr\/wp-json\/wp\/v2\/media?parent=188700"}],"wp:term":[{"taxonomy":"category","embeddable":true,"href":"https:\/\/www.europesays.com\/fr\/wp-json\/wp\/v2\/categories?post=188700"},{"taxonomy":"post_tag","embeddable":true,"href":"https:\/\/www.europesays.com\/fr\/wp-json\/wp\/v2\/tags?post=188700"}],"curies":[{"name":"wp","href":"https:\/\/api.w.org\/{rel}","templated":true}]}}