{"id":188704,"date":"2025-06-19T15:21:12","date_gmt":"2025-06-19T15:21:12","guid":{"rendered":"https:\/\/www.europesays.com\/fr\/188704\/"},"modified":"2025-06-19T15:21:12","modified_gmt":"2025-06-19T15:21:12","slug":"basket-stephane-gombauld-de-retour-au-sluc-nancy-cest-fait","status":"publish","type":"post","link":"https:\/\/www.europesays.com\/fr\/188704\/","title":{"rendered":"Basket. St\u00e9phane Gombauld de retour au SLUC Nancy\u2026 C\u2019est fait\u00a0!"},"content":{"rendered":"<p>L\u2019information r\u00e9v\u00e9l\u00e9e par BeBasket ce mercredi, puis, confirm\u00e9e par nos soins dans la foul\u00e9e le m\u00eame jour, vient d\u2019\u00eatre act\u00e9e ce jeudi par le SLUC Nancy lui-m\u00eame dans un communiqu\u00e9. Le club lorrain annonce en effet le retour de son MVP de Pro B lors de la saison 2021-2022, l\u2019int\u00e9rieur St\u00e9phane Gombauld. Ce dernier revient en effet en France apr\u00e8s deux saisons en Italie. D\u2019abord \u00e0 Sassari o\u00f9 il avait brill\u00e9 puis cette saison \u00e0 Reggio Emilia o\u00f9 il a connu quelques feuilles de match en BCL.<\/p>\n<p>Ce nouveau retour, <a href=\"https:\/\/www.estrepublicain.fr\/sport\/2025\/06\/01\/enzo-goudou-sinha-de-retour-au-sluc-en-france-nancy-etait-une-destination-privilegiee-pour-moi\" target=\"_blank\" rel=\"noopener\">apr\u00e8s celui d\u2019Enzo Goudou-Sinha annonc\u00e9 il y a quelques semaines<\/a> , n\u2019est pas anodin puisque l\u2019int\u00e9rieur guadeloup\u00e9en a d\u00e9cid\u00e9 de signer un contrat longue dur\u00e9e de trois ans avec les Couguars.<\/p>\n<p>Une \u00e9quipe dans laquelle il avait r\u00e9ussi \u00e0 s\u2019imposer dans le pass\u00e9. Apr\u00e8s avoir brill\u00e9 en Pro B, il avait r\u00e9alis\u00e9 un joli chantier en Betclic \u00c9lite lors de la saison 2022-2023\u00a0: 13.6 points, 6.5 rebonds, 1.5 passe pour 16.4 d\u2019\u00e9valuation.<\/p>\n<p>Ce contenu est bloqu\u00e9 car vous n&rsquo;avez pas accept\u00e9 les cookies et autres traceurs.<\/p>\n<p>En cliquant sur \u00ab J\u2019accepte \u00bb, les cookies et autres traceurs seront d\u00e9pos\u00e9s et vous pourrez visualiser les contenus  (<a href=\"\" class=\"consentModule_policy\" target=\"_blank\" title=\"Consulter la politique de protection des donn\u00e9es du fournisseur\">plus d&rsquo;informations<\/a>).<\/p>\n<p>En cliquant sur \u00ab J\u2019accepte tous les cookies \u00bb, vous autorisez des d\u00e9p\u00f4ts de cookies et autres traceurs pour le stockage de vos donn\u00e9es sur nos sites et applications \u00e0 des fins de personnalisation et de ciblage publicitaire.<\/p>\n<p class=\"consentModule_secondaryText\">Vous gardez la possibilit\u00e9 de retirer votre consentement \u00e0 tout moment en consultant notre <a href=\"https:\/\/www.estrepublicain.fr\/protection-des-donnees\" target=\"_blank\" title=\"Consulter notre politique de protection des donn\u00e9es\" rel=\"noopener\">politique de protection des donn\u00e9es<\/a>. <br \/>&#13;<br \/>\n            <a href=\"https:\/\/www.estrepublicain.fr\/sport\/2025\/06\/19\/javascript:Didomi.notice.show()\" class=\"consentModule_cmp\" target=\"_blank\" rel=\"noopener\">G\u00e9rer mes choix<\/a>&#13;\n        <\/p>\n<p>&#13;<br \/>\n                        J&rsquo;accepte&#13;<br \/>\n            J&rsquo;accepte tous les cookies&#13;\n        <\/p>\n<p>  \u00ab\u00a0Travailleur insatiable\u00a0\u00bb<\/p>\n<p>Joueur polyvalent, capable de jouer dos au panier comme de s\u2019\u00e9carter, St\u00e9phane Gombauld pourrait tout \u00e0 fait \u00eatre un joli compl\u00e9ment \u00e0 c\u00f4t\u00e9 de Shevon Thompson, si ce dernier venait \u00e0 rester. \u00ab\u00a0P\u00e9tri de qualit\u00e9s sportives et humaines, St\u00e9phane est un leader silencieux, toujours exemplaire, travailleur insatiable, c\u2019est un mod\u00e8le de professionnalisme avec un \u00e9tat d\u2019esprit formidable\u00a0\u00bb, appuie alors Laurent Eisenbach. Niveau prise de rep\u00e8res, en voil\u00e0 encore un qui ne sera pas d\u00e9boussol\u00e9 lors de la reprise. Un autre atout de cette signature qui va, \u00e0 n\u2019en pas douter, ravir un grand nombre de supporters des Couguars.<\/p>\n","protected":false},"excerpt":{"rendered":"L\u2019information r\u00e9v\u00e9l\u00e9e par BeBasket ce mercredi, puis, confirm\u00e9e par nos soins dans la foul\u00e9e le m\u00eame jour, vient&hellip;\n","protected":false},"author":2,"featured_media":188705,"comment_status":"","ping_status":"","sticky":false,"template":"","format":"standard","meta":{"footnotes":""},"categories":[9635],"tags":[1111,11,1791,1707,1704,1706,1705,1777,674,107,1701,1011,27,775,1702,1703,12,25,11567,517,1700],"class_list":{"0":"post-188704","1":"post","2":"type-post","3":"status-publish","4":"format-standard","5":"has-post-thumbnail","7":"category-nancy","8":"tag-actu","9":"tag-actualites","10":"tag-basket-ball","11":"tag-edition-luneville","12":"tag-edition-nancy-et-agglomeration","13":"tag-edition-pont-a-mousson","14":"tag-edition-toul","15":"tag-eu","16":"tag-europe","17":"tag-fil-info","18":"tag-fil-info-sport","19":"tag-fr","20":"tag-france","21":"tag-grand-est","22":"tag-nancy","23":"tag-nancy-ville-54b","24":"tag-news","25":"tag-republique-francaise","26":"tag-sluc","27":"tag-sport","28":"tag-sport-lorrain"},"share_on_mastodon":{"url":"https:\/\/pubeurope.com\/@fr\/114710713654463795","error":""},"_links":{"self":[{"href":"https:\/\/www.europesays.com\/fr\/wp-json\/wp\/v2\/posts\/188704","targetHints":{"allow":["GET"]}}],"collection":[{"href":"https:\/\/www.europesays.com\/fr\/wp-json\/wp\/v2\/posts"}],"about":[{"href":"https:\/\/www.europesays.com\/fr\/wp-json\/wp\/v2\/types\/post"}],"author":[{"embeddable":true,"href":"https:\/\/www.europesays.com\/fr\/wp-json\/wp\/v2\/users\/2"}],"replies":[{"embeddable":true,"href":"https:\/\/www.europesays.com\/fr\/wp-json\/wp\/v2\/comments?post=188704"}],"version-history":[{"count":0,"href":"https:\/\/www.europesays.com\/fr\/wp-json\/wp\/v2\/posts\/188704\/revisions"}],"wp:featuredmedia":[{"embeddable":true,"href":"https:\/\/www.europesays.com\/fr\/wp-json\/wp\/v2\/media\/188705"}],"wp:attachment":[{"href":"https:\/\/www.europesays.com\/fr\/wp-json\/wp\/v2\/media?parent=188704"}],"wp:term":[{"taxonomy":"category","embeddable":true,"href":"https:\/\/www.europesays.com\/fr\/wp-json\/wp\/v2\/categories?post=188704"},{"taxonomy":"post_tag","embeddable":true,"href":"https:\/\/www.europesays.com\/fr\/wp-json\/wp\/v2\/tags?post=188704"}],"curies":[{"name":"wp","href":"https:\/\/api.w.org\/{rel}","templated":true}]}}