{"id":188706,"date":"2025-06-19T15:22:09","date_gmt":"2025-06-19T15:22:09","guid":{"rendered":"https:\/\/www.europesays.com\/fr\/188706\/"},"modified":"2025-06-19T15:22:09","modified_gmt":"2025-06-19T15:22:09","slug":"le-court-metrage-sur-la-sante-mentale-realise-par-les-jeunes-de-la-mission-locale-de-louest-var-sera-projete-ce-lundi-a-six-fours","status":"publish","type":"post","link":"https:\/\/www.europesays.com\/fr\/188706\/","title":{"rendered":"Le court-m\u00e9trage sur la sant\u00e9 mentale r\u00e9alis\u00e9 par les jeunes de la Mission locale de l&rsquo;Ouest Var sera projet\u00e9 ce lundi \u00e0 Six-Fours"},"content":{"rendered":"<p>            Lumi\u00e8res du Sud: clap de fin de saison<\/p>\n<p>La saison touche \u00e0 sa fin, mais l\u2019association Lumi\u00e8res du Sud r\u00e9serve encore deux belles soir\u00e9es avant la pause estivale. Ce lundi au Six n\u2019\u00c9toiles, les spectateurs pourront d\u00e9couvrir Ollie, pr\u00e9sent\u00e9 \u00e0 Cannes, puis Les Confidentes, le 30 juin, tout droit revenu du festival de Berlin.<\/p>\n<p>Deux projections exceptionnelles qui confirment l\u2019implication des membres du bureau, pr\u00e9sents toute l\u2019ann\u00e9e sur les grands festivals pour proposer une programmation pointue, en prise directe avec l\u2019actualit\u00e9 du 7e art. \u00ab Nous allons chercher les films l\u00e0 o\u00f9 ils naissent, dans les s\u00e9lections les plus r\u00e9centes \u00bb, confie Pascale Parodi, pr\u00e9sidente de l\u2019association depuis trois ans.<\/p>\n<p>R\u00e9sultat: vingt-huit projections cette saison, accompagn\u00e9es pour la plupart de rencontres avec des professionnels du cin\u00e9ma, acteurs, r\u00e9alisateurs, producteurs, dans une atmosph\u00e8re toujours conviviale. Parmi les moments marquants, l\u2019invitation du producteur oscaris\u00e9 du film Flow, venu au Six n\u2019\u00c9toiles avec sa pr\u00e9cieuse statuette, que les spectateurs ont pu approcher&#8230; et m\u00eame photographier.<\/p>\n<p>Mais la plus belle surprise est venue en diff\u00e9r\u00e9: \u00ab\u00a0Nous avions re\u00e7u Karim Leklou en fin de saison derni\u00e8re pour Le Roman de Jim. Quelques mois plus tard, il recevait le C\u00e9sar du meilleur acteur pour ce r\u00f4le. C\u2019est une fiert\u00e9 et un joli clin d\u2019\u0153il\u00a0\u00bb.<\/p>\n<p>Avec 130 adh\u00e9rents, le club atteint un nouveau record. L\u2019objectif est d\u00e9sormais de franchir le cap des 150 membres \u00e0 la rentr\u00e9e. D\u2019ici l\u00e0, les projections du CLAB en plein air, au Brusc, seront anim\u00e9es par Pascale Parodi. Une mani\u00e8re pour l\u2019association de continuer \u00e0 vivre tout au long de l\u2019ann\u00e9e et pour tous les publics.<\/p>\n","protected":false},"excerpt":{"rendered":"Lumi\u00e8res du Sud: clap de fin de saison La saison touche \u00e0 sa fin, mais l\u2019association Lumi\u00e8res du&hellip;\n","protected":false},"author":2,"featured_media":188707,"comment_status":"","ping_status":"","sticky":false,"template":"","format":"standard","meta":{"footnotes":""},"categories":[9619],"tags":[1111,11,650,251,1777,674,1011,27,12,882,25,2310],"class_list":{"0":"post-188706","1":"post","2":"type-post","3":"status-publish","4":"format-standard","5":"has-post-thumbnail","7":"category-toulon","8":"tag-actu","9":"tag-actualites","10":"tag-cinema","11":"tag-culture","12":"tag-eu","13":"tag-europe","14":"tag-fr","15":"tag-france","16":"tag-news","17":"tag-provence-alpes-cote-dazur","18":"tag-republique-francaise","19":"tag-toulon"},"share_on_mastodon":{"url":"https:\/\/pubeurope.com\/@fr\/114710717591567709","error":""},"_links":{"self":[{"href":"https:\/\/www.europesays.com\/fr\/wp-json\/wp\/v2\/posts\/188706","targetHints":{"allow":["GET"]}}],"collection":[{"href":"https:\/\/www.europesays.com\/fr\/wp-json\/wp\/v2\/posts"}],"about":[{"href":"https:\/\/www.europesays.com\/fr\/wp-json\/wp\/v2\/types\/post"}],"author":[{"embeddable":true,"href":"https:\/\/www.europesays.com\/fr\/wp-json\/wp\/v2\/users\/2"}],"replies":[{"embeddable":true,"href":"https:\/\/www.europesays.com\/fr\/wp-json\/wp\/v2\/comments?post=188706"}],"version-history":[{"count":0,"href":"https:\/\/www.europesays.com\/fr\/wp-json\/wp\/v2\/posts\/188706\/revisions"}],"wp:featuredmedia":[{"embeddable":true,"href":"https:\/\/www.europesays.com\/fr\/wp-json\/wp\/v2\/media\/188707"}],"wp:attachment":[{"href":"https:\/\/www.europesays.com\/fr\/wp-json\/wp\/v2\/media?parent=188706"}],"wp:term":[{"taxonomy":"category","embeddable":true,"href":"https:\/\/www.europesays.com\/fr\/wp-json\/wp\/v2\/categories?post=188706"},{"taxonomy":"post_tag","embeddable":true,"href":"https:\/\/www.europesays.com\/fr\/wp-json\/wp\/v2\/tags?post=188706"}],"curies":[{"name":"wp","href":"https:\/\/api.w.org\/{rel}","templated":true}]}}