{"id":188708,"date":"2025-06-19T15:23:18","date_gmt":"2025-06-19T15:23:18","guid":{"rendered":"https:\/\/www.europesays.com\/fr\/188708\/"},"modified":"2025-06-19T15:23:18","modified_gmt":"2025-06-19T15:23:18","slug":"rugby-avec-le-programme-ecolovale-700-ecoliers-des-etablissements-de-toulon-se-sont-surpasses","status":"publish","type":"post","link":"https:\/\/www.europesays.com\/fr\/188708\/","title":{"rendered":"Rugby: avec le programme \u00ab\u00a0\u00c9col\u2019Ovale\u00a0\u00bb, 700 \u00e9coliers des \u00e9tablissements de Toulon se sont surpass\u00e9s"},"content":{"rendered":"<p><strong>Sept cents rugbymen en herbe en classe de CE2, CM1 et CM2 des \u00e9coles de Toulon<\/strong> se sont retrouv\u00e9s \u00e0 l\u2019issue de leur cycle de douze s\u00e9ances pour le grand tournoi de \u00ab\u00a0balle ovale\u00a0\u00bb organis\u00e9 par les \u00e9ducateurs du RCT Association \u00e0 L\u00e9o-Lagrange. <strong>Des rencontres plac\u00e9es sous le signe de la d\u00e9couverte, de l\u2019apprentissage et du plaisir.<\/strong><\/p>\n<p>\u00a0<\/p>\n<p>Raiha et Th\u00e9o, 10 ans, de l\u2019\u00e9cole Ernest-Renan du Mourillon: \u00ab\u00a0On s\u2019est bien amus\u00e9 avec les copains\u00a0\u00bb.<\/p>\n<p>\u00a0<\/p>\n<p>L\u2019enseignante Nathalie Lanfranqui: \u00ab\u00a0Il y a une super organisation, les cours dans l\u2019ann\u00e9e sont extras. Bravo aux animatrices!\u00a0\u00bb<\/p>\n<p>\u00a0<\/p>\n<p>\u00ab\u00a0C\u2019est un moment important parce que \u00e7a ponctualise la cession de balle ovale. Les enfants r\u00e9investissent ce qu\u2019ils ont appris. Ils sont excit\u00e9s. \u00c7a fait quatre ans que je fais participer mes \u00e9l\u00e8ves \u00e0 l\u2019\u00c9col\u2019Ovale. Ils partagent des valeurs dans ce moment de sport avec plaisir\u00a0\u00bb, souligne Patrick Estaba, enseignant de l\u2019\u00e9cole Jean-Aicard.<\/p>\n<p>\u00a0<\/p>\n<p>Virginie Laporta, agent de d\u00e9veloppement et coordinatrice du RCT, f\u00e9licite l\u2019engagement de tous: \u00ab\u00a0Les enfants sont repartis avec des sourires et des m\u00e9dailles. Cette op\u00e9ration est devenue une institution, c\u2019est un travail d\u2019\u00e9quipe avec toutes les \u00e9quipes p\u00e9dagogiques des \u00e9coles et des responsables de l\u2019\u00c9ducation nationale. D\u2019ailleurs, aujourd\u2019hui, nous avons pu bien \u00e9changer avec <strong>Jean-Pierre Estrella<\/strong>, conseiller p\u00e9dagogique d\u00e9partemental d\u2019EPS, et <strong>Alice Dalmasso<\/strong>, son homologue de circonscription. Je remercie les jeunes licenci\u00e9s des cat\u00e9gories U12, U14, les minimettes et les cadettes qui ont pris le sifflet et le stylo pour cette organisation\u00a0\u00bb.<\/p>\n<p>\u00a0<\/p>\n<p>Une bien belle pratique d\u2019activit\u00e9 physique qui correspond aux objectifs de l\u2019\u00e9cole \u00e9l\u00e9mentaire.<\/p>\n<p>\u00a0<\/p>\n<p>\u00a0<\/p>\n<p><strong>Savoir+<\/strong><\/p>\n<p>Les \u00e9coles pr\u00e9sentes: Carnot, Pont-du-Las, Jules-Muraire, Font-Pr\u00e9, Jean-Aicard et les Remparts, la Beaucaire, Tauriac, Pont Neuf, Fort Sainte-Catherine, Cap Brun, Aguillon, Brusquet, 4 chemins, Rivi\u00e8re Neuve, Saint-Jean du Var, Renan, Moulins, la Florane, Saint-Roch, Sandro.<\/p>\n","protected":false},"excerpt":{"rendered":"Sept cents rugbymen en herbe en classe de CE2, CM1 et CM2 des \u00e9coles de Toulon se sont&hellip;\n","protected":false},"author":2,"featured_media":188709,"comment_status":"","ping_status":"","sticky":false,"template":"","format":"standard","meta":{"footnotes":""},"categories":[9619],"tags":[1111,11,1057,1777,674,332,1011,27,12,882,25,479,60,2310],"class_list":{"0":"post-188708","1":"post","2":"type-post","3":"status-publish","4":"format-standard","5":"has-post-thumbnail","7":"category-toulon","8":"tag-actu","9":"tag-actualites","10":"tag-education","11":"tag-eu","12":"tag-europe","13":"tag-faits-de-societe","14":"tag-fr","15":"tag-france","16":"tag-news","17":"tag-provence-alpes-cote-dazur","18":"tag-republique-francaise","19":"tag-rugby","20":"tag-sports","21":"tag-toulon"},"share_on_mastodon":{"url":"https:\/\/pubeurope.com\/@fr\/114710721886690458","error":""},"_links":{"self":[{"href":"https:\/\/www.europesays.com\/fr\/wp-json\/wp\/v2\/posts\/188708","targetHints":{"allow":["GET"]}}],"collection":[{"href":"https:\/\/www.europesays.com\/fr\/wp-json\/wp\/v2\/posts"}],"about":[{"href":"https:\/\/www.europesays.com\/fr\/wp-json\/wp\/v2\/types\/post"}],"author":[{"embeddable":true,"href":"https:\/\/www.europesays.com\/fr\/wp-json\/wp\/v2\/users\/2"}],"replies":[{"embeddable":true,"href":"https:\/\/www.europesays.com\/fr\/wp-json\/wp\/v2\/comments?post=188708"}],"version-history":[{"count":0,"href":"https:\/\/www.europesays.com\/fr\/wp-json\/wp\/v2\/posts\/188708\/revisions"}],"wp:featuredmedia":[{"embeddable":true,"href":"https:\/\/www.europesays.com\/fr\/wp-json\/wp\/v2\/media\/188709"}],"wp:attachment":[{"href":"https:\/\/www.europesays.com\/fr\/wp-json\/wp\/v2\/media?parent=188708"}],"wp:term":[{"taxonomy":"category","embeddable":true,"href":"https:\/\/www.europesays.com\/fr\/wp-json\/wp\/v2\/categories?post=188708"},{"taxonomy":"post_tag","embeddable":true,"href":"https:\/\/www.europesays.com\/fr\/wp-json\/wp\/v2\/tags?post=188708"}],"curies":[{"name":"wp","href":"https:\/\/api.w.org\/{rel}","templated":true}]}}