{"id":188714,"date":"2025-06-19T15:26:10","date_gmt":"2025-06-19T15:26:10","guid":{"rendered":"https:\/\/www.europesays.com\/fr\/188714\/"},"modified":"2025-06-19T15:26:10","modified_gmt":"2025-06-19T15:26:10","slug":"bateaux-dates-organisation-decouvrez-les-premiers-contours-de-larmada-2027-de-rouen","status":"publish","type":"post","link":"https:\/\/www.europesays.com\/fr\/188714\/","title":{"rendered":"Bateaux, dates, organisation&#8230; D\u00e9couvrez les premiers contours de l&rsquo;Armada 2027 de Rouen"},"content":{"rendered":"<p>            Par<br \/>\n        <strong><br \/>\n            <a href=\"https:\/\/actu.fr\/auteur\/fmass\" title=\"Consulter tous les articles de Fabien Massin\" target=\"_blank\" rel=\"noopener\">Fabien Massin<\/a><br \/>\n        <\/strong><\/p>\n<p>        Publi\u00e9 le<\/p>\n<p>            19 juin 2025 \u00e0 17h06        <\/p>\n<p>La prochaine <a href=\"https:\/\/actu.fr\/armada-rouen\/\" target=\"_blank\" rel=\"noopener\">Armada de Rouen<\/a>, ce sera du 17 au 27 juin 2027. \u00c0 deux ans de l\u2019\u00e9v\u00e9nement qui a attir\u00e9 5 millions de visiteurs en 2023, une conf\u00e9rence de presse organis\u00e9e jeudi 19 juin 2025 a esquiss\u00e9 les contours du prochain grand rassemblement de <strong>vieux gr\u00e9ments, trois-m\u00e2ts, go\u00e9lettes et autres navires \u00e9cole<\/strong> venus du monde entier.\u00a0<\/p>\n<p>Attirer des bateaux embl\u00e9matiques<\/p>\n<p class=\" wall-content\">C\u2019est l\u2019essence m\u00eame de l\u2019Armada. \u00c0 cet \u00e9gard, le pr\u00e9sident de l\u2019Armada, <strong>Jean-Paul Rivi\u00e8re<\/strong>, pour qui ce sera la deuxi\u00e8me \u00e9dition \u00e0 cette fonction, a pr\u00e9cis\u00e9 le contexte : \u00ab\u00a0Pendant l\u2019Armada il y aura deux autres rassemblements importants de bateaux en Europe, <strong>\u00e0 Kiel (Allemagne) et Cadix (Espagne)<\/strong>. Cela nous enl\u00e8vera certainement quelques bateaux. Mais nous relevons le challenge, nous ne changeons pas les dates. Pareil pour les \u00e9lections, leur tenue au printemps 2027 ne change rien pour nous.\u00a0\u00bb<\/p>\n<p class=\" wall-content\">En 2019 il y avait 45 bateaux, en 2023 ils \u00e9taient 43, en l\u2019absence notamment des navires russes. \u00ab\u00a0En 2023 il y avait <strong>13 bateaux d\u2019\u00c9tat<\/strong>, pour eux nous en sommes en contact avec les ambassades pour les faire venir. Concernant les bateaux commerciaux, lou\u00e9s le soir, quelques uns sont d\u00e9j\u00e0 confirm\u00e9s. Ce qui est certain c\u2019est que nous avons besoin de bateaux embl\u00e9matiques.\u00a0\u00bb<\/p>\n<p>Le cas du Cuauht\u00e9moc<\/p>\n<p class=\" wall-content\">Parmi les navires embl\u00e9matiques il y a \u00e9videmment le Cuauht\u00e9moc, star des diff\u00e9rentes \u00e9ditions de l\u2019Armada depuis 1989. Or celui-ci a connu un <a href=\"https:\/\/actu.fr\/normandie\/rouen_76540\/drame-du-cuauhtemoc-a-new-york-c-est-le-chouchou-des-rouennais-a-l-armada_62651995.html\" target=\"_blank\" rel=\"noopener\">dramatique accident<\/a> au mois de mai \u00e0 New York. \u00ab\u00a0Nous avons une pens\u00e9e pour lui, <strong>la vid\u00e9o est insoutenable<\/strong>, on voit des marins tomber, se d\u00e9sole Jean-Paul Rivi\u00e8re. Aujourd\u2019hui nous ne savons pas s\u2019il pourra venir. Il sera r\u00e9par\u00e9, c\u2019est certain, <strong>mais sera-t-il toujours navire-\u00e9cole du Mexique ? <\/strong>Nous ne le savons pas.\u00a0\u00bb<\/p>\n<p>Un ap\u00e9ritif en 2026<\/p>\n<p class=\" wall-content\">Un an avant avant l\u2019\u00e9v\u00e9nement, en 2026, un bateau prestigieux sera invit\u00e9 \u00e0 Rouen. \u00ab\u00a0Nous allons demander prioritairement au <strong>Dar M\u0142odzie\u017cy (Pologne)<\/strong>, libre \u00e0 cette p\u00e9riode\u00a0\u00bb, informe le pr\u00e9sident de l\u2019Armada. Ce fameux et magnifique trois-m\u00e2ts habitu\u00e9 de l\u2019Armada <a href=\"https:\/\/actu.fr\/loisirs-culture\/ou-est-quand-observer-le-dar-mlodziezy-en-bord-de-seine-avant-et-apres-son-escale-a-rouen_51424128.html\" target=\"_blank\" rel=\"noopener\">\u00e9tait d\u00e9j\u00e0 venu en guise d\u2019ap\u00e9ritif en 2022<\/a>.\u00a0<\/p>\n<p>Vid\u00e9os : en ce moment sur Actu<br \/>\n    <img   decoding=\"async\" loading=\"lazy\" src=\"https:\/\/www.europesays.com\/fr\/wp-content\/uploads\/2025\/06\/dar-mlodziezy-960x640.jpg\" alt=\"L'organisation de l'Armada aimerait que le navire polonais Dar M\u0142odzie\u017cy vienne \u00e0 Rouen en 2026\" width=\"960\" height=\"640\"\/><br \/>\n    L\u2019organisation de l\u2019Armada aimerait que le navire polonais Dar M\u0142odzie\u017cy vienne \u00e0 Rouen en 2026 (\u00a9Archives\/FM\/76actu)Des objectifs environnementaux<\/p>\n<p class=\" wall-content\">L\u2019organisation de l\u2019Armada a fait ses calculs : l\u2019\u00e9dition 2023 a \u00e9mis au total 23 360 tonnes de CO2, \u00e9missions provenant essentiellement des d\u00e9placements des visiteurs (\u00e0 97 %). \u00ab\u00a0Notre objectif est de faire baisser ces \u00e9missions de 10 %, annonce Jean-Paul Rivi\u00e8re. C\u2019est ambitieux, mais nous allons tout faire pour. Il ne s\u2019agit pas de suivre une mode, c\u2019est une obligation citoyenne. Nous ne sommes pas na\u00effs, <strong>les gens continueront \u00e0 venir en voiture<\/strong>, mais nous avons quelques id\u00e9es \u00e0 creuser.\u00a0\u00bb<\/p>\n<p class=\" wall-content\">Sur la question de l\u2019\u00e9ventuelle gratuit\u00e9 dans les transports en commun \u2014 qui devrait bient\u00f4t \u00eatre <a href=\"https:\/\/actu.fr\/normandie\/rouen_76540\/les-rouennais-paient-ils-plus-chers-leurs-billets-de-train-par-rapport-aux-autres-villes-a-1h30-de-paris_62784859.html\" target=\"_blank\" rel=\"noopener\">\u00e9tendue aux moins de 18 ans<\/a> \u2014, l\u2019\u00e9lu \u00e0 la Ville de Rouen et conseiller m\u00e9tropolitain <strong>Sileymane Sow<\/strong> a comment\u00e9 : \u00ab\u00a0Ce sera forc\u00e9ment une option \u00e0 \u00e9tudier.\u00a0\u00bb<\/p>\n<p>Les retomb\u00e9es en quelques chiffres<\/p>\n<p>Lors de la conf\u00e9rence de presse de jeudi 19 juin, quelques donn\u00e9es sur les retomb\u00e9es \u00e9conomiques de l&rsquo;\u00e9dition 2023 ont \u00e9t\u00e9 donn\u00e9es, \u00e0 l&rsquo;\u00e9chelle de la Seine-Maritime :<br \/>97,5 millions d&rsquo;euros de retomb\u00e9es \u00e9conomiques globales, dont : d\u00e9penses des visiteurs sur le site (63,5 millions) ; h\u00e9bergement (6,7 millions) ; impact sur le commerces, la culture, les arts et spectacles ; 14,8 millions ; impact du budget d&rsquo;exploitation de l&rsquo;Armada (6,9 millions d&rsquo;euros, soutenu \u00e0 40 % par les collectivit\u00e9s locales) ; impact des visiteurs de la Grande parade (5,6 millions).\u00a0<\/p>\n<p>Suivez l\u2019actualit\u00e9 de Rouen sur notre <a href=\"https:\/\/www.whatsapp.com\/channel\/0029VaKfnf99hXF2ddApFB1D\" target=\"_blank\" rel=\"noopener\">cha\u00eene WhatsApp<\/a> et sur notre <a href=\"https:\/\/www.tiktok.com\/@76actu.fr?lang=fr\" target=\"_blank\" rel=\"noopener\">compte TikTok<\/a><\/p>\n<p class=\" wall-content\">Suivez toute l\u2019actualit\u00e9 de vos villes et m\u00e9dias favoris en vous inscrivant \u00e0 <a href=\"https:\/\/moncompte.actu.fr\" title=\"D\u00e9couvez Mon Actu\" rel=\"nofollow noopener\" data-trk=\"{&quot;cta&quot;:{&quot;action&quot;:&quot;https:\\\/\\\/moncompte.actu.fr&quot;,&quot;category&quot;:&quot;mon compte&quot;,&quot;from&quot;:&quot;article footer&quot;,&quot;name&quot;:&quot;Mon actu&quot;,&quot;type&quot;:&quot;cta&quot;}}\" target=\"_blank\">Mon Actu<\/a>.<\/p>\n<p>                    <script async src=\"\/\/www.tiktok.com\/embed.js\"><\/script><\/p>\n","protected":false},"excerpt":{"rendered":"Par Fabien Massin Publi\u00e9 le 19 juin 2025 \u00e0 17h06 La prochaine Armada de Rouen, ce sera du&hellip;\n","protected":false},"author":2,"featured_media":188715,"comment_status":"","ping_status":"","sticky":false,"template":"","format":"standard","meta":{"footnotes":""},"categories":[9587],"tags":[1111,11,22718,1777,674,1011,27,1652,12,5161,25,9590],"class_list":{"0":"post-188714","1":"post","2":"type-post","3":"status-publish","4":"format-standard","5":"has-post-thumbnail","7":"category-rouen","8":"tag-actu","9":"tag-actualites","10":"tag-armada","11":"tag-eu","12":"tag-europe","13":"tag-fr","14":"tag-france","15":"tag-loisirs-culture","16":"tag-news","17":"tag-normandie","18":"tag-republique-francaise","19":"tag-rouen"},"share_on_mastodon":{"url":"https:\/\/pubeurope.com\/@fr\/114710733427499159","error":""},"_links":{"self":[{"href":"https:\/\/www.europesays.com\/fr\/wp-json\/wp\/v2\/posts\/188714","targetHints":{"allow":["GET"]}}],"collection":[{"href":"https:\/\/www.europesays.com\/fr\/wp-json\/wp\/v2\/posts"}],"about":[{"href":"https:\/\/www.europesays.com\/fr\/wp-json\/wp\/v2\/types\/post"}],"author":[{"embeddable":true,"href":"https:\/\/www.europesays.com\/fr\/wp-json\/wp\/v2\/users\/2"}],"replies":[{"embeddable":true,"href":"https:\/\/www.europesays.com\/fr\/wp-json\/wp\/v2\/comments?post=188714"}],"version-history":[{"count":0,"href":"https:\/\/www.europesays.com\/fr\/wp-json\/wp\/v2\/posts\/188714\/revisions"}],"wp:featuredmedia":[{"embeddable":true,"href":"https:\/\/www.europesays.com\/fr\/wp-json\/wp\/v2\/media\/188715"}],"wp:attachment":[{"href":"https:\/\/www.europesays.com\/fr\/wp-json\/wp\/v2\/media?parent=188714"}],"wp:term":[{"taxonomy":"category","embeddable":true,"href":"https:\/\/www.europesays.com\/fr\/wp-json\/wp\/v2\/categories?post=188714"},{"taxonomy":"post_tag","embeddable":true,"href":"https:\/\/www.europesays.com\/fr\/wp-json\/wp\/v2\/tags?post=188714"}],"curies":[{"name":"wp","href":"https:\/\/api.w.org\/{rel}","templated":true}]}}