{"id":188722,"date":"2025-06-19T15:32:09","date_gmt":"2025-06-19T15:32:09","guid":{"rendered":"https:\/\/www.europesays.com\/fr\/188722\/"},"modified":"2025-06-19T15:32:09","modified_gmt":"2025-06-19T15:32:09","slug":"lancien-directeur-sportif-de-rennes-frederic-massara-rebondit-a-las-rome","status":"publish","type":"post","link":"https:\/\/www.europesays.com\/fr\/188722\/","title":{"rendered":"L\u2019ancien directeur sportif de Rennes, Fr\u00e9d\u00e9ric Massara, rebondit \u00e0 l\u2019AS Rome"},"content":{"rendered":"<p>Frederic Massara a trouv\u00e9 un nouveau club. L\u2019ancien directeur sportif du Stade Rennais, d\u00e9barqu\u00e9 en mai, <a href=\"https:\/\/www.asroma.com\/it\/notizie\/73442\/las-roma-annuncia-la-nomina-di-frederic-massara-come-direttore-sportivo\" target=\"_blank\" rel=\"noopener\">a sign\u00e9 \u00e0 l\u2019AS Rome<\/a>. Il s\u2019agit d\u2019un retour au club de la capitale italienne pour Massara, qui y a d\u00e9j\u00e0 \u00e9t\u00e9 directeur sportif entre octobre 2016 et avril 2017 et entre mars et juin 2019.<\/p>\n<p>Frederic Massara \u00e9tait arriv\u00e9 \u00e0 l\u2019\u00e9t\u00e9 2024 au Stade Rennais, mais n\u2019est rest\u00e9 qu\u2019une petite saison, sold\u00e9e par une poussive 12e place pour le club Breton en Ligue 1.<\/p>\n","protected":false},"excerpt":{"rendered":"Frederic Massara a trouv\u00e9 un nouveau club. L\u2019ancien directeur sportif du Stade Rennais, d\u00e9barqu\u00e9 en mai, a sign\u00e9&hellip;\n","protected":false},"author":2,"featured_media":188723,"comment_status":"","ping_status":"","sticky":false,"template":"","format":"standard","meta":{"footnotes":""},"categories":[2821],"tags":[1111,11,829,3166,1777,674,63,1011,27,66,30393,24138,12,584,25,60,3087],"class_list":{"0":"post-188722","1":"post","2":"type-post","3":"status-publish","4":"format-standard","5":"has-post-thumbnail","7":"category-rennes","8":"tag-actu","9":"tag-actualites","10":"tag-bretagne","11":"tag-en-continu-sports","12":"tag-eu","13":"tag-europe","14":"tag-football","15":"tag-fr","16":"tag-france","17":"tag-ligue-1","18":"tag-mercato-pro","19":"tag-mercato-stade-rennais","20":"tag-news","21":"tag-rennes","22":"tag-republique-francaise","23":"tag-sports","24":"tag-stade-rennais"},"share_on_mastodon":{"url":"https:\/\/pubeurope.com\/@fr\/114710757059312846","error":""},"_links":{"self":[{"href":"https:\/\/www.europesays.com\/fr\/wp-json\/wp\/v2\/posts\/188722","targetHints":{"allow":["GET"]}}],"collection":[{"href":"https:\/\/www.europesays.com\/fr\/wp-json\/wp\/v2\/posts"}],"about":[{"href":"https:\/\/www.europesays.com\/fr\/wp-json\/wp\/v2\/types\/post"}],"author":[{"embeddable":true,"href":"https:\/\/www.europesays.com\/fr\/wp-json\/wp\/v2\/users\/2"}],"replies":[{"embeddable":true,"href":"https:\/\/www.europesays.com\/fr\/wp-json\/wp\/v2\/comments?post=188722"}],"version-history":[{"count":0,"href":"https:\/\/www.europesays.com\/fr\/wp-json\/wp\/v2\/posts\/188722\/revisions"}],"wp:featuredmedia":[{"embeddable":true,"href":"https:\/\/www.europesays.com\/fr\/wp-json\/wp\/v2\/media\/188723"}],"wp:attachment":[{"href":"https:\/\/www.europesays.com\/fr\/wp-json\/wp\/v2\/media?parent=188722"}],"wp:term":[{"taxonomy":"category","embeddable":true,"href":"https:\/\/www.europesays.com\/fr\/wp-json\/wp\/v2\/categories?post=188722"},{"taxonomy":"post_tag","embeddable":true,"href":"https:\/\/www.europesays.com\/fr\/wp-json\/wp\/v2\/tags?post=188722"}],"curies":[{"name":"wp","href":"https:\/\/api.w.org\/{rel}","templated":true}]}}