{"id":188726,"date":"2025-06-19T15:34:09","date_gmt":"2025-06-19T15:34:09","guid":{"rendered":"https:\/\/www.europesays.com\/fr\/188726\/"},"modified":"2025-06-19T15:34:09","modified_gmt":"2025-06-19T15:34:09","slug":"on-setait-dit-rendez-vous-dans-20-ans","status":"publish","type":"post","link":"https:\/\/www.europesays.com\/fr\/188726\/","title":{"rendered":"On s&rsquo;\u00e9tait dit rendez-vous dans 20 ans&#8230;"},"content":{"rendered":"<p class=\"chapo\"><strong>Apr\u00e8s des mois d\u2019attente, de souvenirs raviv\u00e9s et d\u2019\u00e9motions \u2026 nous y sommes enfin ! Ce vendredi 20 juin, le Rhenus Sport s\u2019appr\u00eate \u00e0 vibrer une derni\u00e8re fois cette saison pour \u00ab\u00a0LA NUIT DES CHAMPIONS\u00a0\u00bb, un \u00e9v\u00e9nement qui promet d\u2019entrer dans l\u2019histoire du club.<\/strong><\/p>\n<p>Demain soir, les h\u00e9ros de 2005, sacr\u00e9s champions de France, fouleront \u00e0 nouveau le parquet du Rhenus pour affronter une s\u00e9lection de l\u00e9gendes de la SIG Strasbourg.<br \/>Ils se sont d\u00e9j\u00e0 tous retrouv\u00e9s, les sourires, les accolades et l\u2019excitation \u00e9taient au rendez-vous\u2026 et ils sont pr\u00eats \u00e0 vous offrir un grand moment de basket et d\u2019\u00e9motion.<\/p>\n<p class=\"text-align-justify\">\u00a0<\/p>\n<p><strong>LE PROGRAMME DE LA SOIREE\u00a0<\/strong><\/p>\n<ul>\n<li>\n<strong>Ouverture des portes<\/strong> : 18h30\n<\/li>\n<li>\n<strong>D\u00e9but de l\u2019\u00e9v\u00e9nement<\/strong> : 20h00\n<\/li>\n<li>\n<strong>Animations dans les coursives<\/strong> pour toute la famille : photobooth, exposition sur la saison 2005, mur des t\u00e9moignages, musique et bien plus encore pour vous mettre dans l\u2019ambiance avant le coup d\u2019envoi.\n<\/li>\n<\/ul>\n<p>Soyez l\u00e0 t\u00f4t pour profiter pleinement de cette soir\u00e9e exceptionnelle, revoir vos idoles d\u2019hier, croiser les figures embl\u00e9matiques du club, et c\u00e9l\u00e9brer ensemble l\u2019histoire de la SIG Strasbourg.<\/p>\n<p>\u00a0<\/p>\n<p><strong>On vous attend nombreux pour c\u00e9l\u00e9brer ce titre comme il se doit !<\/strong><br \/>\n\u00c0 demain au Rhenus, pour la NUIT DES CHAMPIONS !\u00a0<\/p>\n<p class=\"text-align-center\">\u00a0<\/p>\n","protected":false},"excerpt":{"rendered":"Apr\u00e8s des mois d\u2019attente, de souvenirs raviv\u00e9s et d\u2019\u00e9motions \u2026 nous y sommes enfin ! Ce vendredi 20&hellip;\n","protected":false},"author":2,"featured_media":188727,"comment_status":"","ping_status":"","sticky":false,"template":"","format":"standard","meta":{"footnotes":""},"categories":[2820],"tags":[1111,11,3146,1777,674,1011,27,775,3145,12,25,3144,640],"class_list":{"0":"post-188726","1":"post","2":"type-post","3":"status-publish","4":"format-standard","5":"has-post-thumbnail","7":"category-strasbourg","8":"tag-actu","9":"tag-actualites","10":"tag-betclic-elite","11":"tag-eu","12":"tag-europe","13":"tag-fr","14":"tag-france","15":"tag-grand-est","16":"tag-lnb","17":"tag-news","18":"tag-republique-francaise","19":"tag-sig","20":"tag-strasbourg"},"share_on_mastodon":{"url":"https:\/\/pubeurope.com\/@fr\/114710764947425986","error":""},"_links":{"self":[{"href":"https:\/\/www.europesays.com\/fr\/wp-json\/wp\/v2\/posts\/188726","targetHints":{"allow":["GET"]}}],"collection":[{"href":"https:\/\/www.europesays.com\/fr\/wp-json\/wp\/v2\/posts"}],"about":[{"href":"https:\/\/www.europesays.com\/fr\/wp-json\/wp\/v2\/types\/post"}],"author":[{"embeddable":true,"href":"https:\/\/www.europesays.com\/fr\/wp-json\/wp\/v2\/users\/2"}],"replies":[{"embeddable":true,"href":"https:\/\/www.europesays.com\/fr\/wp-json\/wp\/v2\/comments?post=188726"}],"version-history":[{"count":0,"href":"https:\/\/www.europesays.com\/fr\/wp-json\/wp\/v2\/posts\/188726\/revisions"}],"wp:featuredmedia":[{"embeddable":true,"href":"https:\/\/www.europesays.com\/fr\/wp-json\/wp\/v2\/media\/188727"}],"wp:attachment":[{"href":"https:\/\/www.europesays.com\/fr\/wp-json\/wp\/v2\/media?parent=188726"}],"wp:term":[{"taxonomy":"category","embeddable":true,"href":"https:\/\/www.europesays.com\/fr\/wp-json\/wp\/v2\/categories?post=188726"},{"taxonomy":"post_tag","embeddable":true,"href":"https:\/\/www.europesays.com\/fr\/wp-json\/wp\/v2\/tags?post=188726"}],"curies":[{"name":"wp","href":"https:\/\/api.w.org\/{rel}","templated":true}]}}