{"id":188728,"date":"2025-06-19T15:35:09","date_gmt":"2025-06-19T15:35:09","guid":{"rendered":"https:\/\/www.europesays.com\/fr\/188728\/"},"modified":"2025-06-19T15:35:09","modified_gmt":"2025-06-19T15:35:09","slug":"alerte-pollution-activee-a-nice-et-dans-les-alpes-maritimes-ce-qui-va-changer","status":"publish","type":"post","link":"https:\/\/www.europesays.com\/fr\/188728\/","title":{"rendered":"Alerte pollution activ\u00e9e \u00e0 Nice et dans les Alpes-Maritimes : ce qui va changer"},"content":{"rendered":"<p>            Par<br \/>\n        <strong><br \/>\n            <a href=\"https:\/\/actu.fr\/auteur\/ugo-maillard\" title=\"Consulter tous les articles de Ugo Maillard\" target=\"_blank\" rel=\"noopener\">Ugo Maillard<\/a><br \/>\n        <\/strong><\/p>\n<p>        Publi\u00e9 le<\/p>\n<p>            19 juin 2025 \u00e0 17h01        <\/p>\n<p>Un \u00e9pisode de pollution atmosph\u00e9rique est en cours dans les <a href=\"https:\/\/actu.fr\/provence-alpes-cote-d-azur\/alpes-maritimes_06\" target=\"_blank\" rel=\"noopener\">Alpes-Maritimes<\/a> et dans plusieurs d\u00e9partements de la r\u00e9gion Provence-Alpes-C\u00f4te-d\u2019Azur.<\/p>\n<p class=\" wall-content\">Selon les relev\u00e9s effectu\u00e9s en cet apr\u00e8s-midi du jeudi 19\u00a0juin 2025, une <strong>concentration en ozone<\/strong> d\u00e9grade la qualit\u00e9 de l\u2019air, notamment en raison des temp\u00e9ratures \u00e9lev\u00e9es et un bon ensoleillement.<\/p>\n<p class=\" wall-content\">La pr\u00e9fecture des Alpes-Maritimes a d\u00e9cid\u00e9 d\u2019activer la proc\u00e9dure d\u2019alerte de niveau 1, a appris <a href=\"https:\/\/actu.fr\/nice\/\" target=\"_blank\" rel=\"noopener\">actu Nice<\/a>. Voici les recommandations \u00e0 suivre.<\/p>\n<p>De nombreux gestes \u00e0 suivre<\/p>\n<p class=\" wall-content\">Ce vendredi 20\u00a0juin, le seuil \u00e9tant d\u00e9pass\u00e9, les autorit\u00e9s ont activ\u00e9 l\u2019alerte niveau 1, dans les Alpes-Maritimes, le Vaucluse et les <a href=\"https:\/\/actu.fr\/provence-alpes-cote-d-azur\/bouches-du-rhone_13\" target=\"_blank\" rel=\"noopener\">Bouches-du-Rh\u00f4ne<\/a>.<\/p>\n<p class=\" wall-content\">De mani\u00e8re g\u00e9n\u00e9rale, il est recommand\u00e9 de r\u00e9duire les activit\u00e9s physiques et sportives intenses, \u00eatre vigilants vis-\u00e0-vis des personnes vuln\u00e9rables ou sensibles et continuer d\u2019a\u00e9rer les locaux au moins 10\u00a0minutes par jour.<\/p>\n<p>Vid\u00e9os : en ce moment sur Actu<\/p>\n<p class=\" wall-content\">Voici les <strong>mesures effectives<\/strong>\u2009:<\/p>\n<ul class=\" wall-content\">\n<li>Abaissement de 20\u00a0km\/h des vitesses maximales autoris\u00e9es sans toutefois descendre en dessous de 70\u00a0km\/h<\/li>\n<li>Respecter les interdictions des br\u00fblages \u00e0 l\u2019air libre<\/li>\n<li>Reporter les \u00e9pandages agricoles de fertilisants ainsi que les travaux de sol<\/li>\n<li>Raccorder \u00e9lectriquement \u00e0 quai les navires de mer et les bateaux fluviaux en substitution \u00e0 la production \u00e9lectrique de bord par les groupes embarqu\u00e9s, dans la limite des installations disponibles<\/li>\n<\/ul>\n<p class=\" wall-content\">Toutes les recommandations sont \u00e0 retrouver sur le site d\u2019<a href=\"https:\/\/bilan.atmosud.org\/\" target=\"_blank\" rel=\"noopener\">Atmo<\/a>.<\/p>\n<p class=\" wall-content\">Suivez toute l\u2019actualit\u00e9 de vos villes et m\u00e9dias favoris en vous inscrivant \u00e0 <a href=\"https:\/\/moncompte.actu.fr\" title=\"D\u00e9couvez Mon Actu\" rel=\"nofollow noopener\" data-trk=\"{&quot;cta&quot;:{&quot;action&quot;:&quot;https:\\\/\\\/moncompte.actu.fr&quot;,&quot;category&quot;:&quot;mon compte&quot;,&quot;from&quot;:&quot;article footer&quot;,&quot;name&quot;:&quot;Mon actu&quot;,&quot;type&quot;:&quot;cta&quot;}}\" target=\"_blank\">Mon Actu<\/a>.<\/p>\n","protected":false},"excerpt":{"rendered":"Par Ugo Maillard Publi\u00e9 le 19 juin 2025 \u00e0 17h01 Un \u00e9pisode de pollution atmosph\u00e9rique est en cours&hellip;\n","protected":false},"author":2,"featured_media":28441,"comment_status":"","ping_status":"","sticky":false,"template":"","format":"standard","meta":{"footnotes":""},"categories":[2819],"tags":[1111,11,1777,674,1011,27,12,2401,1800,882,25,71,104],"class_list":{"0":"post-188728","1":"post","2":"type-post","3":"status-publish","4":"format-standard","5":"has-post-thumbnail","7":"category-nice","8":"tag-actu","9":"tag-actualites","10":"tag-eu","11":"tag-europe","12":"tag-fr","13":"tag-france","14":"tag-news","15":"tag-nice","16":"tag-pollution","17":"tag-provence-alpes-cote-dazur","18":"tag-republique-francaise","19":"tag-sante","20":"tag-societe"},"share_on_mastodon":{"url":"https:\/\/pubeurope.com\/@fr\/114710768965443841","error":""},"_links":{"self":[{"href":"https:\/\/www.europesays.com\/fr\/wp-json\/wp\/v2\/posts\/188728","targetHints":{"allow":["GET"]}}],"collection":[{"href":"https:\/\/www.europesays.com\/fr\/wp-json\/wp\/v2\/posts"}],"about":[{"href":"https:\/\/www.europesays.com\/fr\/wp-json\/wp\/v2\/types\/post"}],"author":[{"embeddable":true,"href":"https:\/\/www.europesays.com\/fr\/wp-json\/wp\/v2\/users\/2"}],"replies":[{"embeddable":true,"href":"https:\/\/www.europesays.com\/fr\/wp-json\/wp\/v2\/comments?post=188728"}],"version-history":[{"count":0,"href":"https:\/\/www.europesays.com\/fr\/wp-json\/wp\/v2\/posts\/188728\/revisions"}],"wp:featuredmedia":[{"embeddable":true,"href":"https:\/\/www.europesays.com\/fr\/wp-json\/wp\/v2\/media\/28441"}],"wp:attachment":[{"href":"https:\/\/www.europesays.com\/fr\/wp-json\/wp\/v2\/media?parent=188728"}],"wp:term":[{"taxonomy":"category","embeddable":true,"href":"https:\/\/www.europesays.com\/fr\/wp-json\/wp\/v2\/categories?post=188728"},{"taxonomy":"post_tag","embeddable":true,"href":"https:\/\/www.europesays.com\/fr\/wp-json\/wp\/v2\/tags?post=188728"}],"curies":[{"name":"wp","href":"https:\/\/api.w.org\/{rel}","templated":true}]}}