{"id":188743,"date":"2025-06-19T15:43:11","date_gmt":"2025-06-19T15:43:11","guid":{"rendered":"https:\/\/www.europesays.com\/fr\/188743\/"},"modified":"2025-06-19T15:43:11","modified_gmt":"2025-06-19T15:43:11","slug":"belgique-danses-medievales-et-grande-procession-gratuites-au-coeur-de-ce-chateau-a-30-minutes-de-lille","status":"publish","type":"post","link":"https:\/\/www.europesays.com\/fr\/188743\/","title":{"rendered":"Belgique. Danses m\u00e9di\u00e9vales et grande procession gratuites au c\u0153ur de ce ch\u00e2teau \u00e0 30 minutes de Lille"},"content":{"rendered":"<p>            Par<br \/>\n        <strong><br \/>\n            <a href=\"https:\/\/actu.fr\/auteur\/nicolas-demollien\" title=\"Consulter tous les articles de Nicolas Demollien\" target=\"_blank\" rel=\"noopener\">Nicolas Demollien<\/a><br \/>\n        <\/strong><\/p>\n<p>        Publi\u00e9 le<\/p>\n<p>            19 juin 2025 \u00e0 17h36        <\/p>\n<p>Voil\u00e0 qui promet un tr\u00e8s joli moment ce samedi 21 juin 2025. En <a href=\"https:\/\/actu.fr\/tag\/belgique\" target=\"_blank\" rel=\"noopener\">Belgique<\/a>, \u00e0 environ <b>30 minutes<\/b> de <a href=\"https:\/\/actu.fr\/hauts-de-france\/lille_59350\" target=\"_blank\" rel=\"noopener\">Lille<\/a> (Nord), une <b>c\u00e9l\u00e9bration des feux de la Saint-Jean<\/b> est organis\u00e9e en <b>plein c\u0153ur des ruines d\u2019un ch\u00e2teau<\/b> avec notamment une <b>grande procession<\/b> et des <b>danses m\u00e9di\u00e9vales<\/b>. Le tout <b>gratuitement<\/b> !<\/p>\n<p>Procession aux flambeaux dans un ch\u00e2teau \u00e0 30 minutes de Lille<\/p>\n<p class=\" wall-content\">Pour en profiter, c\u2019est au <b>ch\u00e2teau de la Roy\u00e8re<\/b> qu\u2019il faudra vous rendre. Si vous ne connaissez pas le lieu, il se trouve \u00e0 <b>Estaimpuis<\/b>, rue de la Roy\u00e8re, tout pr\u00e8s de la fronti\u00e8re.<\/p>\n<p class=\" wall-content\">Ce samedi, au c\u0153ur des ruines du ch\u00e2teau <b>\u00e0 partir de 19h<\/b>, vous profiterez de nombreuses animations :\u00a0<\/p>\n<ul class=\" wall-content\">\n<li>Procession aux flambeaux (flambeaux en vente sur place au prix de 3 \u20ac),<\/li>\n<li>Embrasement du grand feu de la Saint-Jean,<\/li>\n<li>Visites guid\u00e9es du site,<\/li>\n<li>Musiques et danses m\u00e9di\u00e9vales.<\/li>\n<\/ul>\n<p class=\" wall-content\">\u00ab\u00a0Un<b> bar sera pr\u00e9sent<\/b> pour se d\u00e9salt\u00e9rer. Pour le repas, il faut <b>pr\u00e9voir un pique-nique<\/b>\u00ab\u00a0, commentent les organisateurs.<\/p>\n<p>Vid\u00e9os : en ce moment sur Actu<\/p>\n<p class=\" wall-content\">De quoi passer un excellent moment, d\u2019autant que l\u2019entr\u00e9e sur place est gratuite.<\/p>\n<p class=\" wall-content\">Dans un isolement total, les ruines en pierre grise de ce ch\u00e2teau fort offrent une v\u00e9ritable plong\u00e9e dans l\u2019histoire, avec en arri\u00e8re-plan le Mont Saint Aubert. Il avait \u00e9t\u00e9 b\u00e2ti par le roi de France Philippe le Bel, pour surveiller les Flamands apr\u00e8s la Bataille de Mons-en-P\u00e9v\u00e8le (1304).<\/p>\n<p class=\" wall-content\">Suivez toute l\u2019actualit\u00e9 de vos villes et m\u00e9dias favoris en vous inscrivant \u00e0 <a href=\"https:\/\/moncompte.actu.fr\" title=\"D\u00e9couvez Mon Actu\" rel=\"nofollow noopener\" data-trk=\"{&quot;cta&quot;:{&quot;action&quot;:&quot;https:\\\/\\\/moncompte.actu.fr&quot;,&quot;category&quot;:&quot;mon compte&quot;,&quot;from&quot;:&quot;article footer&quot;,&quot;name&quot;:&quot;Mon actu&quot;,&quot;type&quot;:&quot;cta&quot;}}\" target=\"_blank\">Mon Actu<\/a>.<\/p>\n<ul class=\"ac-article-tag wall-content\">\n<li><a href=\"https:\/\/actu.fr\/tag\/bon-plan-a-lille\" data-trk=\"{&quot;cta&quot;:{&quot;action&quot;:&quot;Bon plan \\u00e0 Lille&quot;,&quot;category&quot;:&quot;tag&quot;,&quot;from&quot;:&quot;article footer&quot;,&quot;name&quot;:&quot;Bon plan \\u00e0 Lille&quot;,&quot;type&quot;:&quot;cta&quot;}}\" target=\"_blank\" rel=\"noopener\">#Bon plan \u00e0 Lille<\/a><\/li>\n<li><a href=\"https:\/\/actu.fr\/tag\/patrimoine\" data-trk=\"{&quot;cta&quot;:{&quot;action&quot;:&quot;Patrimoine&quot;,&quot;category&quot;:&quot;tag&quot;,&quot;from&quot;:&quot;article footer&quot;,&quot;name&quot;:&quot;Patrimoine&quot;,&quot;type&quot;:&quot;cta&quot;}}\" target=\"_blank\" rel=\"noopener\">#Patrimoine<\/a><\/li>\n<\/ul>\n","protected":false},"excerpt":{"rendered":"Par Nicolas Demollien Publi\u00e9 le 19 juin 2025 \u00e0 17h36 Voil\u00e0 qui promet un tr\u00e8s joli moment ce&hellip;\n","protected":false},"author":2,"featured_media":188744,"comment_status":"","ping_status":"","sticky":false,"template":"","format":"standard","meta":{"footnotes":""},"categories":[2815],"tags":[1111,11,6557,1777,674,1011,27,811,1307,1652,12,2551,25],"class_list":{"0":"post-188743","1":"post","2":"type-post","3":"status-publish","4":"format-standard","5":"has-post-thumbnail","7":"category-lille","8":"tag-actu","9":"tag-actualites","10":"tag-bon-plan-a-lille","11":"tag-eu","12":"tag-europe","13":"tag-fr","14":"tag-france","15":"tag-hauts-de-france","16":"tag-lille","17":"tag-loisirs-culture","18":"tag-news","19":"tag-patrimoine","20":"tag-republique-francaise"},"share_on_mastodon":{"url":"https:\/\/pubeurope.com\/@fr\/114710800455217257","error":""},"_links":{"self":[{"href":"https:\/\/www.europesays.com\/fr\/wp-json\/wp\/v2\/posts\/188743","targetHints":{"allow":["GET"]}}],"collection":[{"href":"https:\/\/www.europesays.com\/fr\/wp-json\/wp\/v2\/posts"}],"about":[{"href":"https:\/\/www.europesays.com\/fr\/wp-json\/wp\/v2\/types\/post"}],"author":[{"embeddable":true,"href":"https:\/\/www.europesays.com\/fr\/wp-json\/wp\/v2\/users\/2"}],"replies":[{"embeddable":true,"href":"https:\/\/www.europesays.com\/fr\/wp-json\/wp\/v2\/comments?post=188743"}],"version-history":[{"count":0,"href":"https:\/\/www.europesays.com\/fr\/wp-json\/wp\/v2\/posts\/188743\/revisions"}],"wp:featuredmedia":[{"embeddable":true,"href":"https:\/\/www.europesays.com\/fr\/wp-json\/wp\/v2\/media\/188744"}],"wp:attachment":[{"href":"https:\/\/www.europesays.com\/fr\/wp-json\/wp\/v2\/media?parent=188743"}],"wp:term":[{"taxonomy":"category","embeddable":true,"href":"https:\/\/www.europesays.com\/fr\/wp-json\/wp\/v2\/categories?post=188743"},{"taxonomy":"post_tag","embeddable":true,"href":"https:\/\/www.europesays.com\/fr\/wp-json\/wp\/v2\/tags?post=188743"}],"curies":[{"name":"wp","href":"https:\/\/api.w.org\/{rel}","templated":true}]}}