{"id":188747,"date":"2025-06-19T15:45:10","date_gmt":"2025-06-19T15:45:10","guid":{"rendered":"https:\/\/www.europesays.com\/fr\/188747\/"},"modified":"2025-06-19T15:45:10","modified_gmt":"2025-06-19T15:45:10","slug":"la-fete-des-ecoles-fait-son-grand-retour-ce-samedi-21-juin","status":"publish","type":"post","link":"https:\/\/www.europesays.com\/fr\/188747\/","title":{"rendered":"la f\u00eate des \u00e9coles fait son grand retour ce samedi 21 juin"},"content":{"rendered":"<p>Elle fait vibrer le c\u0153ur des \u00e9coliers et rassemble les familles. Pour c\u00e9l\u00e9brer la fin de l\u2019ann\u00e9e, la f\u00eate des \u00e9coles revient pour sa toute nouvelle \u00e9dition apr\u00e8s six ans d\u2019absence. \u00ab\u00a0Cette f\u00eate est historique. C\u2019est un \u00e9v\u00e9nement gratuit et ouvert \u00e0 tous qui s\u2019inscrit dans la politique culturelle du Printemps marseillais\u00a0\u00bb, affirme Pierre Huguet, adjoint au maire en charge de l\u2019\u00e9ducation et <a href=\"https:\/\/www.laprovence.com\/article\/politique\/2551903167794615\/au-printemps-marseillais-joel-canicave-passe-la-main-a-pierre-huguet\" target=\"_blank\" rel=\"noopener\">pr\u00e9sident du groupe Printemps marseillais, depuis janvier dernier.<\/a><\/p>\n","protected":false},"excerpt":{"rendered":"Elle fait vibrer le c\u0153ur des \u00e9coliers et rassemble les familles. Pour c\u00e9l\u00e9brer la fin de l\u2019ann\u00e9e, la&hellip;\n","protected":false},"author":2,"featured_media":188748,"comment_status":"","ping_status":"","sticky":false,"template":"","format":"standard","meta":{"footnotes":""},"categories":[2814],"tags":[17,1111,11,154,4019,1777,674,21,4768,1011,27,2515,884,12,882,16,25,3711],"class_list":{"0":"post-188747","1":"post","2":"type-post","3":"status-publish","4":"format-standard","5":"has-post-thumbnail","7":"category-marseille","8":"tag-17","9":"tag-actu","10":"tag-actualites","11":"tag-des","12":"tag-ecoles","13":"tag-eu","14":"tag-europe","15":"tag-fait","16":"tag-fete","17":"tag-fr","18":"tag-france","19":"tag-grand","20":"tag-marseille","21":"tag-news","22":"tag-provence-alpes-cote-dazur","23":"tag-region","24":"tag-republique-francaise","25":"tag-son"},"share_on_mastodon":{"url":"https:\/\/pubeurope.com\/@fr\/114710808093954312","error":""},"_links":{"self":[{"href":"https:\/\/www.europesays.com\/fr\/wp-json\/wp\/v2\/posts\/188747","targetHints":{"allow":["GET"]}}],"collection":[{"href":"https:\/\/www.europesays.com\/fr\/wp-json\/wp\/v2\/posts"}],"about":[{"href":"https:\/\/www.europesays.com\/fr\/wp-json\/wp\/v2\/types\/post"}],"author":[{"embeddable":true,"href":"https:\/\/www.europesays.com\/fr\/wp-json\/wp\/v2\/users\/2"}],"replies":[{"embeddable":true,"href":"https:\/\/www.europesays.com\/fr\/wp-json\/wp\/v2\/comments?post=188747"}],"version-history":[{"count":0,"href":"https:\/\/www.europesays.com\/fr\/wp-json\/wp\/v2\/posts\/188747\/revisions"}],"wp:featuredmedia":[{"embeddable":true,"href":"https:\/\/www.europesays.com\/fr\/wp-json\/wp\/v2\/media\/188748"}],"wp:attachment":[{"href":"https:\/\/www.europesays.com\/fr\/wp-json\/wp\/v2\/media?parent=188747"}],"wp:term":[{"taxonomy":"category","embeddable":true,"href":"https:\/\/www.europesays.com\/fr\/wp-json\/wp\/v2\/categories?post=188747"},{"taxonomy":"post_tag","embeddable":true,"href":"https:\/\/www.europesays.com\/fr\/wp-json\/wp\/v2\/tags?post=188747"}],"curies":[{"name":"wp","href":"https:\/\/api.w.org\/{rel}","templated":true}]}}