{"id":188749,"date":"2025-06-19T15:46:09","date_gmt":"2025-06-19T15:46:09","guid":{"rendered":"https:\/\/www.europesays.com\/fr\/188749\/"},"modified":"2025-06-19T15:46:09","modified_gmt":"2025-06-19T15:46:09","slug":"le-nouveau-maillot-de-lom-avec-une-croix-dans-le-viseur-des-influenceurs-islamistes-selon-le-depute-rn-franck-allisio","status":"publish","type":"post","link":"https:\/\/www.europesays.com\/fr\/188749\/","title":{"rendered":"Le nouveau maillot de l\u2019OM avec une croix dans le viseur \u00abdes influenceurs islamistes\u00bb, selon le d\u00e9put\u00e9 RN Franck Allisio"},"content":{"rendered":"<p>Candidat officiellement d\u00e9clar\u00e9 \u00e0 la mairie de Marseille en 2026, le d\u00e9put\u00e9 RN, s\u2019est exprim\u00e9 ce jeudi matin sur le plateau de CNews.<\/p>\n<p class=\"fig-paragraph\">Venu ce jeudi matin sur le plateau de CNews,<a href=\"http:\/\/www.lefigaro.fr\/marseille\/marseille-franck-allisio-officiellement-candidat-aux-municipales-pour-le-rn-20250618\" data-fig-type=\"NewsFlash\" data-gtm-custom-categorie=\"navigation\" data-gtm-custom-action=\"crossclick\" data-gtm-custom-label=\"Contextuel\" data-gtm-event=\"customEventSPE\" data-fig-domain=\"LEFIGARO\" target=\"_blank\" rel=\"noopener\">\u00a0apr\u00e8s avoir annonc\u00e9 la veille sa candidature pour les prochaines municipales \u00e0 Marseille<\/a>, le d\u00e9put\u00e9 RN des Bouches-du-Rh\u00f4ne\u00a0<a href=\"http:\/\/www.lefigaro.fr\/marseille\/marseille-une-enquete-visant-le-depute-rn-franck-allisio-ouverte-pour-detournement-de-biens-publics-20250509\" data-fig-type=\"NewsFlash\" data-gtm-custom-categorie=\"navigation\" data-gtm-custom-action=\"crossclick\" data-gtm-custom-label=\"Contextuel\" data-gtm-event=\"customEventSPE\" data-fig-domain=\"LEFIGARO\" target=\"_blank\" rel=\"noopener\">Franck Allisio<\/a>\u00a0affirme que \u00abdepuis hier (mercredi), il y a des influenceurs islamistes sur les r\u00e9seaux sociaux qui expliquent que, comme il y a une croix sur le tout nouveau maillot de l\u2019OM sorti il y a deux jours, il faudrait qu\u2019aucun musulman ne le mette parce que c\u2019est une provocation.\u00bb \u00abJe trouve \u00e7a hallucinant\u00bb, poursuit le parlementaire.<\/p>\n<p>Symbole de Marseille<\/p>\n<p class=\"fig-paragraph\">\u00abDes influenceurs islamistes veulent qu\u2019on retire la croix de Marseille sur le nouveau maillot de l\u2019OM , a-t-il \u00e9galement \u00e9crit sur ses r\u00e9seaux sociaux. C\u2019est quoi la prochaine \u00e9tape\u00a0? Voiler la\u00a0<a href=\"http:\/\/www.lefigaro.fr\/marseille\/elle-sera-plus-belle-que-jamais-les-travaux-de-restauration-de-la-bonne-mere-officiellement-lances-20250325\" data-fig-type=\"NewsFlash\" data-gtm-custom-categorie=\"navigation\" data-gtm-custom-action=\"crossclick\" data-gtm-custom-label=\"Contextuel\" data-gtm-event=\"customEventSPE\" data-fig-domain=\"LEFIGARO\" target=\"_blank\" rel=\"noopener\">Bonne M\u00e8re<\/a> \u00a0?\u00bb \u00c0 leur tour, l\u2019ancien eurod\u00e9put\u00e9 Gilbert Collard et l\u2019ancien porte-parole de G\u00e9n\u00e9ration identitaire Damien Rieu se sont \u00e9mus sur les r\u00e9seaux sociaux. \u00abUne croix subliminale sur le nouveau maillot de l\u2019OM provoque la pol\u00e9mique chez certains supporters\u2026 Qui l\u2019e\u00fbt cru\u00a0!\u00bb, s\u2019\u00e9trangle le premier.<\/p>\n<p class=\"fig-paragraph\">\u00abUne croix sur le nouveau maillot de l\u2019OM provoque la pol\u00e9mique chez les supporters musulmans\u00bb, lance le second, relayant le tweet d\u2019un utilisateur de X, suivi par 1350 personnes et non certifi\u00e9, mentionnant, \u00e0 propos de ce maillot\u00a0: \u00abAllez hop, les Muslims (sic) vous ne pouvez pas le porter\u00bb.\u00a0<\/p>\n<p class=\"fig-paragraph\">La croix bleue et blanche, dite aussi croix d\u2019azur, est l\u2019embl\u00e8me de la cit\u00e9 phoc\u00e9enne et le blason de la ville, pr\u00e9sente notamment sur la fa\u00e7ade de l\u2019h\u00f4tel de ville. Ce symbole avait d\u00e9j\u00e0 \u00e9t\u00e9 utilis\u00e9 \u00e0 plusieurs reprises dans le pass\u00e9 par l\u2019OM sur le maillot des joueurs, notamment lors d\u2019une \u00e9dition sp\u00e9ciale pour les 120 ans du club, en 2019. Contact\u00e9, l\u2019Olympique de Marseille a indiqu\u00e9 qu\u2019il ne souhaitait pas faire de commentaires sur le sujet.<\/p>\n<p>    Le nouveau maillot ext\u00e9rieur de l\u2019Olympique de Marseille<br \/>\n                Boutique officielle de l\u2019OM<\/p>\n","protected":false},"excerpt":{"rendered":"Candidat officiellement d\u00e9clar\u00e9 \u00e0 la mairie de Marseille en 2026, le d\u00e9put\u00e9 RN, s\u2019est exprim\u00e9 ce jeudi matin&hellip;\n","protected":false},"author":2,"featured_media":188750,"comment_status":"","ping_status":"","sticky":false,"template":"","format":"standard","meta":{"footnotes":""},"categories":[2814],"tags":[1111,11,885,1182,1180,1181,1777,674,1011,27,1184,1185,884,12,1177,1176,149,1186,882,25,2848,1178,1183,1179],"class_list":{"0":"post-188749","1":"post","2":"type-post","3":"status-publish","4":"format-standard","5":"has-post-thumbnail","7":"category-marseille","8":"tag-actu","9":"tag-actualites","10":"tag-bouches-du-rhone","11":"tag-calanques","12":"tag-canebiere","13":"tag-cite-phoceenne","14":"tag-eu","15":"tag-europe","16":"tag-fr","17":"tag-france","18":"tag-la-timone","19":"tag-les-baumettes-mediterranee","20":"tag-marseille","21":"tag-news","22":"tag-notre-dame-de-la-garde","23":"tag-olympique-de-marseille","24":"tag-om","25":"tag-provence","26":"tag-provence-alpes-cote-dazur","27":"tag-republique-francaise","28":"tag-rn","29":"tag-saint-charles","30":"tag-sormiou","31":"tag-vieux-port"},"share_on_mastodon":{"url":"https:\/\/pubeurope.com\/@fr\/114710812031938614","error":""},"_links":{"self":[{"href":"https:\/\/www.europesays.com\/fr\/wp-json\/wp\/v2\/posts\/188749","targetHints":{"allow":["GET"]}}],"collection":[{"href":"https:\/\/www.europesays.com\/fr\/wp-json\/wp\/v2\/posts"}],"about":[{"href":"https:\/\/www.europesays.com\/fr\/wp-json\/wp\/v2\/types\/post"}],"author":[{"embeddable":true,"href":"https:\/\/www.europesays.com\/fr\/wp-json\/wp\/v2\/users\/2"}],"replies":[{"embeddable":true,"href":"https:\/\/www.europesays.com\/fr\/wp-json\/wp\/v2\/comments?post=188749"}],"version-history":[{"count":0,"href":"https:\/\/www.europesays.com\/fr\/wp-json\/wp\/v2\/posts\/188749\/revisions"}],"wp:featuredmedia":[{"embeddable":true,"href":"https:\/\/www.europesays.com\/fr\/wp-json\/wp\/v2\/media\/188750"}],"wp:attachment":[{"href":"https:\/\/www.europesays.com\/fr\/wp-json\/wp\/v2\/media?parent=188749"}],"wp:term":[{"taxonomy":"category","embeddable":true,"href":"https:\/\/www.europesays.com\/fr\/wp-json\/wp\/v2\/categories?post=188749"},{"taxonomy":"post_tag","embeddable":true,"href":"https:\/\/www.europesays.com\/fr\/wp-json\/wp\/v2\/tags?post=188749"}],"curies":[{"name":"wp","href":"https:\/\/api.w.org\/{rel}","templated":true}]}}